{"id":16854,"date":"2016-07-10T15:33:16","date_gmt":"2016-07-10T20:33:16","guid":{"rendered":"http:\/\/laredsocial-noticias.com\/wp\/?p=16854"},"modified":"2016-07-10T14:48:53","modified_gmt":"2016-07-10T19:48:53","slug":"propone-prd-alianza-de-izquierdas-para-el-edomex","status":"publish","type":"post","link":"https:\/\/laredsocial-noticias.com\/wp\/propone-prd-alianza-de-izquierdas-para-el-edomex\/","title":{"rendered":"Propone PRD alianza de &#8216;izquierdas&#8217; para el Edomex"},"content":{"rendered":"<p><strong>CIUDAD DE M\u00c9XICO, 10 de julio, (CDMX MAGAC\u00cdN \/ MENSAJE POL\u00cdTICO).\u2014<\/strong>El\u00a0secretario de Acci\u00f3n Pol\u00edtica Estrat\u00e9gica del CEN del PRD, Alejandro S\u00e1nchez Camacho, se pronunci\u00f3 a favor de una coalici\u00f3n electoral de todas las fuerzas pol\u00edticas de izquierda en el Estado de M\u00e9xico para contender por la gubernatura.<\/p>\n<p>En un comunicado, exhort\u00f3 al Movimiento Regeneraci\u00f3n Nacional (Morena) a considerar en su pol\u00edtica de alianzas esta posibilidad, porque \u201cning\u00fan partido, por si s\u00f3lo, podr\u00e1 ganar los comicios del pr\u00f3ximo a\u00f1o en esa entidad\u201d.<\/p>\n<p>&nbsp;<\/p>\n<p>El Estado de M\u00e9xico es el segundo lugar de importancia pol\u00edtica en el pa\u00eds, y \u201cning\u00fan sentimiento de rencor o reproche debe ser obst\u00e1culo para unir la fuerza del PRD, Morena, PT y Movimiento Ciudadano\u201d, apunt\u00f3 S\u00e1nchez Camacho.<\/p>\n<p>&nbsp;<\/p>\n<p>Se\u00f1al\u00f3 que de haber ido en coalici\u00f3n en los pasados comicios en Zacatecas, Oaxaca y Tlaxcala, proceso en el que el PRD ha solicitado la anulaci\u00f3n de la elecci\u00f3n, ser\u00eda otra la historia.<\/p>\n<p>&nbsp;<\/p>\n<p>Conf\u00edo en que una vez pasado el proceso de elecci\u00f3n del nuevo dirigente nacional del PRD se establezcan mesas de trabajo con los partidos de izquierda de la entidad mexiquense, a fin de alcanzar acuerdos para contender unidos en las elecciones del pr\u00f3ximo a\u00f1o.<\/p>\n<p>&nbsp;<\/p>\n<p>Respecto de la elecci\u00f3n interna del sustituto de Agust\u00edn Basave en la presidencia del partido, asegur\u00f3 que existe responsabilidad por parte de las distintas expresiones pol\u00edticas para mantener al PRD vigente y \u201cevitar un choque de trenes\u201d, que le impedir\u00eda llegar en las mejores condiciones al proceso electoral que se avecina.<\/p>\n<p>&nbsp;<\/p>\n<p>Coment\u00f3 que el receso de 15 d\u00edas que se decret\u00f3 para elegir al nuevo presidente nacional perredista es una oportunidad para construir el acuerdo que necesita el partido y llegar unidos y con la mejor propuesta al Consejo Nacional el pr\u00f3ximo s\u00e1bado.<\/p>\n<p>&nbsp;<\/p>\n<p>S\u00e1nchez Camacho indic\u00f3 que en este proceso de sustituci\u00f3n no se ha descartado la posibilidad de una cuarta v\u00eda.<\/p>\n<p>&nbsp;<\/p>\n<p>\u201cPor el momento nadie ha bajado sus propuestas, pero tampoco ninguna ha hecho consenso; no se descartado una cuarta v\u00eda, pero tampoco se ha aceptado; esperemos que se construya en todo caso una negociaci\u00f3n integral, lo importante es que hay la voluntad pol\u00edtica de los liderazgos de todas las expresiones al interior del partido\u201d, dijo.<\/p>\n<p>&nbsp;<\/p>\n<p>El secretario de Acci\u00f3n Pol\u00edtica Estrat\u00e9gica del CEN del PRD reiter\u00f3 su confianza de que se alcance un acuerdo en los pr\u00f3ximos d\u00edas para la renovaci\u00f3n del dirigente nacional.<\/p>\n<p>&nbsp;<\/p>\n<p>Anticip\u00f3 que ninguna de las corrientes alcanza por s\u00ed sola las dos terceras partes que se requieren para nombrar un presidente nacional interino, por tanto \u201cdebemos ponernos de acuerdo para nombrar por consenso al dirigente sustituto, no podemos quedarnos sin direcci\u00f3n\u201d.<\/p>\n","protected":false},"excerpt":{"rendered":"<p>El secretario de Acci\u00f3n Pol\u00edtica Estrat\u00e9gica del CEN del PRD, Alejandro S\u00e1nchez Camacho, se pronunci\u00f3 a favor de una coalici\u00f3n electoral de todas las fuerzas pol\u00edticas de izquierda en el Estado de M\u00e9xico para contender por la gubernatura.<\/p>\n","protected":false},"author":1,"featured_media":0,"comment_status":"closed","ping_status":"closed","sticky":false,"template":"","format":"standard","meta":{"footnotes":""},"categories":[91,1796,73],"tags":[2017,261,2369,914,2392,2494,343,77],"class_list":["post-16854","post","type-post","status-publish","format-standard","hentry","category-cdmx","category-circulodigital","category-principal","tag-alianza","tag-cdmx","tag-cen","tag-df","tag-edomex","tag-izquierdas","tag-prd","tag-principal"],"yoast_head":"<!-- This site is optimized with the Yoast SEO plugin v26.5 - https:\/\/yoast.com\/wordpress\/plugins\/seo\/ -->\n<title>Propone PRD alianza de &#039;izquierdas&#039; para el Edomex - NOTICIAS<\/title>\n<meta name=\"robots\" content=\"index, follow, max-snippet:-1, max-image-preview:large, max-video-preview:-1\" \/>\n<link rel=\"canonical\" href=\"https:\/\/laredsocial-noticias.com\/wp\/propone-prd-alianza-de-izquierdas-para-el-edomex\/\" \/>\n<meta property=\"og:locale\" content=\"es_ES\" \/>\n<meta property=\"og:type\" content=\"article\" \/>\n<meta property=\"og:title\" content=\"Propone PRD alianza de &#039;izquierdas&#039; para el Edomex - NOTICIAS\" \/>\n<meta property=\"og:description\" content=\"El secretario de Acci\u00f3n Pol\u00edtica Estrat\u00e9gica del CEN del PRD, Alejandro S\u00e1nchez Camacho, se pronunci\u00f3 a favor de una coalici\u00f3n electoral de todas las fuerzas pol\u00edticas de izquierda en el Estado de M\u00e9xico para contender por la gubernatura.\" \/>\n<meta property=\"og:url\" content=\"https:\/\/laredsocial-noticias.com\/wp\/propone-prd-alianza-de-izquierdas-para-el-edomex\/\" \/>\n<meta property=\"og:site_name\" content=\"NOTICIAS\" \/>\n<meta property=\"article:published_time\" content=\"2016-07-10T20:33:16+00:00\" \/>\n<meta property=\"og:image\" content=\"https:\/\/laredsocial-noticias.com\/wp\/wp-content\/uploads\/2016\/07\/PRD.jpg\" \/>\n\t<meta property=\"og:image:width\" content=\"944\" \/>\n\t<meta property=\"og:image:height\" content=\"534\" \/>\n\t<meta property=\"og:image:type\" content=\"image\/jpeg\" \/>\n<meta name=\"author\" content=\"Editor en Jefe\" \/>\n<meta name=\"twitter:card\" content=\"summary_large_image\" \/>\n<meta name=\"twitter:label1\" content=\"Escrito por\" \/>\n\t<meta name=\"twitter:data1\" content=\"Editor en Jefe\" \/>\n\t<meta name=\"twitter:label2\" content=\"Tiempo de lectura\" \/>\n\t<meta name=\"twitter:data2\" content=\"2 minutos\" \/>\n<!-- \/ Yoast SEO plugin. -->","yoast_head_json":{"title":"Propone PRD alianza de 'izquierdas' para el Edomex - NOTICIAS","robots":{"index":"index","follow":"follow","max-snippet":"max-snippet:-1","max-image-preview":"max-image-preview:large","max-video-preview":"max-video-preview:-1"},"canonical":"https:\/\/laredsocial-noticias.com\/wp\/propone-prd-alianza-de-izquierdas-para-el-edomex\/","og_locale":"es_ES","og_type":"article","og_title":"Propone PRD alianza de 'izquierdas' para el Edomex - NOTICIAS","og_description":"El secretario de Acci\u00f3n Pol\u00edtica Estrat\u00e9gica del CEN del PRD, Alejandro S\u00e1nchez Camacho, se pronunci\u00f3 a favor de una coalici\u00f3n electoral de todas las fuerzas pol\u00edticas de izquierda en el Estado de M\u00e9xico para contender por la gubernatura.","og_url":"https:\/\/laredsocial-noticias.com\/wp\/propone-prd-alianza-de-izquierdas-para-el-edomex\/","og_site_name":"NOTICIAS","article_published_time":"2016-07-10T20:33:16+00:00","og_image":[{"width":944,"height":534,"url":"https:\/\/laredsocial-noticias.com\/wp\/wp-content\/uploads\/2016\/07\/PRD.jpg","type":"image\/jpeg"}],"author":"Editor en Jefe","twitter_card":"summary_large_image","twitter_misc":{"Escrito por":"Editor en Jefe","Tiempo de lectura":"2 minutos"},"schema":{"@context":"https:\/\/schema.org","@graph":[{"@type":"WebPage","@id":"https:\/\/laredsocial-noticias.com\/wp\/propone-prd-alianza-de-izquierdas-para-el-edomex\/","url":"https:\/\/laredsocial-noticias.com\/wp\/propone-prd-alianza-de-izquierdas-para-el-edomex\/","name":"Propone PRD alianza de 'izquierdas' para el Edomex - NOTICIAS","isPartOf":{"@id":"https:\/\/laredsocial-noticias.com\/wp\/#website"},"datePublished":"2016-07-10T20:33:16+00:00","author":{"@id":"https:\/\/laredsocial-noticias.com\/wp\/#\/schema\/person\/0ce78643f2de7aae6f6ef10e8453a6e0"},"breadcrumb":{"@id":"https:\/\/laredsocial-noticias.com\/wp\/propone-prd-alianza-de-izquierdas-para-el-edomex\/#breadcrumb"},"inLanguage":"es","potentialAction":[{"@type":"ReadAction","target":["https:\/\/laredsocial-noticias.com\/wp\/propone-prd-alianza-de-izquierdas-para-el-edomex\/"]}]},{"@type":"BreadcrumbList","@id":"https:\/\/laredsocial-noticias.com\/wp\/propone-prd-alianza-de-izquierdas-para-el-edomex\/#breadcrumb","itemListElement":[{"@type":"ListItem","position":1,"name":"Portada","item":"https:\/\/laredsocial-noticias.com\/wp\/"},{"@type":"ListItem","position":2,"name":"Propone PRD alianza de &#8216;izquierdas&#8217; para el Edomex"}]},{"@type":"WebSite","@id":"https:\/\/laredsocial-noticias.com\/wp\/#website","url":"https:\/\/laredsocial-noticias.com\/wp\/","name":"NOTICIAS","description":"Lo que se ve y se dice en las redes sociales","potentialAction":[{"@type":"SearchAction","target":{"@type":"EntryPoint","urlTemplate":"https:\/\/laredsocial-noticias.com\/wp\/?s={search_term_string}"},"query-input":{"@type":"PropertyValueSpecification","valueRequired":true,"valueName":"search_term_string"}}],"inLanguage":"es"},{"@type":"Person","@id":"https:\/\/laredsocial-noticias.com\/wp\/#\/schema\/person\/0ce78643f2de7aae6f6ef10e8453a6e0","name":"Editor en Jefe","url":"https:\/\/laredsocial-noticias.com\/wp\/author\/jorgeochoa\/"}]}},"_links":{"self":[{"href":"https:\/\/laredsocial-noticias.com\/wp\/wp-json\/wp\/v2\/posts\/16854","targetHints":{"allow":["GET"]}}],"collection":[{"href":"https:\/\/laredsocial-noticias.com\/wp\/wp-json\/wp\/v2\/posts"}],"about":[{"href":"https:\/\/laredsocial-noticias.com\/wp\/wp-json\/wp\/v2\/types\/post"}],"author":[{"embeddable":true,"href":"https:\/\/laredsocial-noticias.com\/wp\/wp-json\/wp\/v2\/users\/1"}],"replies":[{"embeddable":true,"href":"https:\/\/laredsocial-noticias.com\/wp\/wp-json\/wp\/v2\/comments?post=16854"}],"version-history":[{"count":1,"href":"https:\/\/laredsocial-noticias.com\/wp\/wp-json\/wp\/v2\/posts\/16854\/revisions"}],"predecessor-version":[{"id":16855,"href":"https:\/\/laredsocial-noticias.com\/wp\/wp-json\/wp\/v2\/posts\/16854\/revisions\/16855"}],"wp:attachment":[{"href":"https:\/\/laredsocial-noticias.com\/wp\/wp-json\/wp\/v2\/media?parent=16854"}],"wp:term":[{"taxonomy":"category","embeddable":true,"href":"https:\/\/laredsocial-noticias.com\/wp\/wp-json\/wp\/v2\/categories?post=16854"},{"taxonomy":"post_tag","embeddable":true,"href":"https:\/\/laredsocial-noticias.com\/wp\/wp-json\/wp\/v2\/tags?post=16854"}],"curies":[{"name":"wp","href":"https:\/\/api.w.org\/{rel}","templated":true}]}}