{"id":169947,"date":"2022-06-07T18:41:25","date_gmt":"2022-06-07T23:41:25","guid":{"rendered":"https:\/\/laredsocial-noticias.com\/wp\/?p=169947"},"modified":"2022-06-07T18:41:50","modified_gmt":"2022-06-07T23:41:50","slug":"amlo-se-contradice-y-dice-que-si-hubo-actos-arbitrarios-durante-elecciones","status":"publish","type":"post","link":"https:\/\/laredsocial-noticias.com\/wp\/amlo-se-contradice-y-dice-que-si-hubo-actos-arbitrarios-durante-elecciones\/","title":{"rendered":"AMLO se contradice y dice que s\u00ed hubo \u201cactos arbitrarios\u201d durante elecciones"},"content":{"rendered":"<p>El presidente Andr\u00e9s Manuel L\u00f3pez Obrador se adelant\u00f3 a sus dichos, pues luego de que ayer declar\u00f3 que\u00a0no se registraron actos de violencia graves\u00a0en los seis estados donde hubo comicios, hoy afirm\u00f3 que \u201cs\u00ed hubo actos arbitrarios\u201c.<\/p>\n<p>Al ser cuestionado este martes sobre las\u00a0diversas detenciones arbitrarias\u00a0que hubo, sobre todo a\u00a0periodistas, el mandatario confirm\u00f3 que s\u00ed tienen reporte de estos \u201clevantones\u201d por parte de autoridades \u201cque no quer\u00edan perder\u201d y recurrieron a la estrategia del miedo, sin embargo, se\u00f1al\u00f3 que a pesar de ello, la gente sali\u00f3 a votar el domingo 5 de junio.<\/p>\n<blockquote class=\"wp-block-quote\"><p>\u201cSiento que a pesar de las tensiones no se tuvo p\u00e9rdidas de vidas humanas, s\u00ed, hubieron estos llamados levantones, estas arbitrariedades a las que hice menci\u00f3n, \u00f3rdenes de aprehensi\u00f3n, detenciones, algunos con golpes, pero no pas\u00f3 a mayores.\u201d, apunt\u00f3.<\/p><\/blockquote>\n<p>En ese sentido, L\u00f3pez Obrador dijo que seg\u00fan el informe de hoy, todos los detenidos el pasado 5 de junio\u00a0ya est\u00e1n en libertad.<\/p>\n<p>\u201cEstos casos (arbitrarios) no fueron la regla sino la excepci\u00f3n\u201c, reiter\u00f3.<\/p>\n","protected":false},"excerpt":{"rendered":"<p>El presidente Andr\u00e9s Manuel L\u00f3pez Obrador se adelant\u00f3 a sus dichos, pues luego de que ayer declar\u00f3 que\u00a0no se registraron&#8230;<\/p>\n","protected":false},"author":1,"featured_media":0,"comment_status":"open","ping_status":"closed","sticky":false,"template":"","format":"standard","meta":{"footnotes":""},"categories":[78,6026],"tags":[4959,77],"class_list":["post-169947","post","type-post","status-publish","format-standard","hentry","category-nacional","category-portada","tag-featured","tag-principal"],"yoast_head":"<!-- This site is optimized with the Yoast SEO plugin v26.5 - https:\/\/yoast.com\/wordpress\/plugins\/seo\/ -->\n<title>AMLO se contradice y dice que s\u00ed hubo \u201cactos arbitrarios\u201d durante elecciones - NOTICIAS<\/title>\n<meta name=\"robots\" content=\"index, follow, max-snippet:-1, max-image-preview:large, max-video-preview:-1\" \/>\n<link rel=\"canonical\" href=\"https:\/\/laredsocial-noticias.com\/wp\/amlo-se-contradice-y-dice-que-si-hubo-actos-arbitrarios-durante-elecciones\/\" \/>\n<meta property=\"og:locale\" content=\"es_ES\" \/>\n<meta property=\"og:type\" content=\"article\" \/>\n<meta property=\"og:title\" content=\"AMLO se contradice y dice que s\u00ed hubo \u201cactos arbitrarios\u201d durante elecciones - NOTICIAS\" \/>\n<meta property=\"og:description\" content=\"El presidente Andr\u00e9s Manuel L\u00f3pez Obrador se adelant\u00f3 a sus dichos, pues luego de que ayer declar\u00f3 que\u00a0no se registraron...\" \/>\n<meta property=\"og:url\" content=\"https:\/\/laredsocial-noticias.com\/wp\/amlo-se-contradice-y-dice-que-si-hubo-actos-arbitrarios-durante-elecciones\/\" \/>\n<meta property=\"og:site_name\" content=\"NOTICIAS\" \/>\n<meta property=\"article:published_time\" content=\"2022-06-07T23:41:25+00:00\" \/>\n<meta property=\"article:modified_time\" content=\"2022-06-07T23:41:50+00:00\" \/>\n<meta name=\"author\" content=\"Editor en Jefe\" \/>\n<meta name=\"twitter:card\" content=\"summary_large_image\" \/>\n<meta name=\"twitter:label1\" content=\"Escrito por\" \/>\n\t<meta name=\"twitter:data1\" content=\"Editor en Jefe\" \/>\n\t<meta name=\"twitter:label2\" content=\"Tiempo de lectura\" \/>\n\t<meta name=\"twitter:data2\" content=\"1 minuto\" \/>\n<!-- \/ Yoast SEO plugin. -->","yoast_head_json":{"title":"AMLO se contradice y dice que s\u00ed hubo \u201cactos arbitrarios\u201d durante elecciones - NOTICIAS","robots":{"index":"index","follow":"follow","max-snippet":"max-snippet:-1","max-image-preview":"max-image-preview:large","max-video-preview":"max-video-preview:-1"},"canonical":"https:\/\/laredsocial-noticias.com\/wp\/amlo-se-contradice-y-dice-que-si-hubo-actos-arbitrarios-durante-elecciones\/","og_locale":"es_ES","og_type":"article","og_title":"AMLO se contradice y dice que s\u00ed hubo \u201cactos arbitrarios\u201d durante elecciones - NOTICIAS","og_description":"El presidente Andr\u00e9s Manuel L\u00f3pez Obrador se adelant\u00f3 a sus dichos, pues luego de que ayer declar\u00f3 que\u00a0no se registraron...","og_url":"https:\/\/laredsocial-noticias.com\/wp\/amlo-se-contradice-y-dice-que-si-hubo-actos-arbitrarios-durante-elecciones\/","og_site_name":"NOTICIAS","article_published_time":"2022-06-07T23:41:25+00:00","article_modified_time":"2022-06-07T23:41:50+00:00","author":"Editor en Jefe","twitter_card":"summary_large_image","twitter_misc":{"Escrito por":"Editor en Jefe","Tiempo de lectura":"1 minuto"},"schema":{"@context":"https:\/\/schema.org","@graph":[{"@type":"WebPage","@id":"https:\/\/laredsocial-noticias.com\/wp\/amlo-se-contradice-y-dice-que-si-hubo-actos-arbitrarios-durante-elecciones\/","url":"https:\/\/laredsocial-noticias.com\/wp\/amlo-se-contradice-y-dice-que-si-hubo-actos-arbitrarios-durante-elecciones\/","name":"AMLO se contradice y dice que s\u00ed hubo \u201cactos arbitrarios\u201d durante elecciones - NOTICIAS","isPartOf":{"@id":"https:\/\/laredsocial-noticias.com\/wp\/#website"},"datePublished":"2022-06-07T23:41:25+00:00","dateModified":"2022-06-07T23:41:50+00:00","author":{"@id":"https:\/\/laredsocial-noticias.com\/wp\/#\/schema\/person\/0ce78643f2de7aae6f6ef10e8453a6e0"},"breadcrumb":{"@id":"https:\/\/laredsocial-noticias.com\/wp\/amlo-se-contradice-y-dice-que-si-hubo-actos-arbitrarios-durante-elecciones\/#breadcrumb"},"inLanguage":"es","potentialAction":[{"@type":"ReadAction","target":["https:\/\/laredsocial-noticias.com\/wp\/amlo-se-contradice-y-dice-que-si-hubo-actos-arbitrarios-durante-elecciones\/"]}]},{"@type":"BreadcrumbList","@id":"https:\/\/laredsocial-noticias.com\/wp\/amlo-se-contradice-y-dice-que-si-hubo-actos-arbitrarios-durante-elecciones\/#breadcrumb","itemListElement":[{"@type":"ListItem","position":1,"name":"Portada","item":"https:\/\/laredsocial-noticias.com\/wp\/"},{"@type":"ListItem","position":2,"name":"AMLO se contradice y dice que s\u00ed hubo \u201cactos arbitrarios\u201d durante elecciones"}]},{"@type":"WebSite","@id":"https:\/\/laredsocial-noticias.com\/wp\/#website","url":"https:\/\/laredsocial-noticias.com\/wp\/","name":"NOTICIAS","description":"Lo que se ve y se dice en las redes sociales","potentialAction":[{"@type":"SearchAction","target":{"@type":"EntryPoint","urlTemplate":"https:\/\/laredsocial-noticias.com\/wp\/?s={search_term_string}"},"query-input":{"@type":"PropertyValueSpecification","valueRequired":true,"valueName":"search_term_string"}}],"inLanguage":"es"},{"@type":"Person","@id":"https:\/\/laredsocial-noticias.com\/wp\/#\/schema\/person\/0ce78643f2de7aae6f6ef10e8453a6e0","name":"Editor en Jefe","url":"https:\/\/laredsocial-noticias.com\/wp\/author\/jorgeochoa\/"}]}},"_links":{"self":[{"href":"https:\/\/laredsocial-noticias.com\/wp\/wp-json\/wp\/v2\/posts\/169947","targetHints":{"allow":["GET"]}}],"collection":[{"href":"https:\/\/laredsocial-noticias.com\/wp\/wp-json\/wp\/v2\/posts"}],"about":[{"href":"https:\/\/laredsocial-noticias.com\/wp\/wp-json\/wp\/v2\/types\/post"}],"author":[{"embeddable":true,"href":"https:\/\/laredsocial-noticias.com\/wp\/wp-json\/wp\/v2\/users\/1"}],"replies":[{"embeddable":true,"href":"https:\/\/laredsocial-noticias.com\/wp\/wp-json\/wp\/v2\/comments?post=169947"}],"version-history":[{"count":1,"href":"https:\/\/laredsocial-noticias.com\/wp\/wp-json\/wp\/v2\/posts\/169947\/revisions"}],"predecessor-version":[{"id":169948,"href":"https:\/\/laredsocial-noticias.com\/wp\/wp-json\/wp\/v2\/posts\/169947\/revisions\/169948"}],"wp:attachment":[{"href":"https:\/\/laredsocial-noticias.com\/wp\/wp-json\/wp\/v2\/media?parent=169947"}],"wp:term":[{"taxonomy":"category","embeddable":true,"href":"https:\/\/laredsocial-noticias.com\/wp\/wp-json\/wp\/v2\/categories?post=169947"},{"taxonomy":"post_tag","embeddable":true,"href":"https:\/\/laredsocial-noticias.com\/wp\/wp-json\/wp\/v2\/tags?post=169947"}],"curies":[{"name":"wp","href":"https:\/\/api.w.org\/{rel}","templated":true}]}}