{"id":169968,"date":"2022-06-07T18:30:02","date_gmt":"2022-06-07T23:30:02","guid":{"rendered":"https:\/\/laredsocial-noticias.com\/wp\/?p=169968"},"modified":"2022-06-07T18:58:23","modified_gmt":"2022-06-07T23:58:23","slug":"baja-california-investiga-2-presuntos-casos-de-viruela-de-mono","status":"publish","type":"post","link":"https:\/\/laredsocial-noticias.com\/wp\/baja-california-investiga-2-presuntos-casos-de-viruela-de-mono\/","title":{"rendered":"Baja California investiga 2 presuntos casos de viruela de mono"},"content":{"rendered":"<p>\u00d3scar Efr\u00e9n Zazueta, titular de Salud del estado de Baja California inform\u00f3 que se est\u00e1n investigando\u00a0dos posibles casos de viruela de mono\u00a0en\u00a0un hombre\u00a0y\u00a0una mujer\u00a0que presentaron un cuadro de s\u00edntomas acordes con la enfermedad.<\/p>\n<p>En conferencia, el encargo de salud bajacaliforniano explic\u00f3 que el primer caso es de un paciente arrib\u00f3 a la\u00a0Cl\u00ednica 30 del IMSS\u00a0luego de presentar diversos s\u00edntomas correspondientes a la viruela de mono, no obstante, los estudios realizados ser\u00e1n analizados en el Instituto de Diagn\u00f3stico y Referencia Epidemiol\u00f3gicos (InDRE), pues podr\u00eda tratarse tambi\u00e9n de alguna otra enfermedad con s\u00edntomas parecidos.<\/p>\n<blockquote class=\"wp-block-quote\"><p>\u201cEl paciente est\u00e1 en buen estado de salud. Es importante decir que los s\u00edntomas tambi\u00e9n coinciden con otras enfermedades, por eso no hay necesidad de alarmarse\u201d, dijo.<\/p><\/blockquote>\n<p>Al ser cuestionado sobre\u00a0una joven\u00a0con dolor de cabeza, fiebre, cansancio y \u00e1mpulas en pies y manos que lleg\u00f3 a la\u00a0Cl\u00ednica 18 del IMSS, Efr\u00e9n Zuzueta refiri\u00f3 que fue canalizada a una cl\u00ednica en Playas de Rosarito.<\/p>\n<p>\u201cLa paciente indic\u00f3 que sus s\u00edntomas hab\u00edan iniciado un d\u00eda antes de solicitar atenci\u00f3n m\u00e9dica y que por las lesiones en pies y manos se le dificultaba caminar y tocar superficies. Igualmente su caso ser\u00e1 analizado.\u201d, apunt\u00f3.<\/p>\n","protected":false},"excerpt":{"rendered":"<p>\u00d3scar Efr\u00e9n Zazueta, titular de Salud del estado de Baja California inform\u00f3 que se est\u00e1n investigando\u00a0dos posibles casos de viruela&#8230;<\/p>\n","protected":false},"author":1,"featured_media":0,"comment_status":"open","ping_status":"closed","sticky":false,"template":"","format":"standard","meta":{"footnotes":""},"categories":[2379,6026],"tags":[4959,77],"class_list":["post-169968","post","type-post","status-publish","format-standard","hentry","category-estados-2","category-portada","tag-featured","tag-principal"],"yoast_head":"<!-- This site is optimized with the Yoast SEO plugin v26.5 - https:\/\/yoast.com\/wordpress\/plugins\/seo\/ -->\n<title>Baja California investiga 2 presuntos casos de viruela de mono - NOTICIAS<\/title>\n<meta name=\"robots\" content=\"index, follow, max-snippet:-1, max-image-preview:large, max-video-preview:-1\" \/>\n<link rel=\"canonical\" href=\"https:\/\/laredsocial-noticias.com\/wp\/baja-california-investiga-2-presuntos-casos-de-viruela-de-mono\/\" \/>\n<meta property=\"og:locale\" content=\"es_ES\" \/>\n<meta property=\"og:type\" content=\"article\" \/>\n<meta property=\"og:title\" content=\"Baja California investiga 2 presuntos casos de viruela de mono - NOTICIAS\" \/>\n<meta property=\"og:description\" content=\"\u00d3scar Efr\u00e9n Zazueta, titular de Salud del estado de Baja California inform\u00f3 que se est\u00e1n investigando\u00a0dos posibles casos de viruela...\" \/>\n<meta property=\"og:url\" content=\"https:\/\/laredsocial-noticias.com\/wp\/baja-california-investiga-2-presuntos-casos-de-viruela-de-mono\/\" \/>\n<meta property=\"og:site_name\" content=\"NOTICIAS\" \/>\n<meta property=\"article:published_time\" content=\"2022-06-07T23:30:02+00:00\" \/>\n<meta property=\"article:modified_time\" content=\"2022-06-07T23:58:23+00:00\" \/>\n<meta name=\"author\" content=\"Editor en Jefe\" \/>\n<meta name=\"twitter:card\" content=\"summary_large_image\" \/>\n<meta name=\"twitter:label1\" content=\"Escrito por\" \/>\n\t<meta name=\"twitter:data1\" content=\"Editor en Jefe\" \/>\n\t<meta name=\"twitter:label2\" content=\"Tiempo de lectura\" \/>\n\t<meta name=\"twitter:data2\" content=\"1 minuto\" \/>\n<!-- \/ Yoast SEO plugin. -->","yoast_head_json":{"title":"Baja California investiga 2 presuntos casos de viruela de mono - NOTICIAS","robots":{"index":"index","follow":"follow","max-snippet":"max-snippet:-1","max-image-preview":"max-image-preview:large","max-video-preview":"max-video-preview:-1"},"canonical":"https:\/\/laredsocial-noticias.com\/wp\/baja-california-investiga-2-presuntos-casos-de-viruela-de-mono\/","og_locale":"es_ES","og_type":"article","og_title":"Baja California investiga 2 presuntos casos de viruela de mono - NOTICIAS","og_description":"\u00d3scar Efr\u00e9n Zazueta, titular de Salud del estado de Baja California inform\u00f3 que se est\u00e1n investigando\u00a0dos posibles casos de viruela...","og_url":"https:\/\/laredsocial-noticias.com\/wp\/baja-california-investiga-2-presuntos-casos-de-viruela-de-mono\/","og_site_name":"NOTICIAS","article_published_time":"2022-06-07T23:30:02+00:00","article_modified_time":"2022-06-07T23:58:23+00:00","author":"Editor en Jefe","twitter_card":"summary_large_image","twitter_misc":{"Escrito por":"Editor en Jefe","Tiempo de lectura":"1 minuto"},"schema":{"@context":"https:\/\/schema.org","@graph":[{"@type":"WebPage","@id":"https:\/\/laredsocial-noticias.com\/wp\/baja-california-investiga-2-presuntos-casos-de-viruela-de-mono\/","url":"https:\/\/laredsocial-noticias.com\/wp\/baja-california-investiga-2-presuntos-casos-de-viruela-de-mono\/","name":"Baja California investiga 2 presuntos casos de viruela de mono - NOTICIAS","isPartOf":{"@id":"https:\/\/laredsocial-noticias.com\/wp\/#website"},"datePublished":"2022-06-07T23:30:02+00:00","dateModified":"2022-06-07T23:58:23+00:00","author":{"@id":"https:\/\/laredsocial-noticias.com\/wp\/#\/schema\/person\/0ce78643f2de7aae6f6ef10e8453a6e0"},"breadcrumb":{"@id":"https:\/\/laredsocial-noticias.com\/wp\/baja-california-investiga-2-presuntos-casos-de-viruela-de-mono\/#breadcrumb"},"inLanguage":"es","potentialAction":[{"@type":"ReadAction","target":["https:\/\/laredsocial-noticias.com\/wp\/baja-california-investiga-2-presuntos-casos-de-viruela-de-mono\/"]}]},{"@type":"BreadcrumbList","@id":"https:\/\/laredsocial-noticias.com\/wp\/baja-california-investiga-2-presuntos-casos-de-viruela-de-mono\/#breadcrumb","itemListElement":[{"@type":"ListItem","position":1,"name":"Portada","item":"https:\/\/laredsocial-noticias.com\/wp\/"},{"@type":"ListItem","position":2,"name":"Baja California investiga 2 presuntos casos de viruela de mono"}]},{"@type":"WebSite","@id":"https:\/\/laredsocial-noticias.com\/wp\/#website","url":"https:\/\/laredsocial-noticias.com\/wp\/","name":"NOTICIAS","description":"Lo que se ve y se dice en las redes sociales","potentialAction":[{"@type":"SearchAction","target":{"@type":"EntryPoint","urlTemplate":"https:\/\/laredsocial-noticias.com\/wp\/?s={search_term_string}"},"query-input":{"@type":"PropertyValueSpecification","valueRequired":true,"valueName":"search_term_string"}}],"inLanguage":"es"},{"@type":"Person","@id":"https:\/\/laredsocial-noticias.com\/wp\/#\/schema\/person\/0ce78643f2de7aae6f6ef10e8453a6e0","name":"Editor en Jefe","url":"https:\/\/laredsocial-noticias.com\/wp\/author\/jorgeochoa\/"}]}},"_links":{"self":[{"href":"https:\/\/laredsocial-noticias.com\/wp\/wp-json\/wp\/v2\/posts\/169968","targetHints":{"allow":["GET"]}}],"collection":[{"href":"https:\/\/laredsocial-noticias.com\/wp\/wp-json\/wp\/v2\/posts"}],"about":[{"href":"https:\/\/laredsocial-noticias.com\/wp\/wp-json\/wp\/v2\/types\/post"}],"author":[{"embeddable":true,"href":"https:\/\/laredsocial-noticias.com\/wp\/wp-json\/wp\/v2\/users\/1"}],"replies":[{"embeddable":true,"href":"https:\/\/laredsocial-noticias.com\/wp\/wp-json\/wp\/v2\/comments?post=169968"}],"version-history":[{"count":1,"href":"https:\/\/laredsocial-noticias.com\/wp\/wp-json\/wp\/v2\/posts\/169968\/revisions"}],"predecessor-version":[{"id":169969,"href":"https:\/\/laredsocial-noticias.com\/wp\/wp-json\/wp\/v2\/posts\/169968\/revisions\/169969"}],"wp:attachment":[{"href":"https:\/\/laredsocial-noticias.com\/wp\/wp-json\/wp\/v2\/media?parent=169968"}],"wp:term":[{"taxonomy":"category","embeddable":true,"href":"https:\/\/laredsocial-noticias.com\/wp\/wp-json\/wp\/v2\/categories?post=169968"},{"taxonomy":"post_tag","embeddable":true,"href":"https:\/\/laredsocial-noticias.com\/wp\/wp-json\/wp\/v2\/tags?post=169968"}],"curies":[{"name":"wp","href":"https:\/\/api.w.org\/{rel}","templated":true}]}}