{"id":170636,"date":"2022-06-15T17:00:59","date_gmt":"2022-06-15T22:00:59","guid":{"rendered":"https:\/\/laredsocial-noticias.com\/wp\/?p=170636"},"modified":"2022-06-15T15:17:54","modified_gmt":"2022-06-15T20:17:54","slug":"menor-de-14-anos-da-a-luz-a-bebe-dentro-de-uber-en-la-benito-juarez","status":"publish","type":"post","link":"https:\/\/laredsocial-noticias.com\/wp\/menor-de-14-anos-da-a-luz-a-bebe-dentro-de-uber-en-la-benito-juarez\/","title":{"rendered":"Menor de 14 a\u00f1os da a luz a beb\u00e9 dentro de Uber en la Benito Ju\u00e1rez"},"content":{"rendered":"<p>Este mi\u00e9rcoles una\u00a0adolescente de 14 a\u00f1os\u00a0dio a luz a\u00a0un beb\u00e9\u00a0sano y salvo, mientras viajaba a abordo de un taxi privado tipo\u00a0Uber\u00a0en la\u00a0colonia Mar\u00eda del Carmen\u00a0alcald\u00eda Benito Ju\u00e1rez.<\/p>\n<p>Los hechos ocurrieron durante la ma\u00f1ana de este 15 de abril, en el\u00a0Eje 6 avenida Morelos\u00a0y su cruce con la calle Lourdes, donde fueron requeridos los servicios de emergencia debido a una menor de edad que hab\u00eda entrado en labor de parto.<\/p>\n<p>Polic\u00edas de la Secretar\u00eda de Seguridad Ciudadana (SSC) fueron quienes auxiliaron a la adolescente, cuando el conductor del\u00a0Uber\u00a0les solicit\u00f3 el apoyo.<\/p>\n<p>El hombre de\u00a036 a\u00f1os de edad, refiri\u00f3 que trasladaba a un hospital a una mujer embarazada y su acompa\u00f1ante, pero en el trayecto, comenzaron las contracciones y los dolores de parto, por lo que decidi\u00f3 estacionarse y pedir ayuda.<\/p>\n<p>Al ver a la menor de\u00a014 a\u00f1os de edad, observaron que el nacimiento era inminente, y r\u00e1pidamente los uniformados, basados en sus conocimientos de primeros auxilios y en apego a su vocaci\u00f3n de servicio, acomodaron a la futura madre en el asiento trasero, solicitaron los servicios de emergencia y se prepararon para recibir al beb\u00e9.<\/p>\n<p>Luego de unos minutos, recibieron a\u00a0un var\u00f3n\u00a0de 39 semanas de gestaci\u00f3n, al que cortaron el cord\u00f3n umbilical, retiraron la placenta, arroparon con las prendas ofrecidas por la familiar y luego de escuchar su primer llanto, lo entregaron a su mam\u00e1.<\/p>\n<p>Posteriormente, al punto lleg\u00f3 una unidad m\u00e9dica, cuyos param\u00e9dicos valoraron y\u00a0estabilizaron al beb\u00e9 y a la mujer, con los cuidados adecuados los subieron a la ambulancia y los trasladaron a un hospital para su atenci\u00f3n m\u00e9dica especializada.<\/p>\n<p>Los familiares y la mam\u00e1, agradecieron el auxilio inmediato que les brind\u00f3 el personal de la SSC y la correcta atenci\u00f3n que permiti\u00f3 recibir al reci\u00e9n nacido, adem\u00e1s se dijeron confiados al ver que los polic\u00edas sab\u00edan exactamente lo que hac\u00edan.<\/p>\n<p>La abuela y la joven pidieron el\u00a0apoyo a los efectivos de la SSC\u00a0para su acompa\u00f1amiento al hospital, por lo que tambi\u00e9n realizaron el servicio de escolta de la unidad m\u00e9dica.<\/p>\n","protected":false},"excerpt":{"rendered":"<p>Este mi\u00e9rcoles una\u00a0adolescente de 14 a\u00f1os\u00a0dio a luz a\u00a0un beb\u00e9\u00a0sano y salvo, mientras viajaba a abordo de un taxi privado&#8230;<\/p>\n","protected":false},"author":1,"featured_media":0,"comment_status":"open","ping_status":"closed","sticky":false,"template":"","format":"standard","meta":{"footnotes":""},"categories":[91,6026],"tags":[261,1469,4959,77],"class_list":["post-170636","post","type-post","status-publish","format-standard","hentry","category-cdmx","category-portada","tag-cdmx","tag-ciudad-de-mexico","tag-featured","tag-principal"],"yoast_head":"<!-- This site is optimized with the Yoast SEO plugin v26.5 - https:\/\/yoast.com\/wordpress\/plugins\/seo\/ -->\n<title>Menor de 14 a\u00f1os da a luz a beb\u00e9 dentro de Uber en la Benito Ju\u00e1rez - NOTICIAS<\/title>\n<meta name=\"robots\" content=\"index, follow, max-snippet:-1, max-image-preview:large, max-video-preview:-1\" \/>\n<link rel=\"canonical\" href=\"https:\/\/laredsocial-noticias.com\/wp\/menor-de-14-anos-da-a-luz-a-bebe-dentro-de-uber-en-la-benito-juarez\/\" \/>\n<meta property=\"og:locale\" content=\"es_ES\" \/>\n<meta property=\"og:type\" content=\"article\" \/>\n<meta property=\"og:title\" content=\"Menor de 14 a\u00f1os da a luz a beb\u00e9 dentro de Uber en la Benito Ju\u00e1rez - NOTICIAS\" \/>\n<meta property=\"og:description\" content=\"Este mi\u00e9rcoles una\u00a0adolescente de 14 a\u00f1os\u00a0dio a luz a\u00a0un beb\u00e9\u00a0sano y salvo, mientras viajaba a abordo de un taxi privado...\" \/>\n<meta property=\"og:url\" content=\"https:\/\/laredsocial-noticias.com\/wp\/menor-de-14-anos-da-a-luz-a-bebe-dentro-de-uber-en-la-benito-juarez\/\" \/>\n<meta property=\"og:site_name\" content=\"NOTICIAS\" \/>\n<meta property=\"article:published_time\" content=\"2022-06-15T22:00:59+00:00\" \/>\n<meta property=\"og:image\" content=\"https:\/\/laredsocial-noticias.com\/wp\/wp-content\/uploads\/2022\/06\/adolescente-de-14-anos-da-a-luz-a-bebe-en-dentro-de-uber-en-alcaldia-benito-juarez.jpg\" \/>\n\t<meta property=\"og:image:width\" content=\"1280\" \/>\n\t<meta property=\"og:image:height\" content=\"720\" \/>\n\t<meta property=\"og:image:type\" content=\"image\/jpeg\" \/>\n<meta name=\"author\" content=\"Editor en Jefe\" \/>\n<meta name=\"twitter:card\" content=\"summary_large_image\" \/>\n<meta name=\"twitter:label1\" content=\"Escrito por\" \/>\n\t<meta name=\"twitter:data1\" content=\"Editor en Jefe\" \/>\n\t<meta name=\"twitter:label2\" content=\"Tiempo de lectura\" \/>\n\t<meta name=\"twitter:data2\" content=\"2 minutos\" \/>\n<!-- \/ Yoast SEO plugin. -->","yoast_head_json":{"title":"Menor de 14 a\u00f1os da a luz a beb\u00e9 dentro de Uber en la Benito Ju\u00e1rez - NOTICIAS","robots":{"index":"index","follow":"follow","max-snippet":"max-snippet:-1","max-image-preview":"max-image-preview:large","max-video-preview":"max-video-preview:-1"},"canonical":"https:\/\/laredsocial-noticias.com\/wp\/menor-de-14-anos-da-a-luz-a-bebe-dentro-de-uber-en-la-benito-juarez\/","og_locale":"es_ES","og_type":"article","og_title":"Menor de 14 a\u00f1os da a luz a beb\u00e9 dentro de Uber en la Benito Ju\u00e1rez - NOTICIAS","og_description":"Este mi\u00e9rcoles una\u00a0adolescente de 14 a\u00f1os\u00a0dio a luz a\u00a0un beb\u00e9\u00a0sano y salvo, mientras viajaba a abordo de un taxi privado...","og_url":"https:\/\/laredsocial-noticias.com\/wp\/menor-de-14-anos-da-a-luz-a-bebe-dentro-de-uber-en-la-benito-juarez\/","og_site_name":"NOTICIAS","article_published_time":"2022-06-15T22:00:59+00:00","og_image":[{"width":1280,"height":720,"url":"https:\/\/laredsocial-noticias.com\/wp\/wp-content\/uploads\/2022\/06\/adolescente-de-14-anos-da-a-luz-a-bebe-en-dentro-de-uber-en-alcaldia-benito-juarez.jpg","type":"image\/jpeg"}],"author":"Editor en Jefe","twitter_card":"summary_large_image","twitter_misc":{"Escrito por":"Editor en Jefe","Tiempo de lectura":"2 minutos"},"schema":{"@context":"https:\/\/schema.org","@graph":[{"@type":"WebPage","@id":"https:\/\/laredsocial-noticias.com\/wp\/menor-de-14-anos-da-a-luz-a-bebe-dentro-de-uber-en-la-benito-juarez\/","url":"https:\/\/laredsocial-noticias.com\/wp\/menor-de-14-anos-da-a-luz-a-bebe-dentro-de-uber-en-la-benito-juarez\/","name":"Menor de 14 a\u00f1os da a luz a beb\u00e9 dentro de Uber en la Benito Ju\u00e1rez - NOTICIAS","isPartOf":{"@id":"https:\/\/laredsocial-noticias.com\/wp\/#website"},"datePublished":"2022-06-15T22:00:59+00:00","author":{"@id":"https:\/\/laredsocial-noticias.com\/wp\/#\/schema\/person\/0ce78643f2de7aae6f6ef10e8453a6e0"},"breadcrumb":{"@id":"https:\/\/laredsocial-noticias.com\/wp\/menor-de-14-anos-da-a-luz-a-bebe-dentro-de-uber-en-la-benito-juarez\/#breadcrumb"},"inLanguage":"es","potentialAction":[{"@type":"ReadAction","target":["https:\/\/laredsocial-noticias.com\/wp\/menor-de-14-anos-da-a-luz-a-bebe-dentro-de-uber-en-la-benito-juarez\/"]}]},{"@type":"BreadcrumbList","@id":"https:\/\/laredsocial-noticias.com\/wp\/menor-de-14-anos-da-a-luz-a-bebe-dentro-de-uber-en-la-benito-juarez\/#breadcrumb","itemListElement":[{"@type":"ListItem","position":1,"name":"Portada","item":"https:\/\/laredsocial-noticias.com\/wp\/"},{"@type":"ListItem","position":2,"name":"Menor de 14 a\u00f1os da a luz a beb\u00e9 dentro de Uber en la Benito Ju\u00e1rez"}]},{"@type":"WebSite","@id":"https:\/\/laredsocial-noticias.com\/wp\/#website","url":"https:\/\/laredsocial-noticias.com\/wp\/","name":"NOTICIAS","description":"Lo que se ve y se dice en las redes sociales","potentialAction":[{"@type":"SearchAction","target":{"@type":"EntryPoint","urlTemplate":"https:\/\/laredsocial-noticias.com\/wp\/?s={search_term_string}"},"query-input":{"@type":"PropertyValueSpecification","valueRequired":true,"valueName":"search_term_string"}}],"inLanguage":"es"},{"@type":"Person","@id":"https:\/\/laredsocial-noticias.com\/wp\/#\/schema\/person\/0ce78643f2de7aae6f6ef10e8453a6e0","name":"Editor en Jefe","url":"https:\/\/laredsocial-noticias.com\/wp\/author\/jorgeochoa\/"}]}},"_links":{"self":[{"href":"https:\/\/laredsocial-noticias.com\/wp\/wp-json\/wp\/v2\/posts\/170636","targetHints":{"allow":["GET"]}}],"collection":[{"href":"https:\/\/laredsocial-noticias.com\/wp\/wp-json\/wp\/v2\/posts"}],"about":[{"href":"https:\/\/laredsocial-noticias.com\/wp\/wp-json\/wp\/v2\/types\/post"}],"author":[{"embeddable":true,"href":"https:\/\/laredsocial-noticias.com\/wp\/wp-json\/wp\/v2\/users\/1"}],"replies":[{"embeddable":true,"href":"https:\/\/laredsocial-noticias.com\/wp\/wp-json\/wp\/v2\/comments?post=170636"}],"version-history":[{"count":1,"href":"https:\/\/laredsocial-noticias.com\/wp\/wp-json\/wp\/v2\/posts\/170636\/revisions"}],"predecessor-version":[{"id":170637,"href":"https:\/\/laredsocial-noticias.com\/wp\/wp-json\/wp\/v2\/posts\/170636\/revisions\/170637"}],"wp:attachment":[{"href":"https:\/\/laredsocial-noticias.com\/wp\/wp-json\/wp\/v2\/media?parent=170636"}],"wp:term":[{"taxonomy":"category","embeddable":true,"href":"https:\/\/laredsocial-noticias.com\/wp\/wp-json\/wp\/v2\/categories?post=170636"},{"taxonomy":"post_tag","embeddable":true,"href":"https:\/\/laredsocial-noticias.com\/wp\/wp-json\/wp\/v2\/tags?post=170636"}],"curies":[{"name":"wp","href":"https:\/\/api.w.org\/{rel}","templated":true}]}}