{"id":171596,"date":"2022-06-27T19:30:46","date_gmt":"2022-06-28T00:30:46","guid":{"rendered":"https:\/\/laredsocial-noticias.com\/wp\/?p=171596"},"modified":"2022-06-28T09:28:15","modified_gmt":"2022-06-28T14:28:15","slug":"en-fast-track-autoriza-semarnat-mia-del-tramo-5-sur-del-tren-maya","status":"publish","type":"post","link":"https:\/\/laredsocial-noticias.com\/wp\/en-fast-track-autoriza-semarnat-mia-del-tramo-5-sur-del-tren-maya\/","title":{"rendered":"En \u2018Fast track\u2019 autoriza Semarnat MIA del tramo 5 Sur del Tren Maya"},"content":{"rendered":"<p>La\u00a0Manifestaci\u00f3n de Impacto Ambiental (MIA)\u00a0del\u00a0Tramo 5 Sur del Tren Maya\u00a0fue autorizada de manera condicionada por la Semarnat tras un proceso de evaluaci\u00f3n que se realiz\u00f3 en tiempo r\u00e9cord, de apenas 35 d\u00edas.<\/p>\n<p>Aunque el resolutivo no se ha hecho p\u00fablico, forma parte de las pruebas que el Fondo Nacional de Fomento al Turismo (Fonatur) present\u00f3 ante el Juzgado Primero de Distrito para el desahogo de la audiencia del pr\u00f3ximo viernes 1 de julio.<\/p>\n<p>Dicho resolutivo fue entregado el pasado 21 de junio por la Direcci\u00f3n General de Impacto y Riesgo Ambiental (DGIRA) de la Semarnat, que, a su vez, lo present\u00f3 ante el Juzgado Primero de Distrito, ya que el 1 de julio el juez Adri\u00e1n Fernando Novelo P\u00e9rez resolver\u00e1 el recurso de revisi\u00f3n por el que\u00a0se mantienen suspendidas las obras del tramo 5 sur del Tren Maya,\u00a0que va del municipio de Solidaridad a Tulum.<\/p>\n<p>Las obras se detuvieron desde el pasado 18 de mayo ante diversos amparos de grupos ambientalistas, por lo que el 15 de junio Fonatur impugn\u00f3 esa decisi\u00f3n.<\/p>\n<p>Tras el resolutivo de Semarnat, el juez dio un plazo de cinco d\u00edas m\u00e1s para analizar el documento y definir este viernes si contin\u00faan o no las obras en dicho tramo. h<\/p>\n<p>Organizaciones y colectivos han mostrado su indignaci\u00f3n porque la MIA se autoriz\u00f3 de manera veloz y el resolutivo no ha sido publicado.<\/p>\n<p>Entre los colectivos y ambientalistas, ha circulado \u00fanicamente la p\u00e1gina 408 del resolutivo de 444 p\u00e1ginas, donde se da a conocer que la DGIRA determin\u00f3 que el proyecto \u201ces ambientalmente viable, por lo tanto, ha resuelto autorizarlo de manera condicionada\u201d.<\/p>\n<p>&nbsp;<\/p>\n<p><a href=\"https:\/\/laredsocial-noticias.com\/wp\/wp-content\/uploads\/2022\/06\/DF811A4E-949F-4FDB-9CCB-140E311BFC27.jpeg\"><img loading=\"lazy\" decoding=\"async\" class=\"alignleft size-full wp-image-171617\" src=\"https:\/\/laredsocial-noticias.com\/wp\/wp-content\/uploads\/2022\/06\/DF811A4E-949F-4FDB-9CCB-140E311BFC27.jpeg\" alt=\"\" width=\"647\" height=\"753\" \/><\/a><\/p>\n","protected":false},"excerpt":{"rendered":"<p>La\u00a0Manifestaci\u00f3n de Impacto Ambiental (MIA)\u00a0del\u00a0Tramo 5 Sur del Tren Maya\u00a0fue autorizada de manera condicionada por la Semarnat tras un proceso&#8230;<\/p>\n","protected":false},"author":1,"featured_media":0,"comment_status":"open","ping_status":"closed","sticky":false,"template":"","format":"standard","meta":{"footnotes":""},"categories":[2811,6026],"tags":[4959,77],"class_list":["post-171596","post","type-post","status-publish","format-standard","hentry","category-economia","category-portada","tag-featured","tag-principal"],"yoast_head":"<!-- This site is optimized with the Yoast SEO plugin v26.5 - https:\/\/yoast.com\/wordpress\/plugins\/seo\/ -->\n<title>En \u2018Fast track\u2019 autoriza Semarnat MIA del tramo 5 Sur del Tren Maya - NOTICIAS<\/title>\n<meta name=\"robots\" content=\"index, follow, max-snippet:-1, max-image-preview:large, max-video-preview:-1\" \/>\n<link rel=\"canonical\" href=\"https:\/\/laredsocial-noticias.com\/wp\/en-fast-track-autoriza-semarnat-mia-del-tramo-5-sur-del-tren-maya\/\" \/>\n<meta property=\"og:locale\" content=\"es_ES\" \/>\n<meta property=\"og:type\" content=\"article\" \/>\n<meta property=\"og:title\" content=\"En \u2018Fast track\u2019 autoriza Semarnat MIA del tramo 5 Sur del Tren Maya - NOTICIAS\" \/>\n<meta property=\"og:description\" content=\"La\u00a0Manifestaci\u00f3n de Impacto Ambiental (MIA)\u00a0del\u00a0Tramo 5 Sur del Tren Maya\u00a0fue autorizada de manera condicionada por la Semarnat tras un proceso...\" \/>\n<meta property=\"og:url\" content=\"https:\/\/laredsocial-noticias.com\/wp\/en-fast-track-autoriza-semarnat-mia-del-tramo-5-sur-del-tren-maya\/\" \/>\n<meta property=\"og:site_name\" content=\"NOTICIAS\" \/>\n<meta property=\"article:published_time\" content=\"2022-06-28T00:30:46+00:00\" \/>\n<meta property=\"article:modified_time\" content=\"2022-06-28T14:28:15+00:00\" \/>\n<meta property=\"og:image\" content=\"https:\/\/laredsocial-noticias.com\/wp\/wp-content\/uploads\/2022\/06\/tramo-5-Tren-Maya.jpeg\" \/>\n\t<meta property=\"og:image:width\" content=\"1280\" \/>\n\t<meta property=\"og:image:height\" content=\"720\" \/>\n\t<meta property=\"og:image:type\" content=\"image\/jpeg\" \/>\n<meta name=\"author\" content=\"Editor en Jefe\" \/>\n<meta name=\"twitter:card\" content=\"summary_large_image\" \/>\n<meta name=\"twitter:label1\" content=\"Escrito por\" \/>\n\t<meta name=\"twitter:data1\" content=\"Editor en Jefe\" \/>\n\t<meta name=\"twitter:label2\" content=\"Tiempo de lectura\" \/>\n\t<meta name=\"twitter:data2\" content=\"1 minuto\" \/>\n<!-- \/ Yoast SEO plugin. -->","yoast_head_json":{"title":"En \u2018Fast track\u2019 autoriza Semarnat MIA del tramo 5 Sur del Tren Maya - NOTICIAS","robots":{"index":"index","follow":"follow","max-snippet":"max-snippet:-1","max-image-preview":"max-image-preview:large","max-video-preview":"max-video-preview:-1"},"canonical":"https:\/\/laredsocial-noticias.com\/wp\/en-fast-track-autoriza-semarnat-mia-del-tramo-5-sur-del-tren-maya\/","og_locale":"es_ES","og_type":"article","og_title":"En \u2018Fast track\u2019 autoriza Semarnat MIA del tramo 5 Sur del Tren Maya - NOTICIAS","og_description":"La\u00a0Manifestaci\u00f3n de Impacto Ambiental (MIA)\u00a0del\u00a0Tramo 5 Sur del Tren Maya\u00a0fue autorizada de manera condicionada por la Semarnat tras un proceso...","og_url":"https:\/\/laredsocial-noticias.com\/wp\/en-fast-track-autoriza-semarnat-mia-del-tramo-5-sur-del-tren-maya\/","og_site_name":"NOTICIAS","article_published_time":"2022-06-28T00:30:46+00:00","article_modified_time":"2022-06-28T14:28:15+00:00","og_image":[{"width":1280,"height":720,"url":"https:\/\/laredsocial-noticias.com\/wp\/wp-content\/uploads\/2022\/06\/tramo-5-Tren-Maya.jpeg","type":"image\/jpeg"}],"author":"Editor en Jefe","twitter_card":"summary_large_image","twitter_misc":{"Escrito por":"Editor en Jefe","Tiempo de lectura":"1 minuto"},"schema":{"@context":"https:\/\/schema.org","@graph":[{"@type":"WebPage","@id":"https:\/\/laredsocial-noticias.com\/wp\/en-fast-track-autoriza-semarnat-mia-del-tramo-5-sur-del-tren-maya\/","url":"https:\/\/laredsocial-noticias.com\/wp\/en-fast-track-autoriza-semarnat-mia-del-tramo-5-sur-del-tren-maya\/","name":"En \u2018Fast track\u2019 autoriza Semarnat MIA del tramo 5 Sur del Tren Maya - NOTICIAS","isPartOf":{"@id":"https:\/\/laredsocial-noticias.com\/wp\/#website"},"primaryImageOfPage":{"@id":"https:\/\/laredsocial-noticias.com\/wp\/en-fast-track-autoriza-semarnat-mia-del-tramo-5-sur-del-tren-maya\/#primaryimage"},"image":{"@id":"https:\/\/laredsocial-noticias.com\/wp\/en-fast-track-autoriza-semarnat-mia-del-tramo-5-sur-del-tren-maya\/#primaryimage"},"thumbnailUrl":"https:\/\/laredsocial-noticias.com\/wp\/wp-content\/uploads\/2022\/06\/DF811A4E-949F-4FDB-9CCB-140E311BFC27.jpeg","datePublished":"2022-06-28T00:30:46+00:00","dateModified":"2022-06-28T14:28:15+00:00","author":{"@id":"https:\/\/laredsocial-noticias.com\/wp\/#\/schema\/person\/0ce78643f2de7aae6f6ef10e8453a6e0"},"breadcrumb":{"@id":"https:\/\/laredsocial-noticias.com\/wp\/en-fast-track-autoriza-semarnat-mia-del-tramo-5-sur-del-tren-maya\/#breadcrumb"},"inLanguage":"es","potentialAction":[{"@type":"ReadAction","target":["https:\/\/laredsocial-noticias.com\/wp\/en-fast-track-autoriza-semarnat-mia-del-tramo-5-sur-del-tren-maya\/"]}]},{"@type":"ImageObject","inLanguage":"es","@id":"https:\/\/laredsocial-noticias.com\/wp\/en-fast-track-autoriza-semarnat-mia-del-tramo-5-sur-del-tren-maya\/#primaryimage","url":"","contentUrl":""},{"@type":"BreadcrumbList","@id":"https:\/\/laredsocial-noticias.com\/wp\/en-fast-track-autoriza-semarnat-mia-del-tramo-5-sur-del-tren-maya\/#breadcrumb","itemListElement":[{"@type":"ListItem","position":1,"name":"Portada","item":"https:\/\/laredsocial-noticias.com\/wp\/"},{"@type":"ListItem","position":2,"name":"En \u2018Fast track\u2019 autoriza Semarnat MIA del tramo 5 Sur del Tren Maya"}]},{"@type":"WebSite","@id":"https:\/\/laredsocial-noticias.com\/wp\/#website","url":"https:\/\/laredsocial-noticias.com\/wp\/","name":"NOTICIAS","description":"Lo que se ve y se dice en las redes sociales","potentialAction":[{"@type":"SearchAction","target":{"@type":"EntryPoint","urlTemplate":"https:\/\/laredsocial-noticias.com\/wp\/?s={search_term_string}"},"query-input":{"@type":"PropertyValueSpecification","valueRequired":true,"valueName":"search_term_string"}}],"inLanguage":"es"},{"@type":"Person","@id":"https:\/\/laredsocial-noticias.com\/wp\/#\/schema\/person\/0ce78643f2de7aae6f6ef10e8453a6e0","name":"Editor en Jefe","url":"https:\/\/laredsocial-noticias.com\/wp\/author\/jorgeochoa\/"}]}},"_links":{"self":[{"href":"https:\/\/laredsocial-noticias.com\/wp\/wp-json\/wp\/v2\/posts\/171596","targetHints":{"allow":["GET"]}}],"collection":[{"href":"https:\/\/laredsocial-noticias.com\/wp\/wp-json\/wp\/v2\/posts"}],"about":[{"href":"https:\/\/laredsocial-noticias.com\/wp\/wp-json\/wp\/v2\/types\/post"}],"author":[{"embeddable":true,"href":"https:\/\/laredsocial-noticias.com\/wp\/wp-json\/wp\/v2\/users\/1"}],"replies":[{"embeddable":true,"href":"https:\/\/laredsocial-noticias.com\/wp\/wp-json\/wp\/v2\/comments?post=171596"}],"version-history":[{"count":2,"href":"https:\/\/laredsocial-noticias.com\/wp\/wp-json\/wp\/v2\/posts\/171596\/revisions"}],"predecessor-version":[{"id":171618,"href":"https:\/\/laredsocial-noticias.com\/wp\/wp-json\/wp\/v2\/posts\/171596\/revisions\/171618"}],"wp:attachment":[{"href":"https:\/\/laredsocial-noticias.com\/wp\/wp-json\/wp\/v2\/media?parent=171596"}],"wp:term":[{"taxonomy":"category","embeddable":true,"href":"https:\/\/laredsocial-noticias.com\/wp\/wp-json\/wp\/v2\/categories?post=171596"},{"taxonomy":"post_tag","embeddable":true,"href":"https:\/\/laredsocial-noticias.com\/wp\/wp-json\/wp\/v2\/tags?post=171596"}],"curies":[{"name":"wp","href":"https:\/\/api.w.org\/{rel}","templated":true}]}}