{"id":174448,"date":"2022-08-05T10:30:44","date_gmt":"2022-08-05T15:30:44","guid":{"rendered":"https:\/\/laredsocial-noticias.com\/wp\/?p=174448"},"modified":"2022-08-05T13:21:47","modified_gmt":"2022-08-05T18:21:47","slug":"una-mujer-relevara-a-delfina-gomez-en-la-sep-tras-triunfo-en-encuesta-de-morena-adelanta-amlo","status":"publish","type":"post","link":"https:\/\/laredsocial-noticias.com\/wp\/una-mujer-relevara-a-delfina-gomez-en-la-sep-tras-triunfo-en-encuesta-de-morena-adelanta-amlo\/","title":{"rendered":"Una mujer relevar\u00e1 a Delfina G\u00f3mez en la SEP tras triunfo en encuesta de Morena, adelanta AMLO"},"content":{"rendered":"<p>El presidente\u00a0Andr\u00e9s Manuel L\u00f3pez Obrador\u00a0anunci\u00f3 que una mujer sustituir\u00e1 a\u00a0Delfina G\u00f3mez,\u00a0luego que\u00a0la\u00a0secretaria de Educaci\u00f3n P\u00fablica\u00a0ganara en las encuestas de Morena para competir por la gubernatura del Estado de M\u00e9xico.<\/p>\n<p>Durante su conferencia matutina,\u00a0L\u00f3pez Obrador\u00a0asegur\u00f3 estar contento haya sido elegida en el proceso partidista mexiquense.<\/p>\n<p>\u201cMe da mucho gusto que un partido haya tomado la decisi\u00f3n en parte de encuesta de que sea posible candidata al Estado de M\u00e9xico la maestra\u00a0Delfina G\u00f3mez \u00c1lvarez, (\u2026) tiene que dejar ya la secretar\u00eda, voy a hablar con ella para que ya se inicie el proceso de entrega y vamos a elegir, a nombrar la mujer.\u00a0Luego ya les comento qui\u00e9n va a ser la nueva secretaria la semana que viene\u201d, sostuvo.<\/p>\n<h3>Nueva titular de la SEP, la pr\u00f3xima semana<\/h3>\n<p>El jefe del Ejecutivo sostuvo que la pr\u00f3xima semana revelar\u00e1 el nombre de la nuva titular de la SEP, pero asegur\u00f3 que ser\u00e1 una mujer.<\/p>\n<p>\u201cEs secretaria de Educaci\u00f3n y tiene que dejar ya la Secretar\u00eda, voy a hablar con ella para que ya se inicie el proceso de entrega-recepci\u00f3n, y vamos a nombrar a una mujer. Puede ser que la semana pr\u00f3xima hable con ella y les pueda comentar qui\u00e9n va a ocuparse de la SEP, tiene que ser para la semana que viene, viene el inicio del nuevo ciclo escolar\u201d, explic\u00f3.<\/p>\n<p>L\u00f3pez Obrador\u00a0llen\u00f3 de buenos calificativos a\u00a0G\u00f3mez \u00c1lvarez, de quien detall\u00f3 es una\u00a0\u201cmujer buena, trabajadora, honesta\u201d.<\/p>\n<p>\u201cUna maestra de grupo que lleg\u00f3 a ser directora de su escuela e Texcoco, luego se le invit\u00f3 a participar y gan\u00f3 la Presidencia Municipal de Texcoco cuando \u00e9ramos oposici\u00f3n, y luego gan\u00f3 la Diputaci\u00f3n Federal\u00a0tambi\u00e9n en la oposici\u00f3n cuando no era f\u00e1cil. Luego fue candidata a gobernador, donde hubo una elecci\u00f3n pol\u00e9mica\u201d, subray\u00f3.<\/p>\n<h3 id=\"h-elegida-con-25\">Elegida con 25%<\/h3>\n<p>La dirigencia nacional de Morena\u00a0present\u00f3 el jueves\u00a0los resultados de las encuestas internas realizadas por dos casas encuestadoras y una comisi\u00f3n del partido, en las que G\u00f3mez \u00c1lvarez fue considerada como \u201cbuena candidata\u201d con un 25 por ciento.<\/p>\n<p>La secretaria de Educaci\u00f3n compiti\u00f3 contra el administrador de Aduanas, Horacio Duarte; el senador Higinio Mart\u00ednez y el alcalde de Ecatepec con licencia, Fernando Vilchis.<\/p>\n<p><iframe loading=\"lazy\" title=\"FUERZAS ARMADAS APOYAN A LA SOCIEDAD\" width=\"740\" height=\"555\" src=\"https:\/\/www.youtube.com\/embed\/qzykvyLXB6A?feature=oembed\" frameborder=\"0\" allow=\"accelerometer; autoplay; clipboard-write; encrypted-media; gyroscope; picture-in-picture; web-share\" referrerpolicy=\"strict-origin-when-cross-origin\" allowfullscreen><\/iframe><\/p>\n<p>&nbsp;<\/p>\n<p>https:\/\/twitter.com\/laredsocialcom\/status\/1555616552988336132?s=21&#038;t=80urkYgAPHhrbPuoyfaKAQ<\/p>\n","protected":false},"excerpt":{"rendered":"<p>El presidente\u00a0Andr\u00e9s Manuel L\u00f3pez Obrador\u00a0anunci\u00f3 que una mujer sustituir\u00e1 a\u00a0Delfina G\u00f3mez,\u00a0luego que\u00a0la\u00a0secretaria de Educaci\u00f3n P\u00fablica\u00a0ganara en las encuestas de Morena&#8230;<\/p>\n","protected":false},"author":1,"featured_media":0,"comment_status":"open","ping_status":"closed","sticky":false,"template":"","format":"standard","meta":{"footnotes":""},"categories":[78,6026],"tags":[4959,77],"class_list":["post-174448","post","type-post","status-publish","format-standard","hentry","category-nacional","category-portada","tag-featured","tag-principal"],"yoast_head":"<!-- This site is optimized with the Yoast SEO plugin v26.5 - https:\/\/yoast.com\/wordpress\/plugins\/seo\/ -->\n<title>Una mujer relevar\u00e1 a Delfina G\u00f3mez en la SEP tras triunfo en encuesta de Morena, adelanta AMLO - NOTICIAS<\/title>\n<meta name=\"robots\" content=\"index, follow, max-snippet:-1, max-image-preview:large, max-video-preview:-1\" \/>\n<link rel=\"canonical\" href=\"https:\/\/laredsocial-noticias.com\/wp\/una-mujer-relevara-a-delfina-gomez-en-la-sep-tras-triunfo-en-encuesta-de-morena-adelanta-amlo\/\" \/>\n<meta property=\"og:locale\" content=\"es_ES\" \/>\n<meta property=\"og:type\" content=\"article\" \/>\n<meta property=\"og:title\" content=\"Una mujer relevar\u00e1 a Delfina G\u00f3mez en la SEP tras triunfo en encuesta de Morena, adelanta AMLO - NOTICIAS\" \/>\n<meta property=\"og:description\" content=\"El presidente\u00a0Andr\u00e9s Manuel L\u00f3pez Obrador\u00a0anunci\u00f3 que una mujer sustituir\u00e1 a\u00a0Delfina G\u00f3mez,\u00a0luego que\u00a0la\u00a0secretaria de Educaci\u00f3n P\u00fablica\u00a0ganara en las encuestas de Morena...\" \/>\n<meta property=\"og:url\" content=\"https:\/\/laredsocial-noticias.com\/wp\/una-mujer-relevara-a-delfina-gomez-en-la-sep-tras-triunfo-en-encuesta-de-morena-adelanta-amlo\/\" \/>\n<meta property=\"og:site_name\" content=\"NOTICIAS\" \/>\n<meta property=\"article:published_time\" content=\"2022-08-05T15:30:44+00:00\" \/>\n<meta property=\"article:modified_time\" content=\"2022-08-05T18:21:47+00:00\" \/>\n<meta property=\"og:image\" content=\"https:\/\/laredsocial-noticias.com\/wp\/wp-content\/uploads\/2022\/08\/amlo_adelfina_gomez.jpg\" \/>\n\t<meta property=\"og:image:width\" content=\"1280\" \/>\n\t<meta property=\"og:image:height\" content=\"720\" \/>\n\t<meta property=\"og:image:type\" content=\"image\/jpeg\" \/>\n<meta name=\"author\" content=\"Editor en Jefe\" \/>\n<meta name=\"twitter:card\" content=\"summary_large_image\" \/>\n<meta name=\"twitter:label1\" content=\"Escrito por\" \/>\n\t<meta name=\"twitter:data1\" content=\"Editor en Jefe\" \/>\n\t<meta name=\"twitter:label2\" content=\"Tiempo de lectura\" \/>\n\t<meta name=\"twitter:data2\" content=\"2 minutos\" \/>\n<!-- \/ Yoast SEO plugin. -->","yoast_head_json":{"title":"Una mujer relevar\u00e1 a Delfina G\u00f3mez en la SEP tras triunfo en encuesta de Morena, adelanta AMLO - NOTICIAS","robots":{"index":"index","follow":"follow","max-snippet":"max-snippet:-1","max-image-preview":"max-image-preview:large","max-video-preview":"max-video-preview:-1"},"canonical":"https:\/\/laredsocial-noticias.com\/wp\/una-mujer-relevara-a-delfina-gomez-en-la-sep-tras-triunfo-en-encuesta-de-morena-adelanta-amlo\/","og_locale":"es_ES","og_type":"article","og_title":"Una mujer relevar\u00e1 a Delfina G\u00f3mez en la SEP tras triunfo en encuesta de Morena, adelanta AMLO - NOTICIAS","og_description":"El presidente\u00a0Andr\u00e9s Manuel L\u00f3pez Obrador\u00a0anunci\u00f3 que una mujer sustituir\u00e1 a\u00a0Delfina G\u00f3mez,\u00a0luego que\u00a0la\u00a0secretaria de Educaci\u00f3n P\u00fablica\u00a0ganara en las encuestas de Morena...","og_url":"https:\/\/laredsocial-noticias.com\/wp\/una-mujer-relevara-a-delfina-gomez-en-la-sep-tras-triunfo-en-encuesta-de-morena-adelanta-amlo\/","og_site_name":"NOTICIAS","article_published_time":"2022-08-05T15:30:44+00:00","article_modified_time":"2022-08-05T18:21:47+00:00","og_image":[{"width":1280,"height":720,"url":"https:\/\/laredsocial-noticias.com\/wp\/wp-content\/uploads\/2022\/08\/amlo_adelfina_gomez.jpg","type":"image\/jpeg"}],"author":"Editor en Jefe","twitter_card":"summary_large_image","twitter_misc":{"Escrito por":"Editor en Jefe","Tiempo de lectura":"2 minutos"},"schema":{"@context":"https:\/\/schema.org","@graph":[{"@type":"WebPage","@id":"https:\/\/laredsocial-noticias.com\/wp\/una-mujer-relevara-a-delfina-gomez-en-la-sep-tras-triunfo-en-encuesta-de-morena-adelanta-amlo\/","url":"https:\/\/laredsocial-noticias.com\/wp\/una-mujer-relevara-a-delfina-gomez-en-la-sep-tras-triunfo-en-encuesta-de-morena-adelanta-amlo\/","name":"Una mujer relevar\u00e1 a Delfina G\u00f3mez en la SEP tras triunfo en encuesta de Morena, adelanta AMLO - NOTICIAS","isPartOf":{"@id":"https:\/\/laredsocial-noticias.com\/wp\/#website"},"datePublished":"2022-08-05T15:30:44+00:00","dateModified":"2022-08-05T18:21:47+00:00","author":{"@id":"https:\/\/laredsocial-noticias.com\/wp\/#\/schema\/person\/0ce78643f2de7aae6f6ef10e8453a6e0"},"breadcrumb":{"@id":"https:\/\/laredsocial-noticias.com\/wp\/una-mujer-relevara-a-delfina-gomez-en-la-sep-tras-triunfo-en-encuesta-de-morena-adelanta-amlo\/#breadcrumb"},"inLanguage":"es","potentialAction":[{"@type":"ReadAction","target":["https:\/\/laredsocial-noticias.com\/wp\/una-mujer-relevara-a-delfina-gomez-en-la-sep-tras-triunfo-en-encuesta-de-morena-adelanta-amlo\/"]}]},{"@type":"BreadcrumbList","@id":"https:\/\/laredsocial-noticias.com\/wp\/una-mujer-relevara-a-delfina-gomez-en-la-sep-tras-triunfo-en-encuesta-de-morena-adelanta-amlo\/#breadcrumb","itemListElement":[{"@type":"ListItem","position":1,"name":"Portada","item":"https:\/\/laredsocial-noticias.com\/wp\/"},{"@type":"ListItem","position":2,"name":"Una mujer relevar\u00e1 a Delfina G\u00f3mez en la SEP tras triunfo en encuesta de Morena, adelanta AMLO"}]},{"@type":"WebSite","@id":"https:\/\/laredsocial-noticias.com\/wp\/#website","url":"https:\/\/laredsocial-noticias.com\/wp\/","name":"NOTICIAS","description":"Lo que se ve y se dice en las redes sociales","potentialAction":[{"@type":"SearchAction","target":{"@type":"EntryPoint","urlTemplate":"https:\/\/laredsocial-noticias.com\/wp\/?s={search_term_string}"},"query-input":{"@type":"PropertyValueSpecification","valueRequired":true,"valueName":"search_term_string"}}],"inLanguage":"es"},{"@type":"Person","@id":"https:\/\/laredsocial-noticias.com\/wp\/#\/schema\/person\/0ce78643f2de7aae6f6ef10e8453a6e0","name":"Editor en Jefe","url":"https:\/\/laredsocial-noticias.com\/wp\/author\/jorgeochoa\/"}]}},"_links":{"self":[{"href":"https:\/\/laredsocial-noticias.com\/wp\/wp-json\/wp\/v2\/posts\/174448","targetHints":{"allow":["GET"]}}],"collection":[{"href":"https:\/\/laredsocial-noticias.com\/wp\/wp-json\/wp\/v2\/posts"}],"about":[{"href":"https:\/\/laredsocial-noticias.com\/wp\/wp-json\/wp\/v2\/types\/post"}],"author":[{"embeddable":true,"href":"https:\/\/laredsocial-noticias.com\/wp\/wp-json\/wp\/v2\/users\/1"}],"replies":[{"embeddable":true,"href":"https:\/\/laredsocial-noticias.com\/wp\/wp-json\/wp\/v2\/comments?post=174448"}],"version-history":[{"count":3,"href":"https:\/\/laredsocial-noticias.com\/wp\/wp-json\/wp\/v2\/posts\/174448\/revisions"}],"predecessor-version":[{"id":174487,"href":"https:\/\/laredsocial-noticias.com\/wp\/wp-json\/wp\/v2\/posts\/174448\/revisions\/174487"}],"wp:attachment":[{"href":"https:\/\/laredsocial-noticias.com\/wp\/wp-json\/wp\/v2\/media?parent=174448"}],"wp:term":[{"taxonomy":"category","embeddable":true,"href":"https:\/\/laredsocial-noticias.com\/wp\/wp-json\/wp\/v2\/categories?post=174448"},{"taxonomy":"post_tag","embeddable":true,"href":"https:\/\/laredsocial-noticias.com\/wp\/wp-json\/wp\/v2\/tags?post=174448"}],"curies":[{"name":"wp","href":"https:\/\/api.w.org\/{rel}","templated":true}]}}