{"id":177722,"date":"2022-09-19T10:00:38","date_gmt":"2022-09-19T15:00:38","guid":{"rendered":"https:\/\/laredsocial-noticias.com\/wp\/?p=177722"},"modified":"2022-09-19T09:49:38","modified_gmt":"2022-09-19T14:49:38","slug":"lopez-obrador-iza-a-media-asta-la-bandera-por-victimas-de-sismos-de-1985-y-de-2017","status":"publish","type":"post","link":"https:\/\/laredsocial-noticias.com\/wp\/lopez-obrador-iza-a-media-asta-la-bandera-por-victimas-de-sismos-de-1985-y-de-2017\/","title":{"rendered":"L\u00f3pez Obrador iza a media asta la Bandera por v\u00edctimas de sismos de 1985 y de 2017"},"content":{"rendered":"<p>En memor\u00eda de las v\u00edctimas de los sismos de 1985 y 2017, este lunes 19 de septiembre, el presidente\u00a0Andr\u00e9s Manuel L\u00f3pez Obrador\u00a0encabez\u00f3 en el Z\u00f3calo de la Ciudad de M\u00e9xico el izamiento de la bandera a media asta.<\/p>\n<p>L\u00f3pez Obrador se coloc\u00f3 al centro de la plancha del Z\u00f3calo acompa\u00f1ado por el Gabinete de Seguridad; la coordinadora nacional de Protecci\u00f3n Civil, Laura Vel\u00e1zquez, y la jefa de Gobierno capitalina,\u00a0Claudia Sheinbaum.<\/p>\n<p>Ante elementos de las Fuerzas Armadas, de Protecci\u00f3n Civil, para recordar a las v\u00edctimas de los dos sismos, la banda militar enton\u00f3 el Toque militar para despu\u00e9s entonar el Himno Nacional.<\/p>\n<p>Junto a L\u00f3pez Obrador estuviron el secretario de Gobernaci\u00f3n, Ad\u00e1n Augusto L\u00f3pez Hern\u00e1ndez; secretario de la Defensa Nacional, general Luis Cresencio Sandoval; y secretario de Marina, almirante Jos\u00e9 Rafael Ojeda Dur\u00e1n.<\/p>\n<p>El comandante de Guardia Nacional, Luis Rodr\u00edguez Bucio; la secretaria de Seguridad, Rosa Icela Rodr\u00edguez; y el presidente nacional de la Cruz Roja Mexicana, Fernando Suinaga C\u00e1rdenas, tambi\u00e9n est\u00e1n en el acto.<\/p>\n","protected":false},"excerpt":{"rendered":"<p>En memor\u00eda de las v\u00edctimas de los sismos de 1985 y 2017, este lunes 19 de septiembre, el presidente\u00a0Andr\u00e9s Manuel&#8230;<\/p>\n","protected":false},"author":1,"featured_media":0,"comment_status":"open","ping_status":"closed","sticky":false,"template":"","format":"standard","meta":{"footnotes":""},"categories":[78,6026],"tags":[4959,77],"class_list":["post-177722","post","type-post","status-publish","format-standard","hentry","category-nacional","category-portada","tag-featured","tag-principal"],"yoast_head":"<!-- This site is optimized with the Yoast SEO plugin v26.5 - https:\/\/yoast.com\/wordpress\/plugins\/seo\/ -->\n<title>L\u00f3pez Obrador iza a media asta la Bandera por v\u00edctimas de sismos de 1985 y de 2017 - NOTICIAS<\/title>\n<meta name=\"robots\" content=\"index, follow, max-snippet:-1, max-image-preview:large, max-video-preview:-1\" \/>\n<link rel=\"canonical\" href=\"https:\/\/laredsocial-noticias.com\/wp\/lopez-obrador-iza-a-media-asta-la-bandera-por-victimas-de-sismos-de-1985-y-de-2017\/\" \/>\n<meta property=\"og:locale\" content=\"es_ES\" \/>\n<meta property=\"og:type\" content=\"article\" \/>\n<meta property=\"og:title\" content=\"L\u00f3pez Obrador iza a media asta la Bandera por v\u00edctimas de sismos de 1985 y de 2017 - NOTICIAS\" \/>\n<meta property=\"og:description\" content=\"En memor\u00eda de las v\u00edctimas de los sismos de 1985 y 2017, este lunes 19 de septiembre, el presidente\u00a0Andr\u00e9s Manuel...\" \/>\n<meta property=\"og:url\" content=\"https:\/\/laredsocial-noticias.com\/wp\/lopez-obrador-iza-a-media-asta-la-bandera-por-victimas-de-sismos-de-1985-y-de-2017\/\" \/>\n<meta property=\"og:site_name\" content=\"NOTICIAS\" \/>\n<meta property=\"article:published_time\" content=\"2022-09-19T15:00:38+00:00\" \/>\n<meta property=\"og:image\" content=\"https:\/\/laredsocial-noticias.com\/wp\/wp-content\/uploads\/2022\/09\/amlo_bandera_sismo.jpg\" \/>\n\t<meta property=\"og:image:width\" content=\"1280\" \/>\n\t<meta property=\"og:image:height\" content=\"720\" \/>\n\t<meta property=\"og:image:type\" content=\"image\/jpeg\" \/>\n<meta name=\"author\" content=\"Editor en Jefe\" \/>\n<meta name=\"twitter:card\" content=\"summary_large_image\" \/>\n<meta name=\"twitter:label1\" content=\"Escrito por\" \/>\n\t<meta name=\"twitter:data1\" content=\"Editor en Jefe\" \/>\n\t<meta name=\"twitter:label2\" content=\"Tiempo de lectura\" \/>\n\t<meta name=\"twitter:data2\" content=\"1 minuto\" \/>\n<!-- \/ Yoast SEO plugin. -->","yoast_head_json":{"title":"L\u00f3pez Obrador iza a media asta la Bandera por v\u00edctimas de sismos de 1985 y de 2017 - NOTICIAS","robots":{"index":"index","follow":"follow","max-snippet":"max-snippet:-1","max-image-preview":"max-image-preview:large","max-video-preview":"max-video-preview:-1"},"canonical":"https:\/\/laredsocial-noticias.com\/wp\/lopez-obrador-iza-a-media-asta-la-bandera-por-victimas-de-sismos-de-1985-y-de-2017\/","og_locale":"es_ES","og_type":"article","og_title":"L\u00f3pez Obrador iza a media asta la Bandera por v\u00edctimas de sismos de 1985 y de 2017 - NOTICIAS","og_description":"En memor\u00eda de las v\u00edctimas de los sismos de 1985 y 2017, este lunes 19 de septiembre, el presidente\u00a0Andr\u00e9s Manuel...","og_url":"https:\/\/laredsocial-noticias.com\/wp\/lopez-obrador-iza-a-media-asta-la-bandera-por-victimas-de-sismos-de-1985-y-de-2017\/","og_site_name":"NOTICIAS","article_published_time":"2022-09-19T15:00:38+00:00","og_image":[{"width":1280,"height":720,"url":"https:\/\/laredsocial-noticias.com\/wp\/wp-content\/uploads\/2022\/09\/amlo_bandera_sismo.jpg","type":"image\/jpeg"}],"author":"Editor en Jefe","twitter_card":"summary_large_image","twitter_misc":{"Escrito por":"Editor en Jefe","Tiempo de lectura":"1 minuto"},"schema":{"@context":"https:\/\/schema.org","@graph":[{"@type":"WebPage","@id":"https:\/\/laredsocial-noticias.com\/wp\/lopez-obrador-iza-a-media-asta-la-bandera-por-victimas-de-sismos-de-1985-y-de-2017\/","url":"https:\/\/laredsocial-noticias.com\/wp\/lopez-obrador-iza-a-media-asta-la-bandera-por-victimas-de-sismos-de-1985-y-de-2017\/","name":"L\u00f3pez Obrador iza a media asta la Bandera por v\u00edctimas de sismos de 1985 y de 2017 - NOTICIAS","isPartOf":{"@id":"https:\/\/laredsocial-noticias.com\/wp\/#website"},"datePublished":"2022-09-19T15:00:38+00:00","author":{"@id":"https:\/\/laredsocial-noticias.com\/wp\/#\/schema\/person\/0ce78643f2de7aae6f6ef10e8453a6e0"},"breadcrumb":{"@id":"https:\/\/laredsocial-noticias.com\/wp\/lopez-obrador-iza-a-media-asta-la-bandera-por-victimas-de-sismos-de-1985-y-de-2017\/#breadcrumb"},"inLanguage":"es","potentialAction":[{"@type":"ReadAction","target":["https:\/\/laredsocial-noticias.com\/wp\/lopez-obrador-iza-a-media-asta-la-bandera-por-victimas-de-sismos-de-1985-y-de-2017\/"]}]},{"@type":"BreadcrumbList","@id":"https:\/\/laredsocial-noticias.com\/wp\/lopez-obrador-iza-a-media-asta-la-bandera-por-victimas-de-sismos-de-1985-y-de-2017\/#breadcrumb","itemListElement":[{"@type":"ListItem","position":1,"name":"Portada","item":"https:\/\/laredsocial-noticias.com\/wp\/"},{"@type":"ListItem","position":2,"name":"L\u00f3pez Obrador iza a media asta la Bandera por v\u00edctimas de sismos de 1985 y de 2017"}]},{"@type":"WebSite","@id":"https:\/\/laredsocial-noticias.com\/wp\/#website","url":"https:\/\/laredsocial-noticias.com\/wp\/","name":"NOTICIAS","description":"Lo que se ve y se dice en las redes sociales","potentialAction":[{"@type":"SearchAction","target":{"@type":"EntryPoint","urlTemplate":"https:\/\/laredsocial-noticias.com\/wp\/?s={search_term_string}"},"query-input":{"@type":"PropertyValueSpecification","valueRequired":true,"valueName":"search_term_string"}}],"inLanguage":"es"},{"@type":"Person","@id":"https:\/\/laredsocial-noticias.com\/wp\/#\/schema\/person\/0ce78643f2de7aae6f6ef10e8453a6e0","name":"Editor en Jefe","url":"https:\/\/laredsocial-noticias.com\/wp\/author\/jorgeochoa\/"}]}},"_links":{"self":[{"href":"https:\/\/laredsocial-noticias.com\/wp\/wp-json\/wp\/v2\/posts\/177722","targetHints":{"allow":["GET"]}}],"collection":[{"href":"https:\/\/laredsocial-noticias.com\/wp\/wp-json\/wp\/v2\/posts"}],"about":[{"href":"https:\/\/laredsocial-noticias.com\/wp\/wp-json\/wp\/v2\/types\/post"}],"author":[{"embeddable":true,"href":"https:\/\/laredsocial-noticias.com\/wp\/wp-json\/wp\/v2\/users\/1"}],"replies":[{"embeddable":true,"href":"https:\/\/laredsocial-noticias.com\/wp\/wp-json\/wp\/v2\/comments?post=177722"}],"version-history":[{"count":1,"href":"https:\/\/laredsocial-noticias.com\/wp\/wp-json\/wp\/v2\/posts\/177722\/revisions"}],"predecessor-version":[{"id":177723,"href":"https:\/\/laredsocial-noticias.com\/wp\/wp-json\/wp\/v2\/posts\/177722\/revisions\/177723"}],"wp:attachment":[{"href":"https:\/\/laredsocial-noticias.com\/wp\/wp-json\/wp\/v2\/media?parent=177722"}],"wp:term":[{"taxonomy":"category","embeddable":true,"href":"https:\/\/laredsocial-noticias.com\/wp\/wp-json\/wp\/v2\/categories?post=177722"},{"taxonomy":"post_tag","embeddable":true,"href":"https:\/\/laredsocial-noticias.com\/wp\/wp-json\/wp\/v2\/tags?post=177722"}],"curies":[{"name":"wp","href":"https:\/\/api.w.org\/{rel}","templated":true}]}}