{"id":179046,"date":"2022-10-03T00:15:26","date_gmt":"2022-10-03T05:15:26","guid":{"rendered":"https:\/\/laredsocial-noticias.com\/wp\/?p=179046"},"modified":"2022-10-02T22:34:39","modified_gmt":"2022-10-03T03:34:39","slug":"encabeza-batres-ceremonia-conmemorativa-del-2-de-octubre-de-1968","status":"publish","type":"post","link":"https:\/\/laredsocial-noticias.com\/wp\/encabeza-batres-ceremonia-conmemorativa-del-2-de-octubre-de-1968\/","title":{"rendered":"Encabeza Batres ceremonia conmemorativa del 2 de octubre de 1968"},"content":{"rendered":"<p>A 54 a\u00f1os de la matanza de Tlatelolco, \u201choy tenemos un gobierno federal y un gobierno capitalino que no reprimen, no desaparecen personas, no hacen guerras, no masacran\u201d, afirm\u00f3 el secretario de gobierno capitalino Mart\u00ed Batres Guadarrama.<br \/>\nAl encabezar la conmemoraci\u00f3n del 54 Aniversario de la Masacre de Tlatelolco, el funcionario capitalino, asegur\u00f3 que \u201cel cambio m\u00e1s importante despu\u00e9s de 50 a\u00f1os es el surgimiento de un gobierno que no va a reprimir, no va a masacrar, no va a desaparecer a nadie y no va a declarar ninguna guerra. Este es un gobierno de libertades&#8221;.<br \/>\nEn representaci\u00f3n de la Jefa de Gobierno Claudia Sheinbaum, el secretario Batres Guadarrama se\u00f1al\u00f3 que en la Ciudad de M\u00e9xico y el Gobierno de la Rep\u00fablica que no usa la fuerza p\u00fablica para masacrar por lo que es el mejor homenaje que se puede hacer a los estudiantes heroicos de 1968.<br \/>\nAsimismo, coloc\u00f3 una ofrenda floral en la Plaza de la Tres Culturas acompa\u00f1ado del presidente del Poder Judicial, magistrado Rafael Guerra \u00c1lvarez; el senador de la Rep\u00fablica, C\u00e9sar Cravioto Romero; as\u00ed como los ex l\u00edderes del Movimiento Estudiantil de 1968.<\/p>\n","protected":false},"excerpt":{"rendered":"<p>A 54 a\u00f1os de la matanza de Tlatelolco, \u201choy tenemos un gobierno federal y un gobierno capitalino que no reprimen,&#8230;<\/p>\n","protected":false},"author":1,"featured_media":0,"comment_status":"open","ping_status":"closed","sticky":false,"template":"","format":"standard","meta":{"footnotes":""},"categories":[91,2835],"tags":[261,2192,77],"class_list":["post-179046","post","type-post","status-publish","format-standard","hentry","category-cdmx","category-ciudad-de-mexico","tag-cdmx","tag-marti-batres","tag-principal"],"yoast_head":"<!-- This site is optimized with the Yoast SEO plugin v26.5 - https:\/\/yoast.com\/wordpress\/plugins\/seo\/ -->\n<title>Encabeza Batres ceremonia conmemorativa del 2 de octubre de 1968 - NOTICIAS<\/title>\n<meta name=\"robots\" content=\"index, follow, max-snippet:-1, max-image-preview:large, max-video-preview:-1\" \/>\n<link rel=\"canonical\" href=\"https:\/\/laredsocial-noticias.com\/wp\/encabeza-batres-ceremonia-conmemorativa-del-2-de-octubre-de-1968\/\" \/>\n<meta property=\"og:locale\" content=\"es_ES\" \/>\n<meta property=\"og:type\" content=\"article\" \/>\n<meta property=\"og:title\" content=\"Encabeza Batres ceremonia conmemorativa del 2 de octubre de 1968 - NOTICIAS\" \/>\n<meta property=\"og:description\" content=\"A 54 a\u00f1os de la matanza de Tlatelolco, \u201choy tenemos un gobierno federal y un gobierno capitalino que no reprimen,...\" \/>\n<meta property=\"og:url\" content=\"https:\/\/laredsocial-noticias.com\/wp\/encabeza-batres-ceremonia-conmemorativa-del-2-de-octubre-de-1968\/\" \/>\n<meta property=\"og:site_name\" content=\"NOTICIAS\" \/>\n<meta property=\"article:published_time\" content=\"2022-10-03T05:15:26+00:00\" \/>\n<meta property=\"og:image\" content=\"https:\/\/laredsocial-noticias.com\/wp\/wp-content\/uploads\/2022\/10\/55e033dd-ecd0-4d1b-ab1a-4239fa2f6e21.jpg\" \/>\n\t<meta property=\"og:image:width\" content=\"1600\" \/>\n\t<meta property=\"og:image:height\" content=\"1066\" \/>\n\t<meta property=\"og:image:type\" content=\"image\/jpeg\" \/>\n<meta name=\"author\" content=\"Editor en Jefe\" \/>\n<meta name=\"twitter:card\" content=\"summary_large_image\" \/>\n<meta name=\"twitter:label1\" content=\"Escrito por\" \/>\n\t<meta name=\"twitter:data1\" content=\"Editor en Jefe\" \/>\n\t<meta name=\"twitter:label2\" content=\"Tiempo de lectura\" \/>\n\t<meta name=\"twitter:data2\" content=\"1 minuto\" \/>\n<!-- \/ Yoast SEO plugin. -->","yoast_head_json":{"title":"Encabeza Batres ceremonia conmemorativa del 2 de octubre de 1968 - NOTICIAS","robots":{"index":"index","follow":"follow","max-snippet":"max-snippet:-1","max-image-preview":"max-image-preview:large","max-video-preview":"max-video-preview:-1"},"canonical":"https:\/\/laredsocial-noticias.com\/wp\/encabeza-batres-ceremonia-conmemorativa-del-2-de-octubre-de-1968\/","og_locale":"es_ES","og_type":"article","og_title":"Encabeza Batres ceremonia conmemorativa del 2 de octubre de 1968 - NOTICIAS","og_description":"A 54 a\u00f1os de la matanza de Tlatelolco, \u201choy tenemos un gobierno federal y un gobierno capitalino que no reprimen,...","og_url":"https:\/\/laredsocial-noticias.com\/wp\/encabeza-batres-ceremonia-conmemorativa-del-2-de-octubre-de-1968\/","og_site_name":"NOTICIAS","article_published_time":"2022-10-03T05:15:26+00:00","og_image":[{"width":1600,"height":1066,"url":"https:\/\/laredsocial-noticias.com\/wp\/wp-content\/uploads\/2022\/10\/55e033dd-ecd0-4d1b-ab1a-4239fa2f6e21.jpg","type":"image\/jpeg"}],"author":"Editor en Jefe","twitter_card":"summary_large_image","twitter_misc":{"Escrito por":"Editor en Jefe","Tiempo de lectura":"1 minuto"},"schema":{"@context":"https:\/\/schema.org","@graph":[{"@type":"WebPage","@id":"https:\/\/laredsocial-noticias.com\/wp\/encabeza-batres-ceremonia-conmemorativa-del-2-de-octubre-de-1968\/","url":"https:\/\/laredsocial-noticias.com\/wp\/encabeza-batres-ceremonia-conmemorativa-del-2-de-octubre-de-1968\/","name":"Encabeza Batres ceremonia conmemorativa del 2 de octubre de 1968 - NOTICIAS","isPartOf":{"@id":"https:\/\/laredsocial-noticias.com\/wp\/#website"},"datePublished":"2022-10-03T05:15:26+00:00","author":{"@id":"https:\/\/laredsocial-noticias.com\/wp\/#\/schema\/person\/0ce78643f2de7aae6f6ef10e8453a6e0"},"breadcrumb":{"@id":"https:\/\/laredsocial-noticias.com\/wp\/encabeza-batres-ceremonia-conmemorativa-del-2-de-octubre-de-1968\/#breadcrumb"},"inLanguage":"es","potentialAction":[{"@type":"ReadAction","target":["https:\/\/laredsocial-noticias.com\/wp\/encabeza-batres-ceremonia-conmemorativa-del-2-de-octubre-de-1968\/"]}]},{"@type":"BreadcrumbList","@id":"https:\/\/laredsocial-noticias.com\/wp\/encabeza-batres-ceremonia-conmemorativa-del-2-de-octubre-de-1968\/#breadcrumb","itemListElement":[{"@type":"ListItem","position":1,"name":"Portada","item":"https:\/\/laredsocial-noticias.com\/wp\/"},{"@type":"ListItem","position":2,"name":"Encabeza Batres ceremonia conmemorativa del 2 de octubre de 1968"}]},{"@type":"WebSite","@id":"https:\/\/laredsocial-noticias.com\/wp\/#website","url":"https:\/\/laredsocial-noticias.com\/wp\/","name":"NOTICIAS","description":"Lo que se ve y se dice en las redes sociales","potentialAction":[{"@type":"SearchAction","target":{"@type":"EntryPoint","urlTemplate":"https:\/\/laredsocial-noticias.com\/wp\/?s={search_term_string}"},"query-input":{"@type":"PropertyValueSpecification","valueRequired":true,"valueName":"search_term_string"}}],"inLanguage":"es"},{"@type":"Person","@id":"https:\/\/laredsocial-noticias.com\/wp\/#\/schema\/person\/0ce78643f2de7aae6f6ef10e8453a6e0","name":"Editor en Jefe","url":"https:\/\/laredsocial-noticias.com\/wp\/author\/jorgeochoa\/"}]}},"_links":{"self":[{"href":"https:\/\/laredsocial-noticias.com\/wp\/wp-json\/wp\/v2\/posts\/179046","targetHints":{"allow":["GET"]}}],"collection":[{"href":"https:\/\/laredsocial-noticias.com\/wp\/wp-json\/wp\/v2\/posts"}],"about":[{"href":"https:\/\/laredsocial-noticias.com\/wp\/wp-json\/wp\/v2\/types\/post"}],"author":[{"embeddable":true,"href":"https:\/\/laredsocial-noticias.com\/wp\/wp-json\/wp\/v2\/users\/1"}],"replies":[{"embeddable":true,"href":"https:\/\/laredsocial-noticias.com\/wp\/wp-json\/wp\/v2\/comments?post=179046"}],"version-history":[{"count":1,"href":"https:\/\/laredsocial-noticias.com\/wp\/wp-json\/wp\/v2\/posts\/179046\/revisions"}],"predecessor-version":[{"id":179047,"href":"https:\/\/laredsocial-noticias.com\/wp\/wp-json\/wp\/v2\/posts\/179046\/revisions\/179047"}],"wp:attachment":[{"href":"https:\/\/laredsocial-noticias.com\/wp\/wp-json\/wp\/v2\/media?parent=179046"}],"wp:term":[{"taxonomy":"category","embeddable":true,"href":"https:\/\/laredsocial-noticias.com\/wp\/wp-json\/wp\/v2\/categories?post=179046"},{"taxonomy":"post_tag","embeddable":true,"href":"https:\/\/laredsocial-noticias.com\/wp\/wp-json\/wp\/v2\/tags?post=179046"}],"curies":[{"name":"wp","href":"https:\/\/api.w.org\/{rel}","templated":true}]}}