{"id":179258,"date":"2022-10-04T23:10:49","date_gmt":"2022-10-05T04:10:49","guid":{"rendered":"https:\/\/laredsocial-noticias.com\/wp\/?p=179258"},"modified":"2022-10-04T23:15:38","modified_gmt":"2022-10-05T04:15:38","slug":"aprueban-en-el-senado-dictamen-modificado-que-amplia-plazo-de-fuerzas-armadas-en-las-calles","status":"publish","type":"post","link":"https:\/\/laredsocial-noticias.com\/wp\/aprueban-en-el-senado-dictamen-modificado-que-amplia-plazo-de-fuerzas-armadas-en-las-calles\/","title":{"rendered":"APRUEBAN EN EL SENADO DICTAMEN MODIFICADO QUE AMPLIA PLAZO DE FUERZAS ARMADAS EN LAS CALLES"},"content":{"rendered":"<p><a href=\"https:\/\/laredsocial-noticias.com\/wp\/wp-content\/uploads\/2022\/10\/B60BD4D0-0D01-426A-A7E5-83C9CAA96A83.jpeg\"><img loading=\"lazy\" decoding=\"async\" class=\"alignleft size-thumbnail wp-image-179261\" src=\"https:\/\/laredsocial-noticias.com\/wp\/wp-content\/uploads\/2022\/10\/B60BD4D0-0D01-426A-A7E5-83C9CAA96A83-150x150.jpeg\" alt=\"\" width=\"150\" height=\"150\" \/><\/a>Se aprob\u00f3 por mayor\u00eda calificada la ampliaci\u00f3n del plazo de la labor de las fuerzas armadas hasta 2028 en materia de seguridad p\u00fablica, se regresa a la c\u00e1mara de diputados.<\/p>\n<p>La votaci\u00f3n fue de 87 votos a favor, 40 en contra y cero abstenciones, solo una senadora no asisti\u00f3, Claudia Anaya, del PRI.<\/p>\n<p>Despu\u00e9s de un muy amplio debate los senadores de Morena, PES, PT y del Verde, as\u00ed como votos divididos del PRI y del PRD votaron a favor, en contra toda la bancada del PAN, el Grupo Plural, Movimiento Ciudadano algunos del PRI y un senador del PRD.<\/p>\n<p>Para lograr la aprobaci\u00f3n se realizaron dos sesiones este martes 4 de octubre, la matutina, en la que se le dio la primera lectura al dictamen y la vespertina en donde se llev\u00f3 a cabo un muy amplio debate.<\/p>\n<p>Cabe mencionar que los senadores del PRI Miguel \u00c1ngel Osorio Chong, Claudia Ruiz Massieu y Beatriz Paredes votaron en contra de la propuesta, mientras nueve priistas si votaron a favor; en tanto dos perredistas Antonio Garc\u00eda y Miguel \u00c1ngel Mancera votaron a favor.<\/p>\n<p><a href=\"https:\/\/laredsocial-noticias.com\/wp\/wp-content\/uploads\/2022\/10\/354E8183-ADDF-4A1B-B267-1DBB26E0EAD5.jpeg\"><img loading=\"lazy\" decoding=\"async\" class=\"alignleft size-full wp-image-179262\" src=\"https:\/\/laredsocial-noticias.com\/wp\/wp-content\/uploads\/2022\/10\/354E8183-ADDF-4A1B-B267-1DBB26E0EAD5.jpeg\" alt=\"\" width=\"1024\" height=\"683\" \/><\/a><\/p>\n<p>El documento denominado Modificaciones Decreto del Dictamen de las Comisiones Unidas de Puntos Constitucionales y de Estudios Legislativos Segundo, reform\u00f3 el art\u00edculo Quinto Transitorio del Decreto por el que se reforma, adiciona y deroga diversas disposiciones de la Constituci\u00f3n Pol\u00edtica de los Estados Unidos Mexicanos en materia de Guardia Nacional, publicado en el Diario Oficial de la Federaci\u00f3n el 26 de marzo del 2019.<\/p>\n<p>Se\u00f1ala que, conforme a los t\u00e9rminos planteados por la Suprema Corte de Justicia de la Naci\u00f3n, esa participaci\u00f3n deber\u00e1 ser extraordinaria, regulada, fiscalizada, subordinada y complementaria, de forma tal que las labores de apoyo que la Fuerza Armada preste a las instituciones de seguridad p\u00fablica solo puedan realizarse en su auxilio o complemento, y se encuentren fundadas y motivadas.<\/p>\n<p>La propuesta advierte que las Fuerzas Armadas permanente realizar\u00e1n tareas de seguridad p\u00fablica con su organizaci\u00f3n y medios, y deber\u00e1 capacitarse en la doctrina policial civil establecida en el art\u00edculo 21 de esta Constituci\u00f3n.<\/p>\n","protected":false},"excerpt":{"rendered":"<p>Se aprob\u00f3 por mayor\u00eda calificada la ampliaci\u00f3n del plazo de la labor de las fuerzas armadas hasta 2028 en materia&#8230;<\/p>\n","protected":false},"author":1,"featured_media":0,"comment_status":"closed","ping_status":"closed","sticky":false,"template":"","format":"standard","meta":{"footnotes":""},"categories":[27,13,59],"tags":[],"class_list":["post-179258","post","type-post","status-publish","format-standard","hentry","category-congreso-de-la-union","category-seguridad-nacional","category-senado"],"yoast_head":"<!-- This site is optimized with the Yoast SEO plugin v26.5 - https:\/\/yoast.com\/wordpress\/plugins\/seo\/ -->\n<title>APRUEBAN EN EL SENADO DICTAMEN MODIFICADO QUE AMPLIA PLAZO DE FUERZAS ARMADAS EN LAS CALLES - NOTICIAS<\/title>\n<meta name=\"robots\" content=\"index, follow, max-snippet:-1, max-image-preview:large, max-video-preview:-1\" \/>\n<link rel=\"canonical\" href=\"https:\/\/laredsocial-noticias.com\/wp\/aprueban-en-el-senado-dictamen-modificado-que-amplia-plazo-de-fuerzas-armadas-en-las-calles\/\" \/>\n<meta property=\"og:locale\" content=\"es_ES\" \/>\n<meta property=\"og:type\" content=\"article\" \/>\n<meta property=\"og:title\" content=\"APRUEBAN EN EL SENADO DICTAMEN MODIFICADO QUE AMPLIA PLAZO DE FUERZAS ARMADAS EN LAS CALLES - NOTICIAS\" \/>\n<meta property=\"og:description\" content=\"Se aprob\u00f3 por mayor\u00eda calificada la ampliaci\u00f3n del plazo de la labor de las fuerzas armadas hasta 2028 en materia...\" \/>\n<meta property=\"og:url\" content=\"https:\/\/laredsocial-noticias.com\/wp\/aprueban-en-el-senado-dictamen-modificado-que-amplia-plazo-de-fuerzas-armadas-en-las-calles\/\" \/>\n<meta property=\"og:site_name\" content=\"NOTICIAS\" \/>\n<meta property=\"article:published_time\" content=\"2022-10-05T04:10:49+00:00\" \/>\n<meta property=\"article:modified_time\" content=\"2022-10-05T04:15:38+00:00\" \/>\n<meta property=\"og:image\" content=\"https:\/\/laredsocial-noticias.com\/wp\/wp-content\/uploads\/2022\/10\/1D155290-0C68-45AA-823F-2E9E97A4354A.jpeg\" \/>\n\t<meta property=\"og:image:width\" content=\"1024\" \/>\n\t<meta property=\"og:image:height\" content=\"769\" \/>\n\t<meta property=\"og:image:type\" content=\"image\/jpeg\" \/>\n<meta name=\"author\" content=\"Editor en Jefe\" \/>\n<meta name=\"twitter:card\" content=\"summary_large_image\" \/>\n<meta name=\"twitter:label1\" content=\"Escrito por\" \/>\n\t<meta name=\"twitter:data1\" content=\"Editor en Jefe\" \/>\n\t<meta name=\"twitter:label2\" content=\"Tiempo de lectura\" \/>\n\t<meta name=\"twitter:data2\" content=\"2 minutos\" \/>\n<!-- \/ Yoast SEO plugin. -->","yoast_head_json":{"title":"APRUEBAN EN EL SENADO DICTAMEN MODIFICADO QUE AMPLIA PLAZO DE FUERZAS ARMADAS EN LAS CALLES - NOTICIAS","robots":{"index":"index","follow":"follow","max-snippet":"max-snippet:-1","max-image-preview":"max-image-preview:large","max-video-preview":"max-video-preview:-1"},"canonical":"https:\/\/laredsocial-noticias.com\/wp\/aprueban-en-el-senado-dictamen-modificado-que-amplia-plazo-de-fuerzas-armadas-en-las-calles\/","og_locale":"es_ES","og_type":"article","og_title":"APRUEBAN EN EL SENADO DICTAMEN MODIFICADO QUE AMPLIA PLAZO DE FUERZAS ARMADAS EN LAS CALLES - NOTICIAS","og_description":"Se aprob\u00f3 por mayor\u00eda calificada la ampliaci\u00f3n del plazo de la labor de las fuerzas armadas hasta 2028 en materia...","og_url":"https:\/\/laredsocial-noticias.com\/wp\/aprueban-en-el-senado-dictamen-modificado-que-amplia-plazo-de-fuerzas-armadas-en-las-calles\/","og_site_name":"NOTICIAS","article_published_time":"2022-10-05T04:10:49+00:00","article_modified_time":"2022-10-05T04:15:38+00:00","og_image":[{"width":1024,"height":769,"url":"https:\/\/laredsocial-noticias.com\/wp\/wp-content\/uploads\/2022\/10\/1D155290-0C68-45AA-823F-2E9E97A4354A.jpeg","type":"image\/jpeg"}],"author":"Editor en Jefe","twitter_card":"summary_large_image","twitter_misc":{"Escrito por":"Editor en Jefe","Tiempo de lectura":"2 minutos"},"schema":{"@context":"https:\/\/schema.org","@graph":[{"@type":"WebPage","@id":"https:\/\/laredsocial-noticias.com\/wp\/aprueban-en-el-senado-dictamen-modificado-que-amplia-plazo-de-fuerzas-armadas-en-las-calles\/","url":"https:\/\/laredsocial-noticias.com\/wp\/aprueban-en-el-senado-dictamen-modificado-que-amplia-plazo-de-fuerzas-armadas-en-las-calles\/","name":"APRUEBAN EN EL SENADO DICTAMEN MODIFICADO QUE AMPLIA PLAZO DE FUERZAS ARMADAS EN LAS CALLES - NOTICIAS","isPartOf":{"@id":"https:\/\/laredsocial-noticias.com\/wp\/#website"},"primaryImageOfPage":{"@id":"https:\/\/laredsocial-noticias.com\/wp\/aprueban-en-el-senado-dictamen-modificado-que-amplia-plazo-de-fuerzas-armadas-en-las-calles\/#primaryimage"},"image":{"@id":"https:\/\/laredsocial-noticias.com\/wp\/aprueban-en-el-senado-dictamen-modificado-que-amplia-plazo-de-fuerzas-armadas-en-las-calles\/#primaryimage"},"thumbnailUrl":"https:\/\/laredsocial-noticias.com\/wp\/wp-content\/uploads\/2022\/10\/B60BD4D0-0D01-426A-A7E5-83C9CAA96A83-150x150.jpeg","datePublished":"2022-10-05T04:10:49+00:00","dateModified":"2022-10-05T04:15:38+00:00","author":{"@id":"https:\/\/laredsocial-noticias.com\/wp\/#\/schema\/person\/0ce78643f2de7aae6f6ef10e8453a6e0"},"breadcrumb":{"@id":"https:\/\/laredsocial-noticias.com\/wp\/aprueban-en-el-senado-dictamen-modificado-que-amplia-plazo-de-fuerzas-armadas-en-las-calles\/#breadcrumb"},"inLanguage":"es","potentialAction":[{"@type":"ReadAction","target":["https:\/\/laredsocial-noticias.com\/wp\/aprueban-en-el-senado-dictamen-modificado-que-amplia-plazo-de-fuerzas-armadas-en-las-calles\/"]}]},{"@type":"ImageObject","inLanguage":"es","@id":"https:\/\/laredsocial-noticias.com\/wp\/aprueban-en-el-senado-dictamen-modificado-que-amplia-plazo-de-fuerzas-armadas-en-las-calles\/#primaryimage","url":"","contentUrl":""},{"@type":"BreadcrumbList","@id":"https:\/\/laredsocial-noticias.com\/wp\/aprueban-en-el-senado-dictamen-modificado-que-amplia-plazo-de-fuerzas-armadas-en-las-calles\/#breadcrumb","itemListElement":[{"@type":"ListItem","position":1,"name":"Portada","item":"https:\/\/laredsocial-noticias.com\/wp\/"},{"@type":"ListItem","position":2,"name":"APRUEBAN EN EL SENADO DICTAMEN MODIFICADO QUE AMPLIA PLAZO DE FUERZAS ARMADAS EN LAS CALLES"}]},{"@type":"WebSite","@id":"https:\/\/laredsocial-noticias.com\/wp\/#website","url":"https:\/\/laredsocial-noticias.com\/wp\/","name":"NOTICIAS","description":"Lo que se ve y se dice en las redes sociales","potentialAction":[{"@type":"SearchAction","target":{"@type":"EntryPoint","urlTemplate":"https:\/\/laredsocial-noticias.com\/wp\/?s={search_term_string}"},"query-input":{"@type":"PropertyValueSpecification","valueRequired":true,"valueName":"search_term_string"}}],"inLanguage":"es"},{"@type":"Person","@id":"https:\/\/laredsocial-noticias.com\/wp\/#\/schema\/person\/0ce78643f2de7aae6f6ef10e8453a6e0","name":"Editor en Jefe","url":"https:\/\/laredsocial-noticias.com\/wp\/author\/jorgeochoa\/"}]}},"_links":{"self":[{"href":"https:\/\/laredsocial-noticias.com\/wp\/wp-json\/wp\/v2\/posts\/179258","targetHints":{"allow":["GET"]}}],"collection":[{"href":"https:\/\/laredsocial-noticias.com\/wp\/wp-json\/wp\/v2\/posts"}],"about":[{"href":"https:\/\/laredsocial-noticias.com\/wp\/wp-json\/wp\/v2\/types\/post"}],"author":[{"embeddable":true,"href":"https:\/\/laredsocial-noticias.com\/wp\/wp-json\/wp\/v2\/users\/1"}],"replies":[{"embeddable":true,"href":"https:\/\/laredsocial-noticias.com\/wp\/wp-json\/wp\/v2\/comments?post=179258"}],"version-history":[{"count":2,"href":"https:\/\/laredsocial-noticias.com\/wp\/wp-json\/wp\/v2\/posts\/179258\/revisions"}],"predecessor-version":[{"id":179263,"href":"https:\/\/laredsocial-noticias.com\/wp\/wp-json\/wp\/v2\/posts\/179258\/revisions\/179263"}],"wp:attachment":[{"href":"https:\/\/laredsocial-noticias.com\/wp\/wp-json\/wp\/v2\/media?parent=179258"}],"wp:term":[{"taxonomy":"category","embeddable":true,"href":"https:\/\/laredsocial-noticias.com\/wp\/wp-json\/wp\/v2\/categories?post=179258"},{"taxonomy":"post_tag","embeddable":true,"href":"https:\/\/laredsocial-noticias.com\/wp\/wp-json\/wp\/v2\/tags?post=179258"}],"curies":[{"name":"wp","href":"https:\/\/api.w.org\/{rel}","templated":true}]}}