{"id":179459,"date":"2022-10-06T17:53:33","date_gmt":"2022-10-06T22:53:33","guid":{"rendered":"https:\/\/laredsocial-noticias.com\/wp\/?p=179459"},"modified":"2022-10-06T18:00:33","modified_gmt":"2022-10-06T23:00:33","slug":"de-la-ciudad-68","status":"publish","type":"post","link":"https:\/\/laredsocial-noticias.com\/wp\/de-la-ciudad-68\/","title":{"rendered":"De la Ciudad"},"content":{"rendered":"<p><strong><img loading=\"lazy\" decoding=\"async\" class=\"alignnone size-full wp-image-162146\" src=\"https:\/\/laredsocial-noticias.com\/wp\/wp-content\/uploads\/2022\/02\/foto.gpb_.traje_.escritoio.bandera-2.jpg\" alt=\"\" width=\"108\" height=\"120\" \/>\u00a0<\/strong><\/p>\n<p><strong>Por Guillermo Pimentel Balderas<\/strong><\/p>\n<p><strong>\u00a1Alzar la voz o perder la patria!<\/strong><\/p>\n<p>El campo es vida, pero tal parece que a este gobierno de \u201cCuarta\u201d no le importa, no le interesa no solo el bienestar de la poblaci\u00f3n, su alimentaci\u00f3n, sino tampoco su salud.<\/p>\n<p>El presidente y algunos empresarios \u201cquitapones\u201d se apegan a un programa neoliberal, con soluciones simples a problemas reales. As\u00ed es, varios profesionistas de la agricultura \u2013extensionistas-, consultados por este columnista est\u00e1n seguros que la salida de facilitar la importaci\u00f3n de alimentos, libre de aranceles y hasta de protocolos sanitarios, cae en lo m\u00e1s absurdo como instrumento de pol\u00edtica p\u00fablica.<\/p>\n<p>\u201cLa verdad que estamos en la era del absurdo\u201d, manifiestan y plantean que si el discurso establece la autosuficiencia alimentaria, lo l\u00f3gico es extremadamente l\u00f3gico; es decir, se deben otorgar: 1. Incentivos para producir ma\u00edz amarillo. 2. Incentivos para producir arroz, trigo, Palma de aceite, soya. 3. Incentivos para producir Leche.<\/p>\n<p>Porque, cuestionan: \u00bfComo pretenden lograr un objetivo de pol\u00edtica agr\u00edcola, si no le destinan acciones y presupuesto para lograrlo? y rematan: \u201cLa salida neoliberal, facilitar la importaci\u00f3n de alimentos, libre de aranceles y hasta de protocolos sanitarios, la verdad que estamos en la era del absurdo como instrumento de pol\u00edtica p\u00fablica\u201d.<\/p>\n<p>Los agr\u00f3nomos consultados, entre ellos, profesionistas del agro, acad\u00e9micos y tambi\u00e9n productores, en forma contundente afirman: \u201clo \u00fanico que puede salvar a la naci\u00f3n es la organizaci\u00f3n social productiva\u201d.<\/p>\n<p>Sostienen que en sus investigaciones no encontraron el Programa Nacional de Cooperativas y que, mediatizando el potencial organizativo de los peque\u00f1os productores, \u201cnos acercamos m\u00e1s a un modelo neoliberal que de izquierda\u201d.<\/p>\n<p>Por otro lado, califican como criminal la decisi\u00f3n de este gobierno otorgar una Licencia \u00danica Universal para Importaci\u00f3n y Distribuci\u00f3n de Alimentos para dejar pasar productos agropecuarios a M\u00e9xico sin ning\u00fan tipo de inspecci\u00f3n fitosanitaria.<\/p>\n<p>Advierten que este panorama \u2013fuera de las reglas jur\u00eddicas-, pone en riesgo las importaciones que podr\u00edan ser desde productos caducados hasta carnes congeladas cerca de su caducidad o vegetales con plagas, lo que pone en riesgo no solo la salud humana sino tambi\u00e9n animal.<\/p>\n<p>Cabe se\u00f1alar que, al igual que los agr\u00f3nomos, hay especialistas en el tema que opinan que una importaci\u00f3n sin control y cerras las exportaciones, con la cancelaci\u00f3n de vender ma\u00edz blanco, frijol, sardinas, es una p\u00e9sima decisi\u00f3n gubernamental, ya sea por desconocimiento o por negligencia.<\/p>\n<p>Esto, indica que est\u00e1 m\u00e1s que comprobado que la Sader, Senasica, y Cofepris, son meros floreros del presidente. Igualmente, las dem\u00e1s dependencias e instituciones de la 4T que, solo reciben \u00f3rdenes de su \u201cJefe\u201d y, pobre de aquel que no las cumpla.<\/p>\n<p>En definitiva, es elocuente que estas medidas \u201cneoliberales\u201d para nada ayudaran a detener la inflaci\u00f3n, pero s\u00ed se pondr\u00e1 en riesgo las exportaciones agroalimentarias mexicanas y, con las importaciones sin control, la salud de todos los mexicanos. No se midieron las consecuencias.<\/p>\n<p><strong>Otras fichas<\/strong><\/p>\n<p>Da pena el servilismo de la \u201ccorcholata de cobre\u201d Monreal por un proyecto pol\u00edtico. Recordamos que en la CNC hizo un berrinche y que lo corren. El dice que renunci\u00f3. Da pena Quintero que hasta los mismos morenistas \u201cacarreados\u201d a la ampliaci\u00f3n del informe de su \u201cJefa\u201d \u00a1lo abuchearon! Da pena el ISSSTE, sigue el maltrato administrativo a los derechohabientes, particularmente en la Cl\u00ednica Moctezuma. Bien dec\u00eda mi abuelita\u2026 \u00a1todos tienen la cola sucia!<\/p>\n<p>Correo: delaciudad008<a href=\"mailto:guillermo.pumageneracion1979@gmail.com\">@gmail.com<\/a><\/p>\n","protected":false},"excerpt":{"rendered":"<p>\u00a0 Por Guillermo Pimentel Balderas \u00a1Alzar la voz o perder la patria! El campo es vida, pero tal parece que&#8230;<\/p>\n","protected":false},"author":10,"featured_media":0,"comment_status":"closed","ping_status":"closed","sticky":false,"template":"","format":"standard","meta":{"footnotes":""},"categories":[11380,11736],"tags":[],"class_list":["post-179459","post","type-post","status-publish","format-standard","hentry","category-columna-de-la-ciudad","category-columnistas"],"yoast_head":"<!-- This site is optimized with the Yoast SEO plugin v26.5 - https:\/\/yoast.com\/wordpress\/plugins\/seo\/ -->\n<title>De la Ciudad - NOTICIAS<\/title>\n<meta name=\"robots\" content=\"index, follow, max-snippet:-1, max-image-preview:large, max-video-preview:-1\" \/>\n<link rel=\"canonical\" href=\"https:\/\/laredsocial-noticias.com\/wp\/de-la-ciudad-68\/\" \/>\n<meta property=\"og:locale\" content=\"es_ES\" \/>\n<meta property=\"og:type\" content=\"article\" \/>\n<meta property=\"og:title\" content=\"De la Ciudad - NOTICIAS\" \/>\n<meta property=\"og:description\" content=\"\u00a0 Por Guillermo Pimentel Balderas \u00a1Alzar la voz o perder la patria! El campo es vida, pero tal parece que...\" \/>\n<meta property=\"og:url\" content=\"https:\/\/laredsocial-noticias.com\/wp\/de-la-ciudad-68\/\" \/>\n<meta property=\"og:site_name\" content=\"NOTICIAS\" \/>\n<meta property=\"article:published_time\" content=\"2022-10-06T22:53:33+00:00\" \/>\n<meta property=\"article:modified_time\" content=\"2022-10-06T23:00:33+00:00\" \/>\n<meta property=\"og:image\" content=\"https:\/\/laredsocial-noticias.com\/wp\/wp-content\/uploads\/2022\/10\/FOTO-AMLO-EMPRESARIOS-OCT.22.jpeg\" \/>\n\t<meta property=\"og:image:width\" content=\"372\" \/>\n\t<meta property=\"og:image:height\" content=\"249\" \/>\n\t<meta property=\"og:image:type\" content=\"image\/jpeg\" \/>\n<meta name=\"author\" content=\"Guillermo Pimentel\" \/>\n<meta name=\"twitter:card\" content=\"summary_large_image\" \/>\n<meta name=\"twitter:label1\" content=\"Escrito por\" \/>\n\t<meta name=\"twitter:data1\" content=\"Guillermo Pimentel\" \/>\n\t<meta name=\"twitter:label2\" content=\"Tiempo de lectura\" \/>\n\t<meta name=\"twitter:data2\" content=\"3 minutos\" \/>\n<!-- \/ Yoast SEO plugin. -->","yoast_head_json":{"title":"De la Ciudad - NOTICIAS","robots":{"index":"index","follow":"follow","max-snippet":"max-snippet:-1","max-image-preview":"max-image-preview:large","max-video-preview":"max-video-preview:-1"},"canonical":"https:\/\/laredsocial-noticias.com\/wp\/de-la-ciudad-68\/","og_locale":"es_ES","og_type":"article","og_title":"De la Ciudad - NOTICIAS","og_description":"\u00a0 Por Guillermo Pimentel Balderas \u00a1Alzar la voz o perder la patria! El campo es vida, pero tal parece que...","og_url":"https:\/\/laredsocial-noticias.com\/wp\/de-la-ciudad-68\/","og_site_name":"NOTICIAS","article_published_time":"2022-10-06T22:53:33+00:00","article_modified_time":"2022-10-06T23:00:33+00:00","og_image":[{"width":372,"height":249,"url":"https:\/\/laredsocial-noticias.com\/wp\/wp-content\/uploads\/2022\/10\/FOTO-AMLO-EMPRESARIOS-OCT.22.jpeg","type":"image\/jpeg"}],"author":"Guillermo Pimentel","twitter_card":"summary_large_image","twitter_misc":{"Escrito por":"Guillermo Pimentel","Tiempo de lectura":"3 minutos"},"schema":{"@context":"https:\/\/schema.org","@graph":[{"@type":"WebPage","@id":"https:\/\/laredsocial-noticias.com\/wp\/de-la-ciudad-68\/","url":"https:\/\/laredsocial-noticias.com\/wp\/de-la-ciudad-68\/","name":"De la Ciudad - NOTICIAS","isPartOf":{"@id":"https:\/\/laredsocial-noticias.com\/wp\/#website"},"primaryImageOfPage":{"@id":"https:\/\/laredsocial-noticias.com\/wp\/de-la-ciudad-68\/#primaryimage"},"image":{"@id":"https:\/\/laredsocial-noticias.com\/wp\/de-la-ciudad-68\/#primaryimage"},"thumbnailUrl":"https:\/\/laredsocial-noticias.com\/wp\/wp-content\/uploads\/2022\/02\/foto.gpb_.traje_.escritoio.bandera-2.jpg","datePublished":"2022-10-06T22:53:33+00:00","dateModified":"2022-10-06T23:00:33+00:00","author":{"@id":"https:\/\/laredsocial-noticias.com\/wp\/#\/schema\/person\/9c09eb8c35c46dac6d30e2baff4b64d6"},"breadcrumb":{"@id":"https:\/\/laredsocial-noticias.com\/wp\/de-la-ciudad-68\/#breadcrumb"},"inLanguage":"es","potentialAction":[{"@type":"ReadAction","target":["https:\/\/laredsocial-noticias.com\/wp\/de-la-ciudad-68\/"]}]},{"@type":"ImageObject","inLanguage":"es","@id":"https:\/\/laredsocial-noticias.com\/wp\/de-la-ciudad-68\/#primaryimage","url":"","contentUrl":""},{"@type":"BreadcrumbList","@id":"https:\/\/laredsocial-noticias.com\/wp\/de-la-ciudad-68\/#breadcrumb","itemListElement":[{"@type":"ListItem","position":1,"name":"Portada","item":"https:\/\/laredsocial-noticias.com\/wp\/"},{"@type":"ListItem","position":2,"name":"De la Ciudad"}]},{"@type":"WebSite","@id":"https:\/\/laredsocial-noticias.com\/wp\/#website","url":"https:\/\/laredsocial-noticias.com\/wp\/","name":"NOTICIAS","description":"Lo que se ve y se dice en las redes sociales","potentialAction":[{"@type":"SearchAction","target":{"@type":"EntryPoint","urlTemplate":"https:\/\/laredsocial-noticias.com\/wp\/?s={search_term_string}"},"query-input":{"@type":"PropertyValueSpecification","valueRequired":true,"valueName":"search_term_string"}}],"inLanguage":"es"},{"@type":"Person","@id":"https:\/\/laredsocial-noticias.com\/wp\/#\/schema\/person\/9c09eb8c35c46dac6d30e2baff4b64d6","name":"Guillermo Pimentel","url":"https:\/\/laredsocial-noticias.com\/wp\/author\/guillermo\/"}]}},"_links":{"self":[{"href":"https:\/\/laredsocial-noticias.com\/wp\/wp-json\/wp\/v2\/posts\/179459","targetHints":{"allow":["GET"]}}],"collection":[{"href":"https:\/\/laredsocial-noticias.com\/wp\/wp-json\/wp\/v2\/posts"}],"about":[{"href":"https:\/\/laredsocial-noticias.com\/wp\/wp-json\/wp\/v2\/types\/post"}],"author":[{"embeddable":true,"href":"https:\/\/laredsocial-noticias.com\/wp\/wp-json\/wp\/v2\/users\/10"}],"replies":[{"embeddable":true,"href":"https:\/\/laredsocial-noticias.com\/wp\/wp-json\/wp\/v2\/comments?post=179459"}],"version-history":[{"count":1,"href":"https:\/\/laredsocial-noticias.com\/wp\/wp-json\/wp\/v2\/posts\/179459\/revisions"}],"predecessor-version":[{"id":179461,"href":"https:\/\/laredsocial-noticias.com\/wp\/wp-json\/wp\/v2\/posts\/179459\/revisions\/179461"}],"wp:attachment":[{"href":"https:\/\/laredsocial-noticias.com\/wp\/wp-json\/wp\/v2\/media?parent=179459"}],"wp:term":[{"taxonomy":"category","embeddable":true,"href":"https:\/\/laredsocial-noticias.com\/wp\/wp-json\/wp\/v2\/categories?post=179459"},{"taxonomy":"post_tag","embeddable":true,"href":"https:\/\/laredsocial-noticias.com\/wp\/wp-json\/wp\/v2\/tags?post=179459"}],"curies":[{"name":"wp","href":"https:\/\/api.w.org\/{rel}","templated":true}]}}