{"id":179823,"date":"2022-10-11T17:00:24","date_gmt":"2022-10-11T22:00:24","guid":{"rendered":"https:\/\/laredsocial-noticias.com\/wp\/?p=179823"},"modified":"2022-10-11T14:48:05","modified_gmt":"2022-10-11T19:48:05","slug":"ecatepec-detienen-a-maestra-por-violacion-a-alumna-de-4-anos","status":"publish","type":"post","link":"https:\/\/laredsocial-noticias.com\/wp\/ecatepec-detienen-a-maestra-por-violacion-a-alumna-de-4-anos\/","title":{"rendered":"Ecatepec: Detienen a maestra por violaci\u00f3n a alumna de 4 a\u00f1os"},"content":{"rendered":"<p>La Fiscal\u00eda General de Justicia (FGJ) del Estado de M\u00e9xico detuvo a Claudia Karina \u201cN\u201d maestra de una escuela de nivel b\u00e1sico, tras el presunto delito de violaci\u00f3n a una menor de 4 a\u00f1os.<\/p>\n<p>La madre de la menor fue quien denunci\u00f3 ante la Fiscal\u00eda del Estado de M\u00e9xico el abuso, por lo que la dependencia comenz\u00f3 las investigaciones hacia Claudia Karina \u201cN\u201d quien, de acuerdo a las indagatorias, el pasado 27 de septiembre agredi\u00f3 a la menor en el centro educativo.<\/p>\n<p>Claudia Karina \u201cN\u201d era parte del equipo docente en un plantel educativo ubicado en el municipio de Ecatepec, en el Estado de M\u00e9xico.<\/p>\n<p>Al ser detenida, fue trasladada para su ingreso al penal estatal de Chiconautla, donde qued\u00f3 a disposici\u00f3n de un juez, quien determinar\u00e1 su situaci\u00f3n legal.<\/p>\n","protected":false},"excerpt":{"rendered":"<p>La Fiscal\u00eda General de Justicia (FGJ) del Estado de M\u00e9xico detuvo a Claudia Karina \u201cN\u201d maestra de una escuela de&#8230;<\/p>\n","protected":false},"author":1,"featured_media":0,"comment_status":"open","ping_status":"closed","sticky":false,"template":"","format":"standard","meta":{"footnotes":""},"categories":[2379,6026],"tags":[4959,77],"class_list":["post-179823","post","type-post","status-publish","format-standard","hentry","category-estados-2","category-portada","tag-featured","tag-principal"],"yoast_head":"<!-- This site is optimized with the Yoast SEO plugin v26.5 - https:\/\/yoast.com\/wordpress\/plugins\/seo\/ -->\n<title>Ecatepec: Detienen a maestra por violaci\u00f3n a alumna de 4 a\u00f1os - NOTICIAS<\/title>\n<meta name=\"robots\" content=\"index, follow, max-snippet:-1, max-image-preview:large, max-video-preview:-1\" \/>\n<link rel=\"canonical\" href=\"https:\/\/laredsocial-noticias.com\/wp\/ecatepec-detienen-a-maestra-por-violacion-a-alumna-de-4-anos\/\" \/>\n<meta property=\"og:locale\" content=\"es_ES\" \/>\n<meta property=\"og:type\" content=\"article\" \/>\n<meta property=\"og:title\" content=\"Ecatepec: Detienen a maestra por violaci\u00f3n a alumna de 4 a\u00f1os - NOTICIAS\" \/>\n<meta property=\"og:description\" content=\"La Fiscal\u00eda General de Justicia (FGJ) del Estado de M\u00e9xico detuvo a Claudia Karina \u201cN\u201d maestra de una escuela de...\" \/>\n<meta property=\"og:url\" content=\"https:\/\/laredsocial-noticias.com\/wp\/ecatepec-detienen-a-maestra-por-violacion-a-alumna-de-4-anos\/\" \/>\n<meta property=\"og:site_name\" content=\"NOTICIAS\" \/>\n<meta property=\"article:published_time\" content=\"2022-10-11T22:00:24+00:00\" \/>\n<meta property=\"og:image\" content=\"https:\/\/laredsocial-noticias.com\/wp\/wp-content\/uploads\/2022\/10\/detienen-maestra-kinder-violacion.png\" \/>\n\t<meta property=\"og:image:width\" content=\"1280\" \/>\n\t<meta property=\"og:image:height\" content=\"720\" \/>\n\t<meta property=\"og:image:type\" content=\"image\/png\" \/>\n<meta name=\"author\" content=\"Editor en Jefe\" \/>\n<meta name=\"twitter:card\" content=\"summary_large_image\" \/>\n<meta name=\"twitter:label1\" content=\"Escrito por\" \/>\n\t<meta name=\"twitter:data1\" content=\"Editor en Jefe\" \/>\n\t<meta name=\"twitter:label2\" content=\"Tiempo de lectura\" \/>\n\t<meta name=\"twitter:data2\" content=\"1 minuto\" \/>\n<!-- \/ Yoast SEO plugin. -->","yoast_head_json":{"title":"Ecatepec: Detienen a maestra por violaci\u00f3n a alumna de 4 a\u00f1os - NOTICIAS","robots":{"index":"index","follow":"follow","max-snippet":"max-snippet:-1","max-image-preview":"max-image-preview:large","max-video-preview":"max-video-preview:-1"},"canonical":"https:\/\/laredsocial-noticias.com\/wp\/ecatepec-detienen-a-maestra-por-violacion-a-alumna-de-4-anos\/","og_locale":"es_ES","og_type":"article","og_title":"Ecatepec: Detienen a maestra por violaci\u00f3n a alumna de 4 a\u00f1os - NOTICIAS","og_description":"La Fiscal\u00eda General de Justicia (FGJ) del Estado de M\u00e9xico detuvo a Claudia Karina \u201cN\u201d maestra de una escuela de...","og_url":"https:\/\/laredsocial-noticias.com\/wp\/ecatepec-detienen-a-maestra-por-violacion-a-alumna-de-4-anos\/","og_site_name":"NOTICIAS","article_published_time":"2022-10-11T22:00:24+00:00","og_image":[{"width":1280,"height":720,"url":"https:\/\/laredsocial-noticias.com\/wp\/wp-content\/uploads\/2022\/10\/detienen-maestra-kinder-violacion.png","type":"image\/png"}],"author":"Editor en Jefe","twitter_card":"summary_large_image","twitter_misc":{"Escrito por":"Editor en Jefe","Tiempo de lectura":"1 minuto"},"schema":{"@context":"https:\/\/schema.org","@graph":[{"@type":"WebPage","@id":"https:\/\/laredsocial-noticias.com\/wp\/ecatepec-detienen-a-maestra-por-violacion-a-alumna-de-4-anos\/","url":"https:\/\/laredsocial-noticias.com\/wp\/ecatepec-detienen-a-maestra-por-violacion-a-alumna-de-4-anos\/","name":"Ecatepec: Detienen a maestra por violaci\u00f3n a alumna de 4 a\u00f1os - NOTICIAS","isPartOf":{"@id":"https:\/\/laredsocial-noticias.com\/wp\/#website"},"datePublished":"2022-10-11T22:00:24+00:00","author":{"@id":"https:\/\/laredsocial-noticias.com\/wp\/#\/schema\/person\/0ce78643f2de7aae6f6ef10e8453a6e0"},"breadcrumb":{"@id":"https:\/\/laredsocial-noticias.com\/wp\/ecatepec-detienen-a-maestra-por-violacion-a-alumna-de-4-anos\/#breadcrumb"},"inLanguage":"es","potentialAction":[{"@type":"ReadAction","target":["https:\/\/laredsocial-noticias.com\/wp\/ecatepec-detienen-a-maestra-por-violacion-a-alumna-de-4-anos\/"]}]},{"@type":"BreadcrumbList","@id":"https:\/\/laredsocial-noticias.com\/wp\/ecatepec-detienen-a-maestra-por-violacion-a-alumna-de-4-anos\/#breadcrumb","itemListElement":[{"@type":"ListItem","position":1,"name":"Portada","item":"https:\/\/laredsocial-noticias.com\/wp\/"},{"@type":"ListItem","position":2,"name":"Ecatepec: Detienen a maestra por violaci\u00f3n a alumna de 4 a\u00f1os"}]},{"@type":"WebSite","@id":"https:\/\/laredsocial-noticias.com\/wp\/#website","url":"https:\/\/laredsocial-noticias.com\/wp\/","name":"NOTICIAS","description":"Lo que se ve y se dice en las redes sociales","potentialAction":[{"@type":"SearchAction","target":{"@type":"EntryPoint","urlTemplate":"https:\/\/laredsocial-noticias.com\/wp\/?s={search_term_string}"},"query-input":{"@type":"PropertyValueSpecification","valueRequired":true,"valueName":"search_term_string"}}],"inLanguage":"es"},{"@type":"Person","@id":"https:\/\/laredsocial-noticias.com\/wp\/#\/schema\/person\/0ce78643f2de7aae6f6ef10e8453a6e0","name":"Editor en Jefe","url":"https:\/\/laredsocial-noticias.com\/wp\/author\/jorgeochoa\/"}]}},"_links":{"self":[{"href":"https:\/\/laredsocial-noticias.com\/wp\/wp-json\/wp\/v2\/posts\/179823","targetHints":{"allow":["GET"]}}],"collection":[{"href":"https:\/\/laredsocial-noticias.com\/wp\/wp-json\/wp\/v2\/posts"}],"about":[{"href":"https:\/\/laredsocial-noticias.com\/wp\/wp-json\/wp\/v2\/types\/post"}],"author":[{"embeddable":true,"href":"https:\/\/laredsocial-noticias.com\/wp\/wp-json\/wp\/v2\/users\/1"}],"replies":[{"embeddable":true,"href":"https:\/\/laredsocial-noticias.com\/wp\/wp-json\/wp\/v2\/comments?post=179823"}],"version-history":[{"count":1,"href":"https:\/\/laredsocial-noticias.com\/wp\/wp-json\/wp\/v2\/posts\/179823\/revisions"}],"predecessor-version":[{"id":179824,"href":"https:\/\/laredsocial-noticias.com\/wp\/wp-json\/wp\/v2\/posts\/179823\/revisions\/179824"}],"wp:attachment":[{"href":"https:\/\/laredsocial-noticias.com\/wp\/wp-json\/wp\/v2\/media?parent=179823"}],"wp:term":[{"taxonomy":"category","embeddable":true,"href":"https:\/\/laredsocial-noticias.com\/wp\/wp-json\/wp\/v2\/categories?post=179823"},{"taxonomy":"post_tag","embeddable":true,"href":"https:\/\/laredsocial-noticias.com\/wp\/wp-json\/wp\/v2\/tags?post=179823"}],"curies":[{"name":"wp","href":"https:\/\/api.w.org\/{rel}","templated":true}]}}