{"id":180358,"date":"2022-10-19T12:12:17","date_gmt":"2022-10-19T17:12:17","guid":{"rendered":"https:\/\/laredsocial-noticias.com\/wp\/?p=180358"},"modified":"2022-10-19T12:12:27","modified_gmt":"2022-10-19T17:12:27","slug":"feminicidio-pandemia-que-azota-a-las-mujeres-armenta","status":"publish","type":"post","link":"https:\/\/laredsocial-noticias.com\/wp\/feminicidio-pandemia-que-azota-a-las-mujeres-armenta\/","title":{"rendered":"Feminicidio, pandemia que azota a las mujeres: Armenta"},"content":{"rendered":"<p><a href=\"https:\/\/laredsocial-noticias.com\/wp\/wp-content\/uploads\/2022\/10\/AB4CDB03-EB9E-4234-86B4-08428978BF47.jpeg\"><img loading=\"lazy\" decoding=\"async\" class=\"alignleft size-thumbnail wp-image-180361\" src=\"https:\/\/laredsocial-noticias.com\/wp\/wp-content\/uploads\/2022\/10\/AB4CDB03-EB9E-4234-86B4-08428978BF47-150x150.jpeg\" alt=\"\" width=\"150\" height=\"150\" \/><\/a>Como una pandemia que azota a las familias de M\u00e9xico, califico Alejandro Armenta, presidente del Senado a este delito que, reconoci\u00f3, ha aumentado en las \u00faltimas d\u00e9cadas.<\/p>\n<p>Al inaugurar el Foro Nacional sobre Feminicidio: Visiones y Soluciones, organizado por el Senado, reconoci\u00f3 que en las \u00faltimas d\u00e9cadas ha habido una afectaci\u00f3n al derecho humano de la vida de las mujeres.<\/p>\n<p>Y en este sentido, consider\u00f3 que el feminicidio se comete principalmente en contra de las mujeres m\u00e1s desprotegidas.<\/p>\n<p>\u201cEl rostro de la pobreza, de la marginaci\u00f3n y de la injusticia, es un rostro de mujer ind\u00edgena, de mujer trabajadora, de mujer empresaria \u201c, dijo.<\/p>\n<p>Alejandro Armenta lament\u00f3 que hasta en los organismos cupulares-empresariales, se vea la falta de acceso a las mujeres ya que, \u201cpocos organismos empresariales tienen participaci\u00f3n de las mujeres\u201d.<\/p>\n<p>Para erradicar esta situaci\u00f3n Armenta Mier destac\u00f3 que se realicen este tipo de foros en el Senado, al tiempo que resalt\u00f3 el compromiso de los y las senadoras de legislar para avanzar en la protecci\u00f3n de la vida y de los derechos de las mujeres.<\/p>\n<p>Por su parte, Andrew Rudman, director del Instituto M\u00e9xico del Centro Wilson, mencion\u00f3 que la aspiraci\u00f3n es generar acciones concretas y propuestas legislativas que ayuden a reducir y a erradicar el feminicidio en el pa\u00eds.<\/p>\n<p>\u201cLa tasa de feminicidio seg\u00fan cifras oficiales no ha dejado de crecer desde 2015. Seg\u00fan el reporte del Secretariado Ejecutivo del Sistema Nacional de Seguridad P\u00fablica el a\u00f1o 2021 cerr\u00f3 con m\u00e1s de mil casos de feminicidios y de enero a septiembre del a\u00f1o en curso se registraron 615 presuntos feminicidios en el pa\u00eds\u201d.<\/p>\n<p>*ooOoo*<\/p>\n","protected":false},"excerpt":{"rendered":"<p>Como una pandemia que azota a las familias de M\u00e9xico, califico Alejandro Armenta, presidente del Senado a este delito que,&#8230;<\/p>\n","protected":false},"author":1,"featured_media":0,"comment_status":"closed","ping_status":"closed","sticky":false,"template":"","format":"standard","meta":{"footnotes":""},"categories":[27,2423,59],"tags":[],"class_list":["post-180358","post","type-post","status-publish","format-standard","hentry","category-congreso-de-la-union","category-crimen-organizado","category-senado"],"yoast_head":"<!-- This site is optimized with the Yoast SEO plugin v26.5 - https:\/\/yoast.com\/wordpress\/plugins\/seo\/ -->\n<title>Feminicidio, pandemia que azota a las mujeres: Armenta - NOTICIAS<\/title>\n<meta name=\"robots\" content=\"index, follow, max-snippet:-1, max-image-preview:large, max-video-preview:-1\" \/>\n<link rel=\"canonical\" href=\"https:\/\/laredsocial-noticias.com\/wp\/feminicidio-pandemia-que-azota-a-las-mujeres-armenta\/\" \/>\n<meta property=\"og:locale\" content=\"es_ES\" \/>\n<meta property=\"og:type\" content=\"article\" \/>\n<meta property=\"og:title\" content=\"Feminicidio, pandemia que azota a las mujeres: Armenta - NOTICIAS\" \/>\n<meta property=\"og:description\" content=\"Como una pandemia que azota a las familias de M\u00e9xico, califico Alejandro Armenta, presidente del Senado a este delito que,...\" \/>\n<meta property=\"og:url\" content=\"https:\/\/laredsocial-noticias.com\/wp\/feminicidio-pandemia-que-azota-a-las-mujeres-armenta\/\" \/>\n<meta property=\"og:site_name\" content=\"NOTICIAS\" \/>\n<meta property=\"article:published_time\" content=\"2022-10-19T17:12:17+00:00\" \/>\n<meta property=\"article:modified_time\" content=\"2022-10-19T17:12:27+00:00\" \/>\n<meta property=\"og:image\" content=\"https:\/\/laredsocial-noticias.com\/wp\/wp-content\/uploads\/2022\/10\/ACAD87E0-C346-48D3-A5CA-313FA61E06AA.jpeg\" \/>\n\t<meta property=\"og:image:width\" content=\"1024\" \/>\n\t<meta property=\"og:image:height\" content=\"623\" \/>\n\t<meta property=\"og:image:type\" content=\"image\/jpeg\" \/>\n<meta name=\"author\" content=\"Editor en Jefe\" \/>\n<meta name=\"twitter:card\" content=\"summary_large_image\" \/>\n<meta name=\"twitter:label1\" content=\"Escrito por\" \/>\n\t<meta name=\"twitter:data1\" content=\"Editor en Jefe\" \/>\n\t<meta name=\"twitter:label2\" content=\"Tiempo de lectura\" \/>\n\t<meta name=\"twitter:data2\" content=\"2 minutos\" \/>\n<!-- \/ Yoast SEO plugin. -->","yoast_head_json":{"title":"Feminicidio, pandemia que azota a las mujeres: Armenta - NOTICIAS","robots":{"index":"index","follow":"follow","max-snippet":"max-snippet:-1","max-image-preview":"max-image-preview:large","max-video-preview":"max-video-preview:-1"},"canonical":"https:\/\/laredsocial-noticias.com\/wp\/feminicidio-pandemia-que-azota-a-las-mujeres-armenta\/","og_locale":"es_ES","og_type":"article","og_title":"Feminicidio, pandemia que azota a las mujeres: Armenta - NOTICIAS","og_description":"Como una pandemia que azota a las familias de M\u00e9xico, califico Alejandro Armenta, presidente del Senado a este delito que,...","og_url":"https:\/\/laredsocial-noticias.com\/wp\/feminicidio-pandemia-que-azota-a-las-mujeres-armenta\/","og_site_name":"NOTICIAS","article_published_time":"2022-10-19T17:12:17+00:00","article_modified_time":"2022-10-19T17:12:27+00:00","og_image":[{"width":1024,"height":623,"url":"https:\/\/laredsocial-noticias.com\/wp\/wp-content\/uploads\/2022\/10\/ACAD87E0-C346-48D3-A5CA-313FA61E06AA.jpeg","type":"image\/jpeg"}],"author":"Editor en Jefe","twitter_card":"summary_large_image","twitter_misc":{"Escrito por":"Editor en Jefe","Tiempo de lectura":"2 minutos"},"schema":{"@context":"https:\/\/schema.org","@graph":[{"@type":"WebPage","@id":"https:\/\/laredsocial-noticias.com\/wp\/feminicidio-pandemia-que-azota-a-las-mujeres-armenta\/","url":"https:\/\/laredsocial-noticias.com\/wp\/feminicidio-pandemia-que-azota-a-las-mujeres-armenta\/","name":"Feminicidio, pandemia que azota a las mujeres: Armenta - NOTICIAS","isPartOf":{"@id":"https:\/\/laredsocial-noticias.com\/wp\/#website"},"primaryImageOfPage":{"@id":"https:\/\/laredsocial-noticias.com\/wp\/feminicidio-pandemia-que-azota-a-las-mujeres-armenta\/#primaryimage"},"image":{"@id":"https:\/\/laredsocial-noticias.com\/wp\/feminicidio-pandemia-que-azota-a-las-mujeres-armenta\/#primaryimage"},"thumbnailUrl":"https:\/\/laredsocial-noticias.com\/wp\/wp-content\/uploads\/2022\/10\/AB4CDB03-EB9E-4234-86B4-08428978BF47-150x150.jpeg","datePublished":"2022-10-19T17:12:17+00:00","dateModified":"2022-10-19T17:12:27+00:00","author":{"@id":"https:\/\/laredsocial-noticias.com\/wp\/#\/schema\/person\/0ce78643f2de7aae6f6ef10e8453a6e0"},"breadcrumb":{"@id":"https:\/\/laredsocial-noticias.com\/wp\/feminicidio-pandemia-que-azota-a-las-mujeres-armenta\/#breadcrumb"},"inLanguage":"es","potentialAction":[{"@type":"ReadAction","target":["https:\/\/laredsocial-noticias.com\/wp\/feminicidio-pandemia-que-azota-a-las-mujeres-armenta\/"]}]},{"@type":"ImageObject","inLanguage":"es","@id":"https:\/\/laredsocial-noticias.com\/wp\/feminicidio-pandemia-que-azota-a-las-mujeres-armenta\/#primaryimage","url":"","contentUrl":""},{"@type":"BreadcrumbList","@id":"https:\/\/laredsocial-noticias.com\/wp\/feminicidio-pandemia-que-azota-a-las-mujeres-armenta\/#breadcrumb","itemListElement":[{"@type":"ListItem","position":1,"name":"Portada","item":"https:\/\/laredsocial-noticias.com\/wp\/"},{"@type":"ListItem","position":2,"name":"Feminicidio, pandemia que azota a las mujeres: Armenta"}]},{"@type":"WebSite","@id":"https:\/\/laredsocial-noticias.com\/wp\/#website","url":"https:\/\/laredsocial-noticias.com\/wp\/","name":"NOTICIAS","description":"Lo que se ve y se dice en las redes sociales","potentialAction":[{"@type":"SearchAction","target":{"@type":"EntryPoint","urlTemplate":"https:\/\/laredsocial-noticias.com\/wp\/?s={search_term_string}"},"query-input":{"@type":"PropertyValueSpecification","valueRequired":true,"valueName":"search_term_string"}}],"inLanguage":"es"},{"@type":"Person","@id":"https:\/\/laredsocial-noticias.com\/wp\/#\/schema\/person\/0ce78643f2de7aae6f6ef10e8453a6e0","name":"Editor en Jefe","url":"https:\/\/laredsocial-noticias.com\/wp\/author\/jorgeochoa\/"}]}},"_links":{"self":[{"href":"https:\/\/laredsocial-noticias.com\/wp\/wp-json\/wp\/v2\/posts\/180358","targetHints":{"allow":["GET"]}}],"collection":[{"href":"https:\/\/laredsocial-noticias.com\/wp\/wp-json\/wp\/v2\/posts"}],"about":[{"href":"https:\/\/laredsocial-noticias.com\/wp\/wp-json\/wp\/v2\/types\/post"}],"author":[{"embeddable":true,"href":"https:\/\/laredsocial-noticias.com\/wp\/wp-json\/wp\/v2\/users\/1"}],"replies":[{"embeddable":true,"href":"https:\/\/laredsocial-noticias.com\/wp\/wp-json\/wp\/v2\/comments?post=180358"}],"version-history":[{"count":2,"href":"https:\/\/laredsocial-noticias.com\/wp\/wp-json\/wp\/v2\/posts\/180358\/revisions"}],"predecessor-version":[{"id":180362,"href":"https:\/\/laredsocial-noticias.com\/wp\/wp-json\/wp\/v2\/posts\/180358\/revisions\/180362"}],"wp:attachment":[{"href":"https:\/\/laredsocial-noticias.com\/wp\/wp-json\/wp\/v2\/media?parent=180358"}],"wp:term":[{"taxonomy":"category","embeddable":true,"href":"https:\/\/laredsocial-noticias.com\/wp\/wp-json\/wp\/v2\/categories?post=180358"},{"taxonomy":"post_tag","embeddable":true,"href":"https:\/\/laredsocial-noticias.com\/wp\/wp-json\/wp\/v2\/tags?post=180358"}],"curies":[{"name":"wp","href":"https:\/\/api.w.org\/{rel}","templated":true}]}}