{"id":180950,"date":"2022-10-25T00:05:36","date_gmt":"2022-10-25T05:05:36","guid":{"rendered":"https:\/\/laredsocial-noticias.com\/wp\/?p=180950"},"modified":"2022-10-26T08:42:19","modified_gmt":"2022-10-26T13:42:19","slug":"ong-armada-mundial-de-paz-mexico-defendera-dh-del-transporte-publico-concesionado-individual-colectivo-y-masivo-y-a-sus-usuarios","status":"publish","type":"post","link":"https:\/\/laredsocial-noticias.com\/wp\/ong-armada-mundial-de-paz-mexico-defendera-dh-del-transporte-publico-concesionado-individual-colectivo-y-masivo-y-a-sus-usuarios\/","title":{"rendered":"ONG Armada Mundial de Paz M\u00e9xico defender\u00e1 DH del Transporte P\u00fablico Concesionado individual, colectivo y masivo y a sus usuarios"},"content":{"rendered":"<p>La Capellan\u00eda Armada Mundial de Paz M\u00e9xico delegaci\u00f3n Ciudad de M\u00e9xico fue presentada como la \u00fanica Organizaci\u00f3n No Gubernamental dedicada de manera especializada en la defensa de los Derechos Humanos de los concesionarios y trabajadores del transporte p\u00fablico concesionado de pasajeros (individual, colectivo y masivo &#8211; escolar y for\u00e1neo) y de carga en general, con la sumatoria de que tambi\u00e9n intervendr\u00e1n a favor de los usuarios de todos estos modos de transporte en la capital del pa\u00eds.<\/p>\n<p>El presidente y Fundador de la ONG, Ministro Capell\u00e1n Pablo Favila L\u00f3pez y su presidente en la CDMX, Joel Vel\u00e1zquez Larios presentaron al Primer Visitador y director general de la organizaci\u00f3n en esta capital, Alejandro Reyes Rodr\u00edguez, experto conocedor de temas del transporte en quien recaer\u00e1 la misi\u00f3n de la defensa de los derechos de los transportistas, quien destac\u00f3 que existen violaciones a los derechos humanos de los transportistas desde el mismo momento en el que salen a trabajar, generalmente provocadas por los propios agentes o polic\u00edas de tr\u00e1nsito.<\/p>\n<p>Y a partir de all\u00ed, en el resto de sus actividades donde tienen altercados con las dem\u00e1s autoridades y\/o con los usuarios del transporte, por lo que la ONG Capellan\u00eda Armada Mundial de Paz M\u00e9xico delegaci\u00f3n Ciudad de M\u00e9xico pretende capacitar a los despachadores o a los controladores para que ellos tengan el aprendizaje b\u00e1sico de sus derechos en materia de vialidad, de incidentes o de accidentes, para empezar a ayudar, lo mismo que en las violaciones que se dan a la hora de realizar tr\u00e1mites o gestiones de la unidad concesionada.<\/p>\n<p>Para apoyarlos en estas situaciones existe un gran equipo de car\u00e1cter jur\u00eddico encabezado por Jonathan Duarte Gonz\u00e1lez, quien ofreci\u00f3 la participaci\u00f3n de al menos una decena de abogados con experiencia comprobada en temas de transporte, para dar cauce a los reclamos por violaciones en contra de los concesionarios y sus trabajadores.<\/p>\n<p>Sin embargo, expres\u00f3 el director general de la delegaci\u00f3n Ciudad de M\u00e9xico, Alejandro Reyes, los operadores y\/o concesionarios del transporte p\u00fablico en la Ciudad de M\u00e9xico, adem\u00e1s de ser v\u00edctimas, existen casos donde tambi\u00e9n est\u00e1n del otro lado, motivo por el cual la Capellan\u00eda Armada Mundial de Paz M\u00e9xico tambi\u00e9n se pondr\u00e1 del lado de los usuarios que sean afectados, con el motivo de poder realizar una conciliaci\u00f3n que beneficie a todos y se logre una mejor convivencia entre transportistas, autoridades y usuarios en la Ciudad de M\u00e9xico.<\/p>\n<p>Alejandro Reyes Rodr\u00edguez reconoci\u00f3 que en algunos sectores el gobierno de la Ciudad de M\u00e9xico est\u00e1 realizando acciones interesantes que ayudan a los concesionarios como est\u00e1 sucediendo en los corredores zonales, donde est\u00e1n otorgando un bono de chatarrizaci\u00f3n de 450 mil pesos por unidad que sacan de circulaci\u00f3n, lo cual permite a los concesionarios pagar cerca del 50 por ciento del costo de una unidad cuando la transformaci\u00f3n es al 2 por 1.<\/p>\n<p>Sin embargo, llam\u00f3 la atenci\u00f3n en el sentido de que al transporte individual en su modalidad de taxi les han afectado porque actualmente existen m\u00e1s de 35 mil concesiones que se encuentran paradas, ya que los due\u00f1os de los taxis carecen de las condiciones econ\u00f3micas, sumadas a una baja tarifa, para poder invertir en veh\u00edculos nuevos de \u00faltima generaci\u00f3n con capacidad para reducir el n\u00famero de contaminantes que emiten a la atm\u00f3sfera.<\/p>\n<p>Al respecto dijo que el gobierno podr\u00eda permitir que los taxistas pudieran comprar y meter al servicio, autos todav\u00eda con unos 5 a\u00f1os de vida \u00fatil de acuerdo con las normas de la Secretar\u00eda de Movilidad, pero no existe tal sensibilidad en los funcionarios.<\/p>\n<p>El presidente y fundador de la Armada Mundial de Paz M\u00e9xico, Pablo Favila expres\u00f3 a los transportistas que siempre que as\u00ed lo deseen la ONG estar\u00e1 detr\u00e1s de ellos para apoyarlos no s\u00f3lo en relaci\u00f3n con sus denuncias por violaciones a sus derechos humanos, sino tambi\u00e9n en otros \u00e1mbitos de la vida en los que pudieran ser \u00fatiles.<\/p>\n<p>Por su parte, Joel Vel\u00e1zquez Larios, presidente de la delegaci\u00f3n Ciudad de M\u00e9xico, al igual que el director del \u00e1rea de Salud, Marco Antonio L\u00f3pez Hern\u00e1ndez y Daniel Vel\u00e1zquez Larios, del \u00e1rea de eventos, se comprometieron a realizar todo su esfuerzo porque la vida de los concesionarios y operadores del transporte p\u00fablico en la capital del pa\u00eds mejore sustancialmente.<\/p>\n","protected":false},"excerpt":{"rendered":"<p>La Capellan\u00eda Armada Mundial de Paz M\u00e9xico delegaci\u00f3n Ciudad de M\u00e9xico fue presentada como la \u00fanica Organizaci\u00f3n No Gubernamental dedicada&#8230;<\/p>\n","protected":false},"author":1,"featured_media":0,"comment_status":"open","ping_status":"closed","sticky":false,"template":"","format":"standard","meta":{"footnotes":""},"categories":[78],"tags":[],"class_list":["post-180950","post","type-post","status-publish","format-standard","hentry","category-nacional"],"yoast_head":"<!-- This site is optimized with the Yoast SEO plugin v26.5 - https:\/\/yoast.com\/wordpress\/plugins\/seo\/ -->\n<title>ONG Armada Mundial de Paz M\u00e9xico defender\u00e1 DH del Transporte P\u00fablico Concesionado individual, colectivo y masivo y a sus usuarios - NOTICIAS<\/title>\n<meta name=\"robots\" content=\"index, follow, max-snippet:-1, max-image-preview:large, max-video-preview:-1\" \/>\n<link rel=\"canonical\" href=\"https:\/\/laredsocial-noticias.com\/wp\/ong-armada-mundial-de-paz-mexico-defendera-dh-del-transporte-publico-concesionado-individual-colectivo-y-masivo-y-a-sus-usuarios\/\" \/>\n<meta property=\"og:locale\" content=\"es_ES\" \/>\n<meta property=\"og:type\" content=\"article\" \/>\n<meta property=\"og:title\" content=\"ONG Armada Mundial de Paz M\u00e9xico defender\u00e1 DH del Transporte P\u00fablico Concesionado individual, colectivo y masivo y a sus usuarios - NOTICIAS\" \/>\n<meta property=\"og:description\" content=\"La Capellan\u00eda Armada Mundial de Paz M\u00e9xico delegaci\u00f3n Ciudad de M\u00e9xico fue presentada como la \u00fanica Organizaci\u00f3n No Gubernamental dedicada...\" \/>\n<meta property=\"og:url\" content=\"https:\/\/laredsocial-noticias.com\/wp\/ong-armada-mundial-de-paz-mexico-defendera-dh-del-transporte-publico-concesionado-individual-colectivo-y-masivo-y-a-sus-usuarios\/\" \/>\n<meta property=\"og:site_name\" content=\"NOTICIAS\" \/>\n<meta property=\"article:published_time\" content=\"2022-10-25T05:05:36+00:00\" \/>\n<meta property=\"article:modified_time\" content=\"2022-10-26T13:42:19+00:00\" \/>\n<meta name=\"author\" content=\"Editor en Jefe\" \/>\n<meta name=\"twitter:card\" content=\"summary_large_image\" \/>\n<meta name=\"twitter:label1\" content=\"Escrito por\" \/>\n\t<meta name=\"twitter:data1\" content=\"Editor en Jefe\" \/>\n\t<meta name=\"twitter:label2\" content=\"Tiempo de lectura\" \/>\n\t<meta name=\"twitter:data2\" content=\"4 minutos\" \/>\n<!-- \/ Yoast SEO plugin. -->","yoast_head_json":{"title":"ONG Armada Mundial de Paz M\u00e9xico defender\u00e1 DH del Transporte P\u00fablico Concesionado individual, colectivo y masivo y a sus usuarios - NOTICIAS","robots":{"index":"index","follow":"follow","max-snippet":"max-snippet:-1","max-image-preview":"max-image-preview:large","max-video-preview":"max-video-preview:-1"},"canonical":"https:\/\/laredsocial-noticias.com\/wp\/ong-armada-mundial-de-paz-mexico-defendera-dh-del-transporte-publico-concesionado-individual-colectivo-y-masivo-y-a-sus-usuarios\/","og_locale":"es_ES","og_type":"article","og_title":"ONG Armada Mundial de Paz M\u00e9xico defender\u00e1 DH del Transporte P\u00fablico Concesionado individual, colectivo y masivo y a sus usuarios - NOTICIAS","og_description":"La Capellan\u00eda Armada Mundial de Paz M\u00e9xico delegaci\u00f3n Ciudad de M\u00e9xico fue presentada como la \u00fanica Organizaci\u00f3n No Gubernamental dedicada...","og_url":"https:\/\/laredsocial-noticias.com\/wp\/ong-armada-mundial-de-paz-mexico-defendera-dh-del-transporte-publico-concesionado-individual-colectivo-y-masivo-y-a-sus-usuarios\/","og_site_name":"NOTICIAS","article_published_time":"2022-10-25T05:05:36+00:00","article_modified_time":"2022-10-26T13:42:19+00:00","author":"Editor en Jefe","twitter_card":"summary_large_image","twitter_misc":{"Escrito por":"Editor en Jefe","Tiempo de lectura":"4 minutos"},"schema":{"@context":"https:\/\/schema.org","@graph":[{"@type":"WebPage","@id":"https:\/\/laredsocial-noticias.com\/wp\/ong-armada-mundial-de-paz-mexico-defendera-dh-del-transporte-publico-concesionado-individual-colectivo-y-masivo-y-a-sus-usuarios\/","url":"https:\/\/laredsocial-noticias.com\/wp\/ong-armada-mundial-de-paz-mexico-defendera-dh-del-transporte-publico-concesionado-individual-colectivo-y-masivo-y-a-sus-usuarios\/","name":"ONG Armada Mundial de Paz M\u00e9xico defender\u00e1 DH del Transporte P\u00fablico Concesionado individual, colectivo y masivo y a sus usuarios - NOTICIAS","isPartOf":{"@id":"https:\/\/laredsocial-noticias.com\/wp\/#website"},"datePublished":"2022-10-25T05:05:36+00:00","dateModified":"2022-10-26T13:42:19+00:00","author":{"@id":"https:\/\/laredsocial-noticias.com\/wp\/#\/schema\/person\/0ce78643f2de7aae6f6ef10e8453a6e0"},"breadcrumb":{"@id":"https:\/\/laredsocial-noticias.com\/wp\/ong-armada-mundial-de-paz-mexico-defendera-dh-del-transporte-publico-concesionado-individual-colectivo-y-masivo-y-a-sus-usuarios\/#breadcrumb"},"inLanguage":"es","potentialAction":[{"@type":"ReadAction","target":["https:\/\/laredsocial-noticias.com\/wp\/ong-armada-mundial-de-paz-mexico-defendera-dh-del-transporte-publico-concesionado-individual-colectivo-y-masivo-y-a-sus-usuarios\/"]}]},{"@type":"BreadcrumbList","@id":"https:\/\/laredsocial-noticias.com\/wp\/ong-armada-mundial-de-paz-mexico-defendera-dh-del-transporte-publico-concesionado-individual-colectivo-y-masivo-y-a-sus-usuarios\/#breadcrumb","itemListElement":[{"@type":"ListItem","position":1,"name":"Portada","item":"https:\/\/laredsocial-noticias.com\/wp\/"},{"@type":"ListItem","position":2,"name":"ONG Armada Mundial de Paz M\u00e9xico defender\u00e1 DH del Transporte P\u00fablico Concesionado individual, colectivo y masivo y a sus usuarios"}]},{"@type":"WebSite","@id":"https:\/\/laredsocial-noticias.com\/wp\/#website","url":"https:\/\/laredsocial-noticias.com\/wp\/","name":"NOTICIAS","description":"Lo que se ve y se dice en las redes sociales","potentialAction":[{"@type":"SearchAction","target":{"@type":"EntryPoint","urlTemplate":"https:\/\/laredsocial-noticias.com\/wp\/?s={search_term_string}"},"query-input":{"@type":"PropertyValueSpecification","valueRequired":true,"valueName":"search_term_string"}}],"inLanguage":"es"},{"@type":"Person","@id":"https:\/\/laredsocial-noticias.com\/wp\/#\/schema\/person\/0ce78643f2de7aae6f6ef10e8453a6e0","name":"Editor en Jefe","url":"https:\/\/laredsocial-noticias.com\/wp\/author\/jorgeochoa\/"}]}},"_links":{"self":[{"href":"https:\/\/laredsocial-noticias.com\/wp\/wp-json\/wp\/v2\/posts\/180950","targetHints":{"allow":["GET"]}}],"collection":[{"href":"https:\/\/laredsocial-noticias.com\/wp\/wp-json\/wp\/v2\/posts"}],"about":[{"href":"https:\/\/laredsocial-noticias.com\/wp\/wp-json\/wp\/v2\/types\/post"}],"author":[{"embeddable":true,"href":"https:\/\/laredsocial-noticias.com\/wp\/wp-json\/wp\/v2\/users\/1"}],"replies":[{"embeddable":true,"href":"https:\/\/laredsocial-noticias.com\/wp\/wp-json\/wp\/v2\/comments?post=180950"}],"version-history":[{"count":1,"href":"https:\/\/laredsocial-noticias.com\/wp\/wp-json\/wp\/v2\/posts\/180950\/revisions"}],"predecessor-version":[{"id":180951,"href":"https:\/\/laredsocial-noticias.com\/wp\/wp-json\/wp\/v2\/posts\/180950\/revisions\/180951"}],"wp:attachment":[{"href":"https:\/\/laredsocial-noticias.com\/wp\/wp-json\/wp\/v2\/media?parent=180950"}],"wp:term":[{"taxonomy":"category","embeddable":true,"href":"https:\/\/laredsocial-noticias.com\/wp\/wp-json\/wp\/v2\/categories?post=180950"},{"taxonomy":"post_tag","embeddable":true,"href":"https:\/\/laredsocial-noticias.com\/wp\/wp-json\/wp\/v2\/tags?post=180950"}],"curies":[{"name":"wp","href":"https:\/\/api.w.org\/{rel}","templated":true}]}}