{"id":182106,"date":"2022-11-11T17:14:06","date_gmt":"2022-11-11T23:14:06","guid":{"rendered":"https:\/\/laredsocial-noticias.com\/wp\/?p=182106"},"modified":"2022-11-11T17:14:33","modified_gmt":"2022-11-11T23:14:33","slug":"van-por-nombre-de-mexicana-de-aviacion-para-usarlo-en-aerolinea-de-sedena","status":"publish","type":"post","link":"https:\/\/laredsocial-noticias.com\/wp\/van-por-nombre-de-mexicana-de-aviacion-para-usarlo-en-aerolinea-de-sedena\/","title":{"rendered":"Van por nombre de Mexicana de Aviaci\u00f3n para usarlo en aerol\u00ednea de Sedena"},"content":{"rendered":"<p>El presidente Andr\u00e9s Manuel L\u00f3pez Obrador inform\u00f3 que ya hay tratos con los trabajadores de Mexicana de Aviaci\u00f3n para adquirir el nombre para que \u00e9ste pueda ser usado en la aerol\u00ednea que er\u00eda operada por la Secretar\u00eda de la Defensa Nacional (Sedena).<\/p>\n<p>Durante la conferencia matutina realizada desde M\u00e9rida, Yucat\u00e1n,\u00a0 L\u00f3pez Obrador subray\u00f3 que ante la dificultad de vender el avi\u00f3n presidencial \u2013comprado en el sexenio de Felipe Calder\u00f3n\u2014, esa aeronave se entregar\u00e1 a la nueva empresa a\u00e9rea \u201cpara viajes especiales\u201d.<\/p>\n<p>El mandatario destac\u00f3 que la idea de lanzar una l\u00ednea a\u00e9rea es para que las tarifas del transporte a\u00e9reo en el pa\u00eds se reduzcan.<\/p>\n<p>\u201cYa estamos en trato con los trabajadores de Mexicana, tanto activos como jubilados, y se est\u00e1 buscando ya un acuerdo para que la nueva l\u00ednea a\u00e9rea se vuelva a llamar Mexicana de Aviaci\u00f3n. Eso no le gusta a nuestros adversarios, pero esto no es de gustos, tenemos que ir avanzando\u201d, sostuvo.<\/p>\n<div class=\"wp-block-dnp-circular  dnp-circular-news\">\n<div class=\"dnp-circular-container\">\n<div id=\"media\"><\/div>\n<\/div>\n<\/div>\n<p>\u201cSe va a adquirir, se va a hacer un aval\u00fao de la marca, el emblema, y se va a tener una empresa para que haya m\u00e1s vuelos y que de esta forma no aumente tanto el pasaje en avi\u00f3n\u201d, expres\u00f3.<\/p>\n<p>Inform\u00f3 adem\u00e1s, que como parte del proyecto del Tren Maya, se proyecta la construcci\u00f3n de seis hoteles en diferentes puntos de la ruta: Palenque, Uxmal, Chich\u00e9n Itz\u00e1, Tul\u00fam y Edzn\u00e1.<\/p>\n","protected":false},"excerpt":{"rendered":"<p>El presidente Andr\u00e9s Manuel L\u00f3pez Obrador inform\u00f3 que ya hay tratos con los trabajadores de Mexicana de Aviaci\u00f3n para adquirir&#8230;<\/p>\n","protected":false},"author":1,"featured_media":0,"comment_status":"open","ping_status":"closed","sticky":false,"template":"","format":"standard","meta":{"footnotes":""},"categories":[78,6026],"tags":[4959,77],"class_list":["post-182106","post","type-post","status-publish","format-standard","hentry","category-nacional","category-portada","tag-featured","tag-principal"],"yoast_head":"<!-- This site is optimized with the Yoast SEO plugin v26.5 - https:\/\/yoast.com\/wordpress\/plugins\/seo\/ -->\n<title>Van por nombre de Mexicana de Aviaci\u00f3n para usarlo en aerol\u00ednea de Sedena - NOTICIAS<\/title>\n<meta name=\"robots\" content=\"index, follow, max-snippet:-1, max-image-preview:large, max-video-preview:-1\" \/>\n<link rel=\"canonical\" href=\"https:\/\/laredsocial-noticias.com\/wp\/van-por-nombre-de-mexicana-de-aviacion-para-usarlo-en-aerolinea-de-sedena\/\" \/>\n<meta property=\"og:locale\" content=\"es_ES\" \/>\n<meta property=\"og:type\" content=\"article\" \/>\n<meta property=\"og:title\" content=\"Van por nombre de Mexicana de Aviaci\u00f3n para usarlo en aerol\u00ednea de Sedena - NOTICIAS\" \/>\n<meta property=\"og:description\" content=\"El presidente Andr\u00e9s Manuel L\u00f3pez Obrador inform\u00f3 que ya hay tratos con los trabajadores de Mexicana de Aviaci\u00f3n para adquirir...\" \/>\n<meta property=\"og:url\" content=\"https:\/\/laredsocial-noticias.com\/wp\/van-por-nombre-de-mexicana-de-aviacion-para-usarlo-en-aerolinea-de-sedena\/\" \/>\n<meta property=\"og:site_name\" content=\"NOTICIAS\" \/>\n<meta property=\"article:published_time\" content=\"2022-11-11T23:14:06+00:00\" \/>\n<meta property=\"article:modified_time\" content=\"2022-11-11T23:14:33+00:00\" \/>\n<meta name=\"author\" content=\"Editor en Jefe\" \/>\n<meta name=\"twitter:card\" content=\"summary_large_image\" \/>\n<meta name=\"twitter:label1\" content=\"Escrito por\" \/>\n\t<meta name=\"twitter:data1\" content=\"Editor en Jefe\" \/>\n\t<meta name=\"twitter:label2\" content=\"Tiempo de lectura\" \/>\n\t<meta name=\"twitter:data2\" content=\"1 minuto\" \/>\n<!-- \/ Yoast SEO plugin. -->","yoast_head_json":{"title":"Van por nombre de Mexicana de Aviaci\u00f3n para usarlo en aerol\u00ednea de Sedena - NOTICIAS","robots":{"index":"index","follow":"follow","max-snippet":"max-snippet:-1","max-image-preview":"max-image-preview:large","max-video-preview":"max-video-preview:-1"},"canonical":"https:\/\/laredsocial-noticias.com\/wp\/van-por-nombre-de-mexicana-de-aviacion-para-usarlo-en-aerolinea-de-sedena\/","og_locale":"es_ES","og_type":"article","og_title":"Van por nombre de Mexicana de Aviaci\u00f3n para usarlo en aerol\u00ednea de Sedena - NOTICIAS","og_description":"El presidente Andr\u00e9s Manuel L\u00f3pez Obrador inform\u00f3 que ya hay tratos con los trabajadores de Mexicana de Aviaci\u00f3n para adquirir...","og_url":"https:\/\/laredsocial-noticias.com\/wp\/van-por-nombre-de-mexicana-de-aviacion-para-usarlo-en-aerolinea-de-sedena\/","og_site_name":"NOTICIAS","article_published_time":"2022-11-11T23:14:06+00:00","article_modified_time":"2022-11-11T23:14:33+00:00","author":"Editor en Jefe","twitter_card":"summary_large_image","twitter_misc":{"Escrito por":"Editor en Jefe","Tiempo de lectura":"1 minuto"},"schema":{"@context":"https:\/\/schema.org","@graph":[{"@type":"WebPage","@id":"https:\/\/laredsocial-noticias.com\/wp\/van-por-nombre-de-mexicana-de-aviacion-para-usarlo-en-aerolinea-de-sedena\/","url":"https:\/\/laredsocial-noticias.com\/wp\/van-por-nombre-de-mexicana-de-aviacion-para-usarlo-en-aerolinea-de-sedena\/","name":"Van por nombre de Mexicana de Aviaci\u00f3n para usarlo en aerol\u00ednea de Sedena - NOTICIAS","isPartOf":{"@id":"https:\/\/laredsocial-noticias.com\/wp\/#website"},"datePublished":"2022-11-11T23:14:06+00:00","dateModified":"2022-11-11T23:14:33+00:00","author":{"@id":"https:\/\/laredsocial-noticias.com\/wp\/#\/schema\/person\/0ce78643f2de7aae6f6ef10e8453a6e0"},"breadcrumb":{"@id":"https:\/\/laredsocial-noticias.com\/wp\/van-por-nombre-de-mexicana-de-aviacion-para-usarlo-en-aerolinea-de-sedena\/#breadcrumb"},"inLanguage":"es","potentialAction":[{"@type":"ReadAction","target":["https:\/\/laredsocial-noticias.com\/wp\/van-por-nombre-de-mexicana-de-aviacion-para-usarlo-en-aerolinea-de-sedena\/"]}]},{"@type":"BreadcrumbList","@id":"https:\/\/laredsocial-noticias.com\/wp\/van-por-nombre-de-mexicana-de-aviacion-para-usarlo-en-aerolinea-de-sedena\/#breadcrumb","itemListElement":[{"@type":"ListItem","position":1,"name":"Portada","item":"https:\/\/laredsocial-noticias.com\/wp\/"},{"@type":"ListItem","position":2,"name":"Van por nombre de Mexicana de Aviaci\u00f3n para usarlo en aerol\u00ednea de Sedena"}]},{"@type":"WebSite","@id":"https:\/\/laredsocial-noticias.com\/wp\/#website","url":"https:\/\/laredsocial-noticias.com\/wp\/","name":"NOTICIAS","description":"Lo que se ve y se dice en las redes sociales","potentialAction":[{"@type":"SearchAction","target":{"@type":"EntryPoint","urlTemplate":"https:\/\/laredsocial-noticias.com\/wp\/?s={search_term_string}"},"query-input":{"@type":"PropertyValueSpecification","valueRequired":true,"valueName":"search_term_string"}}],"inLanguage":"es"},{"@type":"Person","@id":"https:\/\/laredsocial-noticias.com\/wp\/#\/schema\/person\/0ce78643f2de7aae6f6ef10e8453a6e0","name":"Editor en Jefe","url":"https:\/\/laredsocial-noticias.com\/wp\/author\/jorgeochoa\/"}]}},"_links":{"self":[{"href":"https:\/\/laredsocial-noticias.com\/wp\/wp-json\/wp\/v2\/posts\/182106","targetHints":{"allow":["GET"]}}],"collection":[{"href":"https:\/\/laredsocial-noticias.com\/wp\/wp-json\/wp\/v2\/posts"}],"about":[{"href":"https:\/\/laredsocial-noticias.com\/wp\/wp-json\/wp\/v2\/types\/post"}],"author":[{"embeddable":true,"href":"https:\/\/laredsocial-noticias.com\/wp\/wp-json\/wp\/v2\/users\/1"}],"replies":[{"embeddable":true,"href":"https:\/\/laredsocial-noticias.com\/wp\/wp-json\/wp\/v2\/comments?post=182106"}],"version-history":[{"count":1,"href":"https:\/\/laredsocial-noticias.com\/wp\/wp-json\/wp\/v2\/posts\/182106\/revisions"}],"predecessor-version":[{"id":182107,"href":"https:\/\/laredsocial-noticias.com\/wp\/wp-json\/wp\/v2\/posts\/182106\/revisions\/182107"}],"wp:attachment":[{"href":"https:\/\/laredsocial-noticias.com\/wp\/wp-json\/wp\/v2\/media?parent=182106"}],"wp:term":[{"taxonomy":"category","embeddable":true,"href":"https:\/\/laredsocial-noticias.com\/wp\/wp-json\/wp\/v2\/categories?post=182106"},{"taxonomy":"post_tag","embeddable":true,"href":"https:\/\/laredsocial-noticias.com\/wp\/wp-json\/wp\/v2\/tags?post=182106"}],"curies":[{"name":"wp","href":"https:\/\/api.w.org\/{rel}","templated":true}]}}