{"id":182673,"date":"2022-11-20T14:00:16","date_gmt":"2022-11-20T20:00:16","guid":{"rendered":"https:\/\/laredsocial-noticias.com\/wp\/?p=182673"},"modified":"2022-11-20T11:50:20","modified_gmt":"2022-11-20T17:50:20","slug":"arte-maya-invitado-al-museo-metropolitano-de-nueva-york","status":"publish","type":"post","link":"https:\/\/laredsocial-noticias.com\/wp\/arte-maya-invitado-al-museo-metropolitano-de-nueva-york\/","title":{"rendered":"Arte maya, invitado al Museo Metropolitano de Nueva York"},"content":{"rendered":"<p>La exposici\u00f3n\u00a0\u201cLas vidas de los dioses: la divinidad en el arte maya\u201d, que se inaugura este lunes en el Museo Metropolitano de Arte de Nueva York\u00a0(Met), trata de explicar a trav\u00e9s de un centenar de obras el ciclo de la vida de estas deidades desde que nacen hasta su transformaci\u00f3n, a veces, convertidas en temibles criaturas de la noche.<\/p>\n<p>\u00bfC\u00f3mo eran los dioses mayas? En la cultura de este pueblo mesoamericano, a las divinidades se las representaba en todas las etapas de su vida. Y cuando se desvanec\u00edan, pod\u00edan renacer de nuevo, en se\u00f1al de regeneraci\u00f3n y resiliencia.<\/p>\n<p>Creadas por maestros del periodo Cl\u00e1sico (250\u2013900 d.C.) que vivieron en las ciudades reales de los bosques tropicales de Guatemala, Honduras y M\u00e9xico, estas\u00a0esculturas \u201cevocan un mundo en que los reinos de lo divino, lo humano y lo natural se interrelacionan y entrecruzan\u201c, aseguran los curadores.<\/p>\n<p>La exposici\u00f3n, con\u00a0piezas procedentes de museos europeos, latinoamericanos y estadounidenses,\u00a0as\u00ed como\u00a0otras descubiertas recientemente en Palenque\u00a0(M\u00e9xico) y del\u00a0centro arqueol\u00f3gico de El Zotz\u00a0(Guatemala), es una invitaci\u00f3n a \u201cexperimentar el poder estimulante y profundo del arte visual maya\u201d, dice Max Hollein, director del Met.<\/p>\n<blockquote class=\"wp-block-quote\"><p>\u201cEstos artistas mayas dieron forma a los dioses recurriendo a la inspiraci\u00f3n, mediante obras extraordinarias de gran complejidad visual y refinamiento est\u00e9tico\u201d, explica Joanne Pillsbury, curadora de arte americano antiguo en el Met.<\/p><\/blockquote>\n<p>Las cer\u00e1micas revelan las vidas agitadas que llevaban los dioses con lujo de detalles.<\/p>\n<h2 id=\"h-dioses-y-reyes\">Dioses y reyes<\/h2>\n<p>Las esculturas y las vasijas de la exposici\u00f3n dan cuenta asimismo de\u00a0la \u00edntima relaci\u00f3n entre la realeza maya y los dioses, as\u00ed como el papel de la religi\u00f3n en el ejercicio de la autoridad pol\u00edtica de este pueblo.<\/p>\n<p>\u201cEn los textos jerogl\u00edficos, los reyes aparecen actuando \u2018en compa\u00f1\u00eda\u2019 de los dioses, les pertenecen\u201d, dice a la AFP el antrop\u00f3logo de la Universidad de Yale, Oswaldo Chinchilla Mazariegos, asesor de la exposici\u00f3n.<\/p>\n<blockquote class=\"wp-block-quote\"><p>\u201cLos reyes no eran considerados como seres divinos en s\u00ed mismos, pero, tras la muerte, eran representados como seres comparables a los dioses, por ejemplo, se les retrataba con los atributos del dios solar y la diosa lunar (en el caso de las reinas fallecidas)\u201d, asegura.<\/p><\/blockquote>\n<p>Se cre\u00eda que las esculturas encarnaban el poder y la presencia de lo divino, y los ornamentos de jade, concha y obsidiana adornaban a reyes y reinas y los conectaban simb\u00f3licamente con las fuerzas sobrenaturales.<\/p>\n<p>La exposici\u00f3n, que\u00a0estar\u00e1 abierta hasta el 2 de abril de 2023, explora tambi\u00e9n el origen del mundo, el equilibrio entre los dioses del d\u00eda, como el dios del Sol K\u2019inich, y los de la noche, como el dios Jaguar, y el papel de los escribas.<\/p>\n<p>El sol se asociaba con las fuerzas que dan vida. Los gobernantes que se identificaban especialmente con este poder sol\u00edan agregar el t\u00edtulo K\u2019inich a sus nombres.<\/p>\n<p>Los mayas veneraban a los dioses de la lluvia, fundamentales para el bienestar de las comunidades, como el poderoso Chahk, o el dios de los rayos, la fertilidad y la abundancia, K\u2019awiil.<\/p>\n<p>El dios del ma\u00edz, alimento b\u00e1sico de su dieta, era representado como un ser eternamente joven y lleno de gracia, al que se asociaba con dos de los elementos m\u00e1s valiosos de su econom\u00eda: el jade y el cacao.<\/p>\n<h2 id=\"h-obras-con-firma\">Obras con firma<\/h2>\n<p>Solo cuatro de los libros creados durante el periodo prehisp\u00e1nico han llegado a nuestros d\u00edas. Sin embargo, los textos que a\u00fan sobreviven en las esculturas y en las cer\u00e1micas permiten entender las alianzas, las conquistas y las creencias espirituales de la \u00e9poca maya cl\u00e1sica, dicen los curadores.<\/p>\n<p>Otra particularidad de\u00a0los artistas mayas es que firmaban sus obras, como se ha podido descubrir gracias a los recientes avances en el estudio de la escritura jerogl\u00edfica maya.<\/p>\n<p>La exposici\u00f3n incluye cuatro obras de arte maya de individuos identificados \u2014como \u201cPanel con mujer de la realeza\u201d (795), de K\u2019in Lakam Chahk y Jun Nat Omootz, y la \u201cEstela 51 del rey Yuknoom Took\u2019 K\u2019awiil\u201d (731), de Sak[\u2026] Yuk[\u2026] Took\u2019 y Sak [\u2026] Yib\u2019ah Tzak B\u2019ahlam, as\u00ed como otros ejemplos que pueden ser atribuidos a pintores mayas conocidos.<\/p>\n","protected":false},"excerpt":{"rendered":"<p>La exposici\u00f3n\u00a0\u201cLas vidas de los dioses: la divinidad en el arte maya\u201d, que se inaugura este lunes en el Museo&#8230;<\/p>\n","protected":false},"author":1,"featured_media":0,"comment_status":"open","ping_status":"closed","sticky":false,"template":"","format":"standard","meta":{"footnotes":""},"categories":[101,6026],"tags":[4959,77],"class_list":["post-182673","post","type-post","status-publish","format-standard","hentry","category-internacional","category-portada","tag-featured","tag-principal"],"yoast_head":"<!-- This site is optimized with the Yoast SEO plugin v26.5 - https:\/\/yoast.com\/wordpress\/plugins\/seo\/ -->\n<title>Arte maya, invitado al Museo Metropolitano de Nueva York - NOTICIAS<\/title>\n<meta name=\"robots\" content=\"index, follow, max-snippet:-1, max-image-preview:large, max-video-preview:-1\" \/>\n<link rel=\"canonical\" href=\"https:\/\/laredsocial-noticias.com\/wp\/arte-maya-invitado-al-museo-metropolitano-de-nueva-york\/\" \/>\n<meta property=\"og:locale\" content=\"es_ES\" \/>\n<meta property=\"og:type\" content=\"article\" \/>\n<meta property=\"og:title\" content=\"Arte maya, invitado al Museo Metropolitano de Nueva York - NOTICIAS\" \/>\n<meta property=\"og:description\" content=\"La exposici\u00f3n\u00a0\u201cLas vidas de los dioses: la divinidad en el arte maya\u201d, que se inaugura este lunes en el Museo...\" \/>\n<meta property=\"og:url\" content=\"https:\/\/laredsocial-noticias.com\/wp\/arte-maya-invitado-al-museo-metropolitano-de-nueva-york\/\" \/>\n<meta property=\"og:site_name\" content=\"NOTICIAS\" \/>\n<meta property=\"article:published_time\" content=\"2022-11-20T20:00:16+00:00\" \/>\n<meta property=\"og:image\" content=\"https:\/\/laredsocial-noticias.com\/wp\/wp-content\/uploads\/2022\/11\/arte-Maya.jpg\" \/>\n\t<meta property=\"og:image:width\" content=\"1280\" \/>\n\t<meta property=\"og:image:height\" content=\"720\" \/>\n\t<meta property=\"og:image:type\" content=\"image\/jpeg\" \/>\n<meta name=\"author\" content=\"Editor en Jefe\" \/>\n<meta name=\"twitter:card\" content=\"summary_large_image\" \/>\n<meta name=\"twitter:label1\" content=\"Escrito por\" \/>\n\t<meta name=\"twitter:data1\" content=\"Editor en Jefe\" \/>\n\t<meta name=\"twitter:label2\" content=\"Tiempo de lectura\" \/>\n\t<meta name=\"twitter:data2\" content=\"4 minutos\" \/>\n<!-- \/ Yoast SEO plugin. -->","yoast_head_json":{"title":"Arte maya, invitado al Museo Metropolitano de Nueva York - NOTICIAS","robots":{"index":"index","follow":"follow","max-snippet":"max-snippet:-1","max-image-preview":"max-image-preview:large","max-video-preview":"max-video-preview:-1"},"canonical":"https:\/\/laredsocial-noticias.com\/wp\/arte-maya-invitado-al-museo-metropolitano-de-nueva-york\/","og_locale":"es_ES","og_type":"article","og_title":"Arte maya, invitado al Museo Metropolitano de Nueva York - NOTICIAS","og_description":"La exposici\u00f3n\u00a0\u201cLas vidas de los dioses: la divinidad en el arte maya\u201d, que se inaugura este lunes en el Museo...","og_url":"https:\/\/laredsocial-noticias.com\/wp\/arte-maya-invitado-al-museo-metropolitano-de-nueva-york\/","og_site_name":"NOTICIAS","article_published_time":"2022-11-20T20:00:16+00:00","og_image":[{"width":1280,"height":720,"url":"https:\/\/laredsocial-noticias.com\/wp\/wp-content\/uploads\/2022\/11\/arte-Maya.jpg","type":"image\/jpeg"}],"author":"Editor en Jefe","twitter_card":"summary_large_image","twitter_misc":{"Escrito por":"Editor en Jefe","Tiempo de lectura":"4 minutos"},"schema":{"@context":"https:\/\/schema.org","@graph":[{"@type":"WebPage","@id":"https:\/\/laredsocial-noticias.com\/wp\/arte-maya-invitado-al-museo-metropolitano-de-nueva-york\/","url":"https:\/\/laredsocial-noticias.com\/wp\/arte-maya-invitado-al-museo-metropolitano-de-nueva-york\/","name":"Arte maya, invitado al Museo Metropolitano de Nueva York - NOTICIAS","isPartOf":{"@id":"https:\/\/laredsocial-noticias.com\/wp\/#website"},"datePublished":"2022-11-20T20:00:16+00:00","author":{"@id":"https:\/\/laredsocial-noticias.com\/wp\/#\/schema\/person\/0ce78643f2de7aae6f6ef10e8453a6e0"},"breadcrumb":{"@id":"https:\/\/laredsocial-noticias.com\/wp\/arte-maya-invitado-al-museo-metropolitano-de-nueva-york\/#breadcrumb"},"inLanguage":"es","potentialAction":[{"@type":"ReadAction","target":["https:\/\/laredsocial-noticias.com\/wp\/arte-maya-invitado-al-museo-metropolitano-de-nueva-york\/"]}]},{"@type":"BreadcrumbList","@id":"https:\/\/laredsocial-noticias.com\/wp\/arte-maya-invitado-al-museo-metropolitano-de-nueva-york\/#breadcrumb","itemListElement":[{"@type":"ListItem","position":1,"name":"Portada","item":"https:\/\/laredsocial-noticias.com\/wp\/"},{"@type":"ListItem","position":2,"name":"Arte maya, invitado al Museo Metropolitano de Nueva York"}]},{"@type":"WebSite","@id":"https:\/\/laredsocial-noticias.com\/wp\/#website","url":"https:\/\/laredsocial-noticias.com\/wp\/","name":"NOTICIAS","description":"Lo que se ve y se dice en las redes sociales","potentialAction":[{"@type":"SearchAction","target":{"@type":"EntryPoint","urlTemplate":"https:\/\/laredsocial-noticias.com\/wp\/?s={search_term_string}"},"query-input":{"@type":"PropertyValueSpecification","valueRequired":true,"valueName":"search_term_string"}}],"inLanguage":"es"},{"@type":"Person","@id":"https:\/\/laredsocial-noticias.com\/wp\/#\/schema\/person\/0ce78643f2de7aae6f6ef10e8453a6e0","name":"Editor en Jefe","url":"https:\/\/laredsocial-noticias.com\/wp\/author\/jorgeochoa\/"}]}},"_links":{"self":[{"href":"https:\/\/laredsocial-noticias.com\/wp\/wp-json\/wp\/v2\/posts\/182673","targetHints":{"allow":["GET"]}}],"collection":[{"href":"https:\/\/laredsocial-noticias.com\/wp\/wp-json\/wp\/v2\/posts"}],"about":[{"href":"https:\/\/laredsocial-noticias.com\/wp\/wp-json\/wp\/v2\/types\/post"}],"author":[{"embeddable":true,"href":"https:\/\/laredsocial-noticias.com\/wp\/wp-json\/wp\/v2\/users\/1"}],"replies":[{"embeddable":true,"href":"https:\/\/laredsocial-noticias.com\/wp\/wp-json\/wp\/v2\/comments?post=182673"}],"version-history":[{"count":1,"href":"https:\/\/laredsocial-noticias.com\/wp\/wp-json\/wp\/v2\/posts\/182673\/revisions"}],"predecessor-version":[{"id":182674,"href":"https:\/\/laredsocial-noticias.com\/wp\/wp-json\/wp\/v2\/posts\/182673\/revisions\/182674"}],"wp:attachment":[{"href":"https:\/\/laredsocial-noticias.com\/wp\/wp-json\/wp\/v2\/media?parent=182673"}],"wp:term":[{"taxonomy":"category","embeddable":true,"href":"https:\/\/laredsocial-noticias.com\/wp\/wp-json\/wp\/v2\/categories?post=182673"},{"taxonomy":"post_tag","embeddable":true,"href":"https:\/\/laredsocial-noticias.com\/wp\/wp-json\/wp\/v2\/tags?post=182673"}],"curies":[{"name":"wp","href":"https:\/\/api.w.org\/{rel}","templated":true}]}}