{"id":183000,"date":"2022-11-25T13:00:32","date_gmt":"2022-11-25T19:00:32","guid":{"rendered":"https:\/\/laredsocial-noticias.com\/wp\/?p=183000"},"modified":"2022-11-25T09:08:35","modified_gmt":"2022-11-25T15:08:35","slug":"el-gobernador-de-yucatan-mauricio-vila-inaugura-el-festival-internacional-de-las-luces-filux","status":"publish","type":"post","link":"https:\/\/laredsocial-noticias.com\/wp\/el-gobernador-de-yucatan-mauricio-vila-inaugura-el-festival-internacional-de-las-luces-filux\/","title":{"rendered":"El gobernador de Yucat\u00e1n Mauricio Vila inaugura el Festival Internacional de las Luces FILUX"},"content":{"rendered":"<p>El gobernador de Yucat\u00e1n, Mauricio Vila Dosal, inaugur\u00f3 el Festival Internacional de las Luces FILUX que por primera vez, adem\u00e1s de M\u00e9rida llegar\u00e1 a Tekax y Valladolid.<\/p>\n<p>Del 24 al 27 de noviembre, los habitantes de la capital yucateca podr\u00e1n disfrutar de obras de arte realizadas con luz como proyecciones, video mapping y esculturas de luz.<\/p>\n<p>Adem\u00e1s, el evento se trasladar\u00e1 al interior de la entidad Valladolid del\u00a0 1 al 4 de diciembre y en Tekax del 8 al 10 de diciembre.<\/p>\n<p>Durante la inauguraci\u00f3n del evento, Vila Dosal dijo que la descentralizaci\u00f3n del arte y la cultura es un paso adelante como parte de las acciones que se realizan para lograr la transformaci\u00f3n de Yucat\u00e1n.<\/p>\n<p>\u201cEn Yucat\u00e1n no hay ciudadanos de primera ni segunda, aqu\u00ed todos somos iguales y as\u00ed como estamos llevando empleos a todos, tambi\u00e9n seguiremos llevando el arte y la cultura a los rincones del estado\u201d, sostuvo el gobernador.<\/p>\n<p>Hizo un llamado a seguir trabajando en equipo \u201cporque los mejores resultados siempre los logramos estando unidos y vamos a seguir haciendo los cambios que Yucat\u00e1n necesita para lograr su mejor transformaci\u00f3n\u201d.<\/p>\n<figure class=\"wp-block-image size-full\"><img loading=\"lazy\" decoding=\"async\" class=\"wp-image-466594 ls-is-cached lazyloaded\" src=\"https:\/\/cdn.noticiasenlamira.com\/2022\/11\/Vila_flux_01.jpg\" sizes=\"auto, (max-width: 1024px) 100vw, 1024px\" srcset=\"https:\/\/cdn.noticiasenlamira.com\/2022\/11\/Vila_flux_01.jpg 1024w, https:\/\/cdn.noticiasenlamira.com\/2022\/11\/Vila_flux_01-541x360.jpg 541w, https:\/\/cdn.noticiasenlamira.com\/2022\/11\/Vila_flux_01-768x512.jpg 768w\" alt=\"\" width=\"1024\" height=\"682\" data-srcset=\"https:\/\/cdn.noticiasenlamira.com\/2022\/11\/Vila_flux_01.jpg 1024w, https:\/\/cdn.noticiasenlamira.com\/2022\/11\/Vila_flux_01-541x360.jpg 541w, https:\/\/cdn.noticiasenlamira.com\/2022\/11\/Vila_flux_01-768x512.jpg 768w\" data-src=\"https:\/\/cdn.noticiasenlamira.com\/2022\/11\/Vila_flux_01.jpg\" data-sizes=\"(max-width: 1024px) 100vw, 1024px\" \/><\/figure>\n<p>El fundador del Filux Yucat\u00e1n, David di Bona, se\u00f1al\u00f3 que el evento es muy significativo luego de dos a\u00f1os de no realizarse eventos masivos a causa de la pandemia por covid-19.<\/p>\n<p>Agradecemos al Gobernador por llevar el arte a los rincones de Yucat\u00e1n con este importante festival\u201d, sostuvo.<\/p>\n<p>Se estar\u00e1 informando con tiempo a la ciudadan\u00eda sobre los diversos cierres de calles que se realizar\u00e1n en las 3 localidades contempladas para que este espect\u00e1culo sea con mayor seguridad y orden para el disfrute de los asistentes. Toda la informaci\u00f3n acerca de las fechas, obras y mapas de cada municipio est\u00e1 disponible en la p\u00e1gina web\u00a0www.filux.info.<\/p>\n","protected":false},"excerpt":{"rendered":"<p>El gobernador de Yucat\u00e1n, Mauricio Vila Dosal, inaugur\u00f3 el Festival Internacional de las Luces FILUX que por primera vez, adem\u00e1s&#8230;<\/p>\n","protected":false},"author":1,"featured_media":0,"comment_status":"open","ping_status":"closed","sticky":false,"template":"","format":"standard","meta":{"footnotes":""},"categories":[2379,6026],"tags":[4959,77],"class_list":["post-183000","post","type-post","status-publish","format-standard","hentry","category-estados-2","category-portada","tag-featured","tag-principal"],"yoast_head":"<!-- This site is optimized with the Yoast SEO plugin v26.5 - https:\/\/yoast.com\/wordpress\/plugins\/seo\/ -->\n<title>El gobernador de Yucat\u00e1n Mauricio Vila inaugura el Festival Internacional de las Luces FILUX - NOTICIAS<\/title>\n<meta name=\"robots\" content=\"index, follow, max-snippet:-1, max-image-preview:large, max-video-preview:-1\" \/>\n<link rel=\"canonical\" href=\"https:\/\/laredsocial-noticias.com\/wp\/el-gobernador-de-yucatan-mauricio-vila-inaugura-el-festival-internacional-de-las-luces-filux\/\" \/>\n<meta property=\"og:locale\" content=\"es_ES\" \/>\n<meta property=\"og:type\" content=\"article\" \/>\n<meta property=\"og:title\" content=\"El gobernador de Yucat\u00e1n Mauricio Vila inaugura el Festival Internacional de las Luces FILUX - NOTICIAS\" \/>\n<meta property=\"og:description\" content=\"El gobernador de Yucat\u00e1n, Mauricio Vila Dosal, inaugur\u00f3 el Festival Internacional de las Luces FILUX que por primera vez, adem\u00e1s...\" \/>\n<meta property=\"og:url\" content=\"https:\/\/laredsocial-noticias.com\/wp\/el-gobernador-de-yucatan-mauricio-vila-inaugura-el-festival-internacional-de-las-luces-filux\/\" \/>\n<meta property=\"og:site_name\" content=\"NOTICIAS\" \/>\n<meta property=\"article:published_time\" content=\"2022-11-25T19:00:32+00:00\" \/>\n<meta property=\"og:image\" content=\"https:\/\/laredsocial-noticias.com\/wp\/wp-content\/uploads\/2022\/11\/FiYSYNyWAAANtTp.jpg\" \/>\n\t<meta property=\"og:image:width\" content=\"1114\" \/>\n\t<meta property=\"og:image:height\" content=\"853\" \/>\n\t<meta property=\"og:image:type\" content=\"image\/jpeg\" \/>\n<meta name=\"author\" content=\"Editor en Jefe\" \/>\n<meta name=\"twitter:card\" content=\"summary_large_image\" \/>\n<meta name=\"twitter:label1\" content=\"Escrito por\" \/>\n\t<meta name=\"twitter:data1\" content=\"Editor en Jefe\" \/>\n\t<meta name=\"twitter:label2\" content=\"Tiempo de lectura\" \/>\n\t<meta name=\"twitter:data2\" content=\"2 minutos\" \/>\n<!-- \/ Yoast SEO plugin. -->","yoast_head_json":{"title":"El gobernador de Yucat\u00e1n Mauricio Vila inaugura el Festival Internacional de las Luces FILUX - NOTICIAS","robots":{"index":"index","follow":"follow","max-snippet":"max-snippet:-1","max-image-preview":"max-image-preview:large","max-video-preview":"max-video-preview:-1"},"canonical":"https:\/\/laredsocial-noticias.com\/wp\/el-gobernador-de-yucatan-mauricio-vila-inaugura-el-festival-internacional-de-las-luces-filux\/","og_locale":"es_ES","og_type":"article","og_title":"El gobernador de Yucat\u00e1n Mauricio Vila inaugura el Festival Internacional de las Luces FILUX - NOTICIAS","og_description":"El gobernador de Yucat\u00e1n, Mauricio Vila Dosal, inaugur\u00f3 el Festival Internacional de las Luces FILUX que por primera vez, adem\u00e1s...","og_url":"https:\/\/laredsocial-noticias.com\/wp\/el-gobernador-de-yucatan-mauricio-vila-inaugura-el-festival-internacional-de-las-luces-filux\/","og_site_name":"NOTICIAS","article_published_time":"2022-11-25T19:00:32+00:00","og_image":[{"width":1114,"height":853,"url":"https:\/\/laredsocial-noticias.com\/wp\/wp-content\/uploads\/2022\/11\/FiYSYNyWAAANtTp.jpg","type":"image\/jpeg"}],"author":"Editor en Jefe","twitter_card":"summary_large_image","twitter_misc":{"Escrito por":"Editor en Jefe","Tiempo de lectura":"2 minutos"},"schema":{"@context":"https:\/\/schema.org","@graph":[{"@type":"WebPage","@id":"https:\/\/laredsocial-noticias.com\/wp\/el-gobernador-de-yucatan-mauricio-vila-inaugura-el-festival-internacional-de-las-luces-filux\/","url":"https:\/\/laredsocial-noticias.com\/wp\/el-gobernador-de-yucatan-mauricio-vila-inaugura-el-festival-internacional-de-las-luces-filux\/","name":"El gobernador de Yucat\u00e1n Mauricio Vila inaugura el Festival Internacional de las Luces FILUX - NOTICIAS","isPartOf":{"@id":"https:\/\/laredsocial-noticias.com\/wp\/#website"},"primaryImageOfPage":{"@id":"https:\/\/laredsocial-noticias.com\/wp\/el-gobernador-de-yucatan-mauricio-vila-inaugura-el-festival-internacional-de-las-luces-filux\/#primaryimage"},"image":{"@id":"https:\/\/laredsocial-noticias.com\/wp\/el-gobernador-de-yucatan-mauricio-vila-inaugura-el-festival-internacional-de-las-luces-filux\/#primaryimage"},"thumbnailUrl":"https:\/\/cdn.noticiasenlamira.com\/2022\/11\/Vila_flux_01.jpg","datePublished":"2022-11-25T19:00:32+00:00","author":{"@id":"https:\/\/laredsocial-noticias.com\/wp\/#\/schema\/person\/0ce78643f2de7aae6f6ef10e8453a6e0"},"breadcrumb":{"@id":"https:\/\/laredsocial-noticias.com\/wp\/el-gobernador-de-yucatan-mauricio-vila-inaugura-el-festival-internacional-de-las-luces-filux\/#breadcrumb"},"inLanguage":"es","potentialAction":[{"@type":"ReadAction","target":["https:\/\/laredsocial-noticias.com\/wp\/el-gobernador-de-yucatan-mauricio-vila-inaugura-el-festival-internacional-de-las-luces-filux\/"]}]},{"@type":"ImageObject","inLanguage":"es","@id":"https:\/\/laredsocial-noticias.com\/wp\/el-gobernador-de-yucatan-mauricio-vila-inaugura-el-festival-internacional-de-las-luces-filux\/#primaryimage","url":"https:\/\/cdn.noticiasenlamira.com\/2022\/11\/Vila_flux_01.jpg","contentUrl":"https:\/\/cdn.noticiasenlamira.com\/2022\/11\/Vila_flux_01.jpg"},{"@type":"BreadcrumbList","@id":"https:\/\/laredsocial-noticias.com\/wp\/el-gobernador-de-yucatan-mauricio-vila-inaugura-el-festival-internacional-de-las-luces-filux\/#breadcrumb","itemListElement":[{"@type":"ListItem","position":1,"name":"Portada","item":"https:\/\/laredsocial-noticias.com\/wp\/"},{"@type":"ListItem","position":2,"name":"El gobernador de Yucat\u00e1n Mauricio Vila inaugura el Festival Internacional de las Luces FILUX"}]},{"@type":"WebSite","@id":"https:\/\/laredsocial-noticias.com\/wp\/#website","url":"https:\/\/laredsocial-noticias.com\/wp\/","name":"NOTICIAS","description":"Lo que se ve y se dice en las redes sociales","potentialAction":[{"@type":"SearchAction","target":{"@type":"EntryPoint","urlTemplate":"https:\/\/laredsocial-noticias.com\/wp\/?s={search_term_string}"},"query-input":{"@type":"PropertyValueSpecification","valueRequired":true,"valueName":"search_term_string"}}],"inLanguage":"es"},{"@type":"Person","@id":"https:\/\/laredsocial-noticias.com\/wp\/#\/schema\/person\/0ce78643f2de7aae6f6ef10e8453a6e0","name":"Editor en Jefe","url":"https:\/\/laredsocial-noticias.com\/wp\/author\/jorgeochoa\/"}]}},"_links":{"self":[{"href":"https:\/\/laredsocial-noticias.com\/wp\/wp-json\/wp\/v2\/posts\/183000","targetHints":{"allow":["GET"]}}],"collection":[{"href":"https:\/\/laredsocial-noticias.com\/wp\/wp-json\/wp\/v2\/posts"}],"about":[{"href":"https:\/\/laredsocial-noticias.com\/wp\/wp-json\/wp\/v2\/types\/post"}],"author":[{"embeddable":true,"href":"https:\/\/laredsocial-noticias.com\/wp\/wp-json\/wp\/v2\/users\/1"}],"replies":[{"embeddable":true,"href":"https:\/\/laredsocial-noticias.com\/wp\/wp-json\/wp\/v2\/comments?post=183000"}],"version-history":[{"count":1,"href":"https:\/\/laredsocial-noticias.com\/wp\/wp-json\/wp\/v2\/posts\/183000\/revisions"}],"predecessor-version":[{"id":183001,"href":"https:\/\/laredsocial-noticias.com\/wp\/wp-json\/wp\/v2\/posts\/183000\/revisions\/183001"}],"wp:attachment":[{"href":"https:\/\/laredsocial-noticias.com\/wp\/wp-json\/wp\/v2\/media?parent=183000"}],"wp:term":[{"taxonomy":"category","embeddable":true,"href":"https:\/\/laredsocial-noticias.com\/wp\/wp-json\/wp\/v2\/categories?post=183000"},{"taxonomy":"post_tag","embeddable":true,"href":"https:\/\/laredsocial-noticias.com\/wp\/wp-json\/wp\/v2\/tags?post=183000"}],"curies":[{"name":"wp","href":"https:\/\/api.w.org\/{rel}","templated":true}]}}