{"id":184656,"date":"2022-12-15T10:10:14","date_gmt":"2022-12-15T16:10:14","guid":{"rendered":"https:\/\/laredsocial-noticias.com\/wp\/?p=184656"},"modified":"2022-12-17T11:12:04","modified_gmt":"2022-12-17T17:12:04","slug":"el-senador-rafael-espino-privilegia-la-constitucion-y-emite-voto-en-contra-de-la-reforma-electoral","status":"publish","type":"post","link":"https:\/\/laredsocial-noticias.com\/wp\/el-senador-rafael-espino-privilegia-la-constitucion-y-emite-voto-en-contra-de-la-reforma-electoral\/","title":{"rendered":"El Senador Rafael Espino privilegia la Constituci\u00f3n y emite voto en contra de la Reforma Electoral"},"content":{"rendered":"<p>Tras aprobarse la iniciativa de Reforma Electoral conocida como \u201cPlan B\u201d, el Senador por Chihuahua, Rafael Espino de la Pe\u00f1a, emiti\u00f3 su voto en contra y confirm\u00f3 su congruencia al privilegiar la Constituci\u00f3n.<\/p>\n<p>La Sesi\u00f3n se dio en medio de una prolongada discusi\u00f3n donde finalmente fueron aprobadas las reformas por 68 votos a favor y 53 en contra.<\/p>\n<p>Por su cuenta los promotores de la 4T (Morena, PT, PVEM y PES), se\u00f1alaron que lo que se busca es perfeccionar el modelo electoral de M\u00e9xico, esto en virtud de conseguir un Instituto m\u00e1s barato, pero sin que pierda su capacidad operativa; sin embargo, un miembro destacado de Regeneraci\u00f3n Nacional manifest\u00f3 un voto particular con el cual ir\u00eda en contra de la mayor\u00eda de su partido.<\/p>\n<p>Y es que Ricardo Monreal, coordinador de la bancada de Movimiento de Regeneraci\u00f3n Nacional (Morena), disinti\u00f3 de la reforma de AMLO y dijo que, en lo personal, no ve con buenos ojos contradecir a la Constituci\u00f3n Pol\u00edtica de los Estados Unidos Mexicanos (CPEUM), algo que se vio reflejado al momento en el que los legisladores presentaron sus reservas de la Reforma Electoral, pues pr\u00e1cticamente se reservaron todos los art\u00edculos de todas las modificaciones y de la nueva ley.<\/p>\n<p>Hasta el momento analizan hacer m\u00e1s cambios a la nueva ley.<\/p>\n","protected":false},"excerpt":{"rendered":"<p>Tras aprobarse la iniciativa de Reforma Electoral conocida como \u201cPlan B\u201d, el Senador por Chihuahua, Rafael Espino de la Pe\u00f1a,&#8230;<\/p>\n","protected":false},"author":1,"featured_media":0,"comment_status":"open","ping_status":"closed","sticky":false,"template":"","format":"standard","meta":{"footnotes":""},"categories":[78],"tags":[],"class_list":["post-184656","post","type-post","status-publish","format-standard","hentry","category-nacional"],"yoast_head":"<!-- This site is optimized with the Yoast SEO plugin v26.5 - https:\/\/yoast.com\/wordpress\/plugins\/seo\/ -->\n<title>El Senador Rafael Espino privilegia la Constituci\u00f3n y emite voto en contra de la Reforma Electoral - NOTICIAS<\/title>\n<meta name=\"robots\" content=\"index, follow, max-snippet:-1, max-image-preview:large, max-video-preview:-1\" \/>\n<link rel=\"canonical\" href=\"https:\/\/laredsocial-noticias.com\/wp\/el-senador-rafael-espino-privilegia-la-constitucion-y-emite-voto-en-contra-de-la-reforma-electoral\/\" \/>\n<meta property=\"og:locale\" content=\"es_ES\" \/>\n<meta property=\"og:type\" content=\"article\" \/>\n<meta property=\"og:title\" content=\"El Senador Rafael Espino privilegia la Constituci\u00f3n y emite voto en contra de la Reforma Electoral - NOTICIAS\" \/>\n<meta property=\"og:description\" content=\"Tras aprobarse la iniciativa de Reforma Electoral conocida como \u201cPlan B\u201d, el Senador por Chihuahua, Rafael Espino de la Pe\u00f1a,...\" \/>\n<meta property=\"og:url\" content=\"https:\/\/laredsocial-noticias.com\/wp\/el-senador-rafael-espino-privilegia-la-constitucion-y-emite-voto-en-contra-de-la-reforma-electoral\/\" \/>\n<meta property=\"og:site_name\" content=\"NOTICIAS\" \/>\n<meta property=\"article:published_time\" content=\"2022-12-15T16:10:14+00:00\" \/>\n<meta property=\"article:modified_time\" content=\"2022-12-17T17:12:04+00:00\" \/>\n<meta name=\"author\" content=\"Editor en Jefe\" \/>\n<meta name=\"twitter:card\" content=\"summary_large_image\" \/>\n<meta name=\"twitter:label1\" content=\"Escrito por\" \/>\n\t<meta name=\"twitter:data1\" content=\"Editor en Jefe\" \/>\n\t<meta name=\"twitter:label2\" content=\"Tiempo de lectura\" \/>\n\t<meta name=\"twitter:data2\" content=\"1 minuto\" \/>\n<!-- \/ Yoast SEO plugin. -->","yoast_head_json":{"title":"El Senador Rafael Espino privilegia la Constituci\u00f3n y emite voto en contra de la Reforma Electoral - NOTICIAS","robots":{"index":"index","follow":"follow","max-snippet":"max-snippet:-1","max-image-preview":"max-image-preview:large","max-video-preview":"max-video-preview:-1"},"canonical":"https:\/\/laredsocial-noticias.com\/wp\/el-senador-rafael-espino-privilegia-la-constitucion-y-emite-voto-en-contra-de-la-reforma-electoral\/","og_locale":"es_ES","og_type":"article","og_title":"El Senador Rafael Espino privilegia la Constituci\u00f3n y emite voto en contra de la Reforma Electoral - NOTICIAS","og_description":"Tras aprobarse la iniciativa de Reforma Electoral conocida como \u201cPlan B\u201d, el Senador por Chihuahua, Rafael Espino de la Pe\u00f1a,...","og_url":"https:\/\/laredsocial-noticias.com\/wp\/el-senador-rafael-espino-privilegia-la-constitucion-y-emite-voto-en-contra-de-la-reforma-electoral\/","og_site_name":"NOTICIAS","article_published_time":"2022-12-15T16:10:14+00:00","article_modified_time":"2022-12-17T17:12:04+00:00","author":"Editor en Jefe","twitter_card":"summary_large_image","twitter_misc":{"Escrito por":"Editor en Jefe","Tiempo de lectura":"1 minuto"},"schema":{"@context":"https:\/\/schema.org","@graph":[{"@type":"WebPage","@id":"https:\/\/laredsocial-noticias.com\/wp\/el-senador-rafael-espino-privilegia-la-constitucion-y-emite-voto-en-contra-de-la-reforma-electoral\/","url":"https:\/\/laredsocial-noticias.com\/wp\/el-senador-rafael-espino-privilegia-la-constitucion-y-emite-voto-en-contra-de-la-reforma-electoral\/","name":"El Senador Rafael Espino privilegia la Constituci\u00f3n y emite voto en contra de la Reforma Electoral - NOTICIAS","isPartOf":{"@id":"https:\/\/laredsocial-noticias.com\/wp\/#website"},"datePublished":"2022-12-15T16:10:14+00:00","dateModified":"2022-12-17T17:12:04+00:00","author":{"@id":"https:\/\/laredsocial-noticias.com\/wp\/#\/schema\/person\/0ce78643f2de7aae6f6ef10e8453a6e0"},"breadcrumb":{"@id":"https:\/\/laredsocial-noticias.com\/wp\/el-senador-rafael-espino-privilegia-la-constitucion-y-emite-voto-en-contra-de-la-reforma-electoral\/#breadcrumb"},"inLanguage":"es","potentialAction":[{"@type":"ReadAction","target":["https:\/\/laredsocial-noticias.com\/wp\/el-senador-rafael-espino-privilegia-la-constitucion-y-emite-voto-en-contra-de-la-reforma-electoral\/"]}]},{"@type":"BreadcrumbList","@id":"https:\/\/laredsocial-noticias.com\/wp\/el-senador-rafael-espino-privilegia-la-constitucion-y-emite-voto-en-contra-de-la-reforma-electoral\/#breadcrumb","itemListElement":[{"@type":"ListItem","position":1,"name":"Portada","item":"https:\/\/laredsocial-noticias.com\/wp\/"},{"@type":"ListItem","position":2,"name":"El Senador Rafael Espino privilegia la Constituci\u00f3n y emite voto en contra de la Reforma Electoral"}]},{"@type":"WebSite","@id":"https:\/\/laredsocial-noticias.com\/wp\/#website","url":"https:\/\/laredsocial-noticias.com\/wp\/","name":"NOTICIAS","description":"Lo que se ve y se dice en las redes sociales","potentialAction":[{"@type":"SearchAction","target":{"@type":"EntryPoint","urlTemplate":"https:\/\/laredsocial-noticias.com\/wp\/?s={search_term_string}"},"query-input":{"@type":"PropertyValueSpecification","valueRequired":true,"valueName":"search_term_string"}}],"inLanguage":"es"},{"@type":"Person","@id":"https:\/\/laredsocial-noticias.com\/wp\/#\/schema\/person\/0ce78643f2de7aae6f6ef10e8453a6e0","name":"Editor en Jefe","url":"https:\/\/laredsocial-noticias.com\/wp\/author\/jorgeochoa\/"}]}},"_links":{"self":[{"href":"https:\/\/laredsocial-noticias.com\/wp\/wp-json\/wp\/v2\/posts\/184656","targetHints":{"allow":["GET"]}}],"collection":[{"href":"https:\/\/laredsocial-noticias.com\/wp\/wp-json\/wp\/v2\/posts"}],"about":[{"href":"https:\/\/laredsocial-noticias.com\/wp\/wp-json\/wp\/v2\/types\/post"}],"author":[{"embeddable":true,"href":"https:\/\/laredsocial-noticias.com\/wp\/wp-json\/wp\/v2\/users\/1"}],"replies":[{"embeddable":true,"href":"https:\/\/laredsocial-noticias.com\/wp\/wp-json\/wp\/v2\/comments?post=184656"}],"version-history":[{"count":1,"href":"https:\/\/laredsocial-noticias.com\/wp\/wp-json\/wp\/v2\/posts\/184656\/revisions"}],"predecessor-version":[{"id":184657,"href":"https:\/\/laredsocial-noticias.com\/wp\/wp-json\/wp\/v2\/posts\/184656\/revisions\/184657"}],"wp:attachment":[{"href":"https:\/\/laredsocial-noticias.com\/wp\/wp-json\/wp\/v2\/media?parent=184656"}],"wp:term":[{"taxonomy":"category","embeddable":true,"href":"https:\/\/laredsocial-noticias.com\/wp\/wp-json\/wp\/v2\/categories?post=184656"},{"taxonomy":"post_tag","embeddable":true,"href":"https:\/\/laredsocial-noticias.com\/wp\/wp-json\/wp\/v2\/tags?post=184656"}],"curies":[{"name":"wp","href":"https:\/\/api.w.org\/{rel}","templated":true}]}}