{"id":185060,"date":"2022-12-21T13:00:02","date_gmt":"2022-12-21T19:00:02","guid":{"rendered":"https:\/\/laredsocial-noticias.com\/wp\/?p=185060"},"modified":"2022-12-21T09:09:50","modified_gmt":"2022-12-21T15:09:50","slug":"ya-se-nombro-encargado-de-embajada-de-mexico-en-peru-tras-expulsion-de-monroy-amlo","status":"publish","type":"post","link":"https:\/\/laredsocial-noticias.com\/wp\/ya-se-nombro-encargado-de-embajada-de-mexico-en-peru-tras-expulsion-de-monroy-amlo\/","title":{"rendered":"Ya se nombr\u00f3 encargado de embajada de M\u00e9xico en Per\u00fa tras expulsi\u00f3n de Monroy: AMLO"},"content":{"rendered":"<p>Tras lamentar la decisi\u00f3n del Gobierno de Per\u00fa de declarar persona \u201cnon grata\u201d al embajador de M\u00e9xico en ese pa\u00eds\u00a0Pablo Monroy Conesa, el presidente Andr\u00e9s Manuel L\u00f3pez Obrador inform\u00f3 que ya se nombr\u00f3 a un encargado pues la intenci\u00f3n es no romper los lazos, aunque \u201cs\u00ed se tomar\u00e1n medidas\u201c.<\/p>\n<p>Durante su conferencia de prensa matutina el mandatario explic\u00f3 que la Secretar\u00eda de Relaciones Exteriores (SRE) no tiene intenci\u00f3n de romper relaciones con el gobierno de Per\u00fa tras la expulsi\u00f3n del embajador mexicano, al contrario.<\/p>\n<blockquote class=\"wp-block-quote\"><p>\u201cLa SRE ha decidido no romper relaciones, (\u2026) necesitamos mantener nuestra embajada para dar protecci\u00f3n a los mexicanos que radican en Per\u00fa, entonces la embajada contin\u00faa en su funci\u00f3n. Ya est\u00e1 nombrado un encargado de la embajada y seguimos pendientes\u201d, indic\u00f3.<\/p><\/blockquote>\n<h2>\u201cVamos a tomar medidas\u201d<\/h2>\n<p>En esa misma l\u00ednea, el titular del Poder Ejecutivo dio a conocer que su gobierno \u201csi va a tomar medidas\u201d con el gobierno de Per\u00fa, no obstante, asegur\u00f3 que no se expulsar\u00e1 a nadie de M\u00e9xico como pas\u00f3 con el embajador Pablo Monroy.<\/p>\n<p>Destac\u00f3 adem\u00e1s que se buscar\u00e1 reformar o reglamentar el art\u00edculo 33 de la Constituci\u00f3n, el cual proh\u00edbe a los extranjeros en M\u00e9xico\u00a0no podr\u00e1n de ninguna manera inmiscuirse en los asuntos pol\u00edticos del pa\u00eds.<\/p>\n<p>Sobre el exembajador de M\u00e9xico en Per\u00fa Pablo Monroy, L\u00f3pez Obrador asegur\u00f3 que hizo un trabajo extraordinario apoyando a los mexicanos en ese pa\u00eds y \u201chaciendo valer el derecho de asilo\u201d, adem\u00e1s, reiter\u00f3 que M\u00e9xico no reconoce a autoridades extranjeras.<\/p>\n","protected":false},"excerpt":{"rendered":"<p>Tras lamentar la decisi\u00f3n del Gobierno de Per\u00fa de declarar persona \u201cnon grata\u201d al embajador de M\u00e9xico en ese pa\u00eds\u00a0Pablo&#8230;<\/p>\n","protected":false},"author":1,"featured_media":0,"comment_status":"open","ping_status":"closed","sticky":false,"template":"","format":"standard","meta":{"footnotes":""},"categories":[78,6026],"tags":[4959,77],"class_list":["post-185060","post","type-post","status-publish","format-standard","hentry","category-nacional","category-portada","tag-featured","tag-principal"],"yoast_head":"<!-- This site is optimized with the Yoast SEO plugin v26.5 - https:\/\/yoast.com\/wordpress\/plugins\/seo\/ -->\n<title>Ya se nombr\u00f3 encargado de embajada de M\u00e9xico en Per\u00fa tras expulsi\u00f3n de Monroy: AMLO - NOTICIAS<\/title>\n<meta name=\"robots\" content=\"index, follow, max-snippet:-1, max-image-preview:large, max-video-preview:-1\" \/>\n<link rel=\"canonical\" href=\"https:\/\/laredsocial-noticias.com\/wp\/ya-se-nombro-encargado-de-embajada-de-mexico-en-peru-tras-expulsion-de-monroy-amlo\/\" \/>\n<meta property=\"og:locale\" content=\"es_ES\" \/>\n<meta property=\"og:type\" content=\"article\" \/>\n<meta property=\"og:title\" content=\"Ya se nombr\u00f3 encargado de embajada de M\u00e9xico en Per\u00fa tras expulsi\u00f3n de Monroy: AMLO - NOTICIAS\" \/>\n<meta property=\"og:description\" content=\"Tras lamentar la decisi\u00f3n del Gobierno de Per\u00fa de declarar persona \u201cnon grata\u201d al embajador de M\u00e9xico en ese pa\u00eds\u00a0Pablo...\" \/>\n<meta property=\"og:url\" content=\"https:\/\/laredsocial-noticias.com\/wp\/ya-se-nombro-encargado-de-embajada-de-mexico-en-peru-tras-expulsion-de-monroy-amlo\/\" \/>\n<meta property=\"og:site_name\" content=\"NOTICIAS\" \/>\n<meta property=\"article:published_time\" content=\"2022-12-21T19:00:02+00:00\" \/>\n<meta name=\"author\" content=\"Editor en Jefe\" \/>\n<meta name=\"twitter:card\" content=\"summary_large_image\" \/>\n<meta name=\"twitter:label1\" content=\"Escrito por\" \/>\n\t<meta name=\"twitter:data1\" content=\"Editor en Jefe\" \/>\n\t<meta name=\"twitter:label2\" content=\"Tiempo de lectura\" \/>\n\t<meta name=\"twitter:data2\" content=\"1 minuto\" \/>\n<!-- \/ Yoast SEO plugin. -->","yoast_head_json":{"title":"Ya se nombr\u00f3 encargado de embajada de M\u00e9xico en Per\u00fa tras expulsi\u00f3n de Monroy: AMLO - NOTICIAS","robots":{"index":"index","follow":"follow","max-snippet":"max-snippet:-1","max-image-preview":"max-image-preview:large","max-video-preview":"max-video-preview:-1"},"canonical":"https:\/\/laredsocial-noticias.com\/wp\/ya-se-nombro-encargado-de-embajada-de-mexico-en-peru-tras-expulsion-de-monroy-amlo\/","og_locale":"es_ES","og_type":"article","og_title":"Ya se nombr\u00f3 encargado de embajada de M\u00e9xico en Per\u00fa tras expulsi\u00f3n de Monroy: AMLO - NOTICIAS","og_description":"Tras lamentar la decisi\u00f3n del Gobierno de Per\u00fa de declarar persona \u201cnon grata\u201d al embajador de M\u00e9xico en ese pa\u00eds\u00a0Pablo...","og_url":"https:\/\/laredsocial-noticias.com\/wp\/ya-se-nombro-encargado-de-embajada-de-mexico-en-peru-tras-expulsion-de-monroy-amlo\/","og_site_name":"NOTICIAS","article_published_time":"2022-12-21T19:00:02+00:00","author":"Editor en Jefe","twitter_card":"summary_large_image","twitter_misc":{"Escrito por":"Editor en Jefe","Tiempo de lectura":"1 minuto"},"schema":{"@context":"https:\/\/schema.org","@graph":[{"@type":"WebPage","@id":"https:\/\/laredsocial-noticias.com\/wp\/ya-se-nombro-encargado-de-embajada-de-mexico-en-peru-tras-expulsion-de-monroy-amlo\/","url":"https:\/\/laredsocial-noticias.com\/wp\/ya-se-nombro-encargado-de-embajada-de-mexico-en-peru-tras-expulsion-de-monroy-amlo\/","name":"Ya se nombr\u00f3 encargado de embajada de M\u00e9xico en Per\u00fa tras expulsi\u00f3n de Monroy: AMLO - NOTICIAS","isPartOf":{"@id":"https:\/\/laredsocial-noticias.com\/wp\/#website"},"datePublished":"2022-12-21T19:00:02+00:00","author":{"@id":"https:\/\/laredsocial-noticias.com\/wp\/#\/schema\/person\/0ce78643f2de7aae6f6ef10e8453a6e0"},"breadcrumb":{"@id":"https:\/\/laredsocial-noticias.com\/wp\/ya-se-nombro-encargado-de-embajada-de-mexico-en-peru-tras-expulsion-de-monroy-amlo\/#breadcrumb"},"inLanguage":"es","potentialAction":[{"@type":"ReadAction","target":["https:\/\/laredsocial-noticias.com\/wp\/ya-se-nombro-encargado-de-embajada-de-mexico-en-peru-tras-expulsion-de-monroy-amlo\/"]}]},{"@type":"BreadcrumbList","@id":"https:\/\/laredsocial-noticias.com\/wp\/ya-se-nombro-encargado-de-embajada-de-mexico-en-peru-tras-expulsion-de-monroy-amlo\/#breadcrumb","itemListElement":[{"@type":"ListItem","position":1,"name":"Portada","item":"https:\/\/laredsocial-noticias.com\/wp\/"},{"@type":"ListItem","position":2,"name":"Ya se nombr\u00f3 encargado de embajada de M\u00e9xico en Per\u00fa tras expulsi\u00f3n de Monroy: AMLO"}]},{"@type":"WebSite","@id":"https:\/\/laredsocial-noticias.com\/wp\/#website","url":"https:\/\/laredsocial-noticias.com\/wp\/","name":"NOTICIAS","description":"Lo que se ve y se dice en las redes sociales","potentialAction":[{"@type":"SearchAction","target":{"@type":"EntryPoint","urlTemplate":"https:\/\/laredsocial-noticias.com\/wp\/?s={search_term_string}"},"query-input":{"@type":"PropertyValueSpecification","valueRequired":true,"valueName":"search_term_string"}}],"inLanguage":"es"},{"@type":"Person","@id":"https:\/\/laredsocial-noticias.com\/wp\/#\/schema\/person\/0ce78643f2de7aae6f6ef10e8453a6e0","name":"Editor en Jefe","url":"https:\/\/laredsocial-noticias.com\/wp\/author\/jorgeochoa\/"}]}},"_links":{"self":[{"href":"https:\/\/laredsocial-noticias.com\/wp\/wp-json\/wp\/v2\/posts\/185060","targetHints":{"allow":["GET"]}}],"collection":[{"href":"https:\/\/laredsocial-noticias.com\/wp\/wp-json\/wp\/v2\/posts"}],"about":[{"href":"https:\/\/laredsocial-noticias.com\/wp\/wp-json\/wp\/v2\/types\/post"}],"author":[{"embeddable":true,"href":"https:\/\/laredsocial-noticias.com\/wp\/wp-json\/wp\/v2\/users\/1"}],"replies":[{"embeddable":true,"href":"https:\/\/laredsocial-noticias.com\/wp\/wp-json\/wp\/v2\/comments?post=185060"}],"version-history":[{"count":0,"href":"https:\/\/laredsocial-noticias.com\/wp\/wp-json\/wp\/v2\/posts\/185060\/revisions"}],"wp:attachment":[{"href":"https:\/\/laredsocial-noticias.com\/wp\/wp-json\/wp\/v2\/media?parent=185060"}],"wp:term":[{"taxonomy":"category","embeddable":true,"href":"https:\/\/laredsocial-noticias.com\/wp\/wp-json\/wp\/v2\/categories?post=185060"},{"taxonomy":"post_tag","embeddable":true,"href":"https:\/\/laredsocial-noticias.com\/wp\/wp-json\/wp\/v2\/tags?post=185060"}],"curies":[{"name":"wp","href":"https:\/\/api.w.org\/{rel}","templated":true}]}}