{"id":185063,"date":"2022-12-21T14:00:03","date_gmt":"2022-12-21T20:00:03","guid":{"rendered":"https:\/\/laredsocial-noticias.com\/wp\/?p=185063"},"modified":"2022-12-21T09:19:40","modified_gmt":"2022-12-21T15:19:40","slug":"sin-descanso-mbappe-regresa-a-los-entrenamientos-con-el-psg","status":"publish","type":"post","link":"https:\/\/laredsocial-noticias.com\/wp\/sin-descanso-mbappe-regresa-a-los-entrenamientos-con-el-psg\/","title":{"rendered":"\u00a1Sin descanso! Mbapp\u00e9 regresa a los entrenamientos con el PSG"},"content":{"rendered":"<p>Kylian Mbapp\u00e9 efectu\u00f3 el mi\u00e9rcoles su regreso a los entrenamientos con el Par\u00eds Saint-Germain para sorpresa general, apenas tres d\u00edas despu\u00e9s de la derrota de Francia en la final del Mundial-2022 contra Argentina, comunic\u00f3 club.<\/p>\n<p>El PSG comparti\u00f3 en Twitter im\u00e1genes del jugador saliendo de una furgoneta y entrando en los locales del centro de entrenamiento. El tuit estaba acompa\u00f1ado del mensaje:<\/p>\n<p>\u201cKylian Mbapp\u00e9 de regreso al entrenamiento este mi\u00e9rcoles\u201d. Al ser preguntado por la AFP, el club confirm\u00f3 que el jugador retomaba las sesiones con el PSG.<\/p>\n<p>Este regreso es sorprendente, ya que se supon\u00eda que los jugadores parisinos participantes en la Copa del Mundo pod\u00edan beneficiarse de al menos diez d\u00edas de descanso antes de unirse a sus compa\u00f1eros en el club.<\/p>\n<p>La vuelta de Mbapp\u00e9, mejor goleador del Mundial con 8 tantos y autor de un hat-trick en la final, no se esperaba hasta el mes de enero de 2023.<\/p>\n<p>El club no ha precisado los siguientes pasos del programa de reincorporaci\u00f3n de Mbapp\u00e9, con el regreso del PSG a la Ligue 1 el pr\u00f3ximo 28 de diciembre en el Parque de los Pr\u00edncipes contra el Estrasburgo, antes de la visita el 1 de enero al Lens.<\/p>\n","protected":false},"excerpt":{"rendered":"<p>Kylian Mbapp\u00e9 efectu\u00f3 el mi\u00e9rcoles su regreso a los entrenamientos con el Par\u00eds Saint-Germain para sorpresa general, apenas tres d\u00edas&#8230;<\/p>\n","protected":false},"author":1,"featured_media":0,"comment_status":"open","ping_status":"closed","sticky":false,"template":"","format":"standard","meta":{"footnotes":""},"categories":[337,6026],"tags":[4959,77],"class_list":["post-185063","post","type-post","status-publish","format-standard","hentry","category-deportes","category-portada","tag-featured","tag-principal"],"yoast_head":"<!-- This site is optimized with the Yoast SEO plugin v26.5 - https:\/\/yoast.com\/wordpress\/plugins\/seo\/ -->\n<title>\u00a1Sin descanso! Mbapp\u00e9 regresa a los entrenamientos con el PSG - NOTICIAS<\/title>\n<meta name=\"robots\" content=\"index, follow, max-snippet:-1, max-image-preview:large, max-video-preview:-1\" \/>\n<link rel=\"canonical\" href=\"https:\/\/laredsocial-noticias.com\/wp\/sin-descanso-mbappe-regresa-a-los-entrenamientos-con-el-psg\/\" \/>\n<meta property=\"og:locale\" content=\"es_ES\" \/>\n<meta property=\"og:type\" content=\"article\" \/>\n<meta property=\"og:title\" content=\"\u00a1Sin descanso! Mbapp\u00e9 regresa a los entrenamientos con el PSG - NOTICIAS\" \/>\n<meta property=\"og:description\" content=\"Kylian Mbapp\u00e9 efectu\u00f3 el mi\u00e9rcoles su regreso a los entrenamientos con el Par\u00eds Saint-Germain para sorpresa general, apenas tres d\u00edas...\" \/>\n<meta property=\"og:url\" content=\"https:\/\/laredsocial-noticias.com\/wp\/sin-descanso-mbappe-regresa-a-los-entrenamientos-con-el-psg\/\" \/>\n<meta property=\"og:site_name\" content=\"NOTICIAS\" \/>\n<meta property=\"article:published_time\" content=\"2022-12-21T20:00:03+00:00\" \/>\n<meta property=\"og:image\" content=\"https:\/\/laredsocial-noticias.com\/wp\/wp-content\/uploads\/2022\/12\/mbappe-psg.jpg\" \/>\n\t<meta property=\"og:image:width\" content=\"1280\" \/>\n\t<meta property=\"og:image:height\" content=\"720\" \/>\n\t<meta property=\"og:image:type\" content=\"image\/jpeg\" \/>\n<meta name=\"author\" content=\"Editor en Jefe\" \/>\n<meta name=\"twitter:card\" content=\"summary_large_image\" \/>\n<meta name=\"twitter:label1\" content=\"Escrito por\" \/>\n\t<meta name=\"twitter:data1\" content=\"Editor en Jefe\" \/>\n\t<meta name=\"twitter:label2\" content=\"Tiempo de lectura\" \/>\n\t<meta name=\"twitter:data2\" content=\"1 minuto\" \/>\n<!-- \/ Yoast SEO plugin. -->","yoast_head_json":{"title":"\u00a1Sin descanso! Mbapp\u00e9 regresa a los entrenamientos con el PSG - NOTICIAS","robots":{"index":"index","follow":"follow","max-snippet":"max-snippet:-1","max-image-preview":"max-image-preview:large","max-video-preview":"max-video-preview:-1"},"canonical":"https:\/\/laredsocial-noticias.com\/wp\/sin-descanso-mbappe-regresa-a-los-entrenamientos-con-el-psg\/","og_locale":"es_ES","og_type":"article","og_title":"\u00a1Sin descanso! Mbapp\u00e9 regresa a los entrenamientos con el PSG - NOTICIAS","og_description":"Kylian Mbapp\u00e9 efectu\u00f3 el mi\u00e9rcoles su regreso a los entrenamientos con el Par\u00eds Saint-Germain para sorpresa general, apenas tres d\u00edas...","og_url":"https:\/\/laredsocial-noticias.com\/wp\/sin-descanso-mbappe-regresa-a-los-entrenamientos-con-el-psg\/","og_site_name":"NOTICIAS","article_published_time":"2022-12-21T20:00:03+00:00","og_image":[{"width":1280,"height":720,"url":"https:\/\/laredsocial-noticias.com\/wp\/wp-content\/uploads\/2022\/12\/mbappe-psg.jpg","type":"image\/jpeg"}],"author":"Editor en Jefe","twitter_card":"summary_large_image","twitter_misc":{"Escrito por":"Editor en Jefe","Tiempo de lectura":"1 minuto"},"schema":{"@context":"https:\/\/schema.org","@graph":[{"@type":"WebPage","@id":"https:\/\/laredsocial-noticias.com\/wp\/sin-descanso-mbappe-regresa-a-los-entrenamientos-con-el-psg\/","url":"https:\/\/laredsocial-noticias.com\/wp\/sin-descanso-mbappe-regresa-a-los-entrenamientos-con-el-psg\/","name":"\u00a1Sin descanso! Mbapp\u00e9 regresa a los entrenamientos con el PSG - NOTICIAS","isPartOf":{"@id":"https:\/\/laredsocial-noticias.com\/wp\/#website"},"datePublished":"2022-12-21T20:00:03+00:00","author":{"@id":"https:\/\/laredsocial-noticias.com\/wp\/#\/schema\/person\/0ce78643f2de7aae6f6ef10e8453a6e0"},"breadcrumb":{"@id":"https:\/\/laredsocial-noticias.com\/wp\/sin-descanso-mbappe-regresa-a-los-entrenamientos-con-el-psg\/#breadcrumb"},"inLanguage":"es","potentialAction":[{"@type":"ReadAction","target":["https:\/\/laredsocial-noticias.com\/wp\/sin-descanso-mbappe-regresa-a-los-entrenamientos-con-el-psg\/"]}]},{"@type":"BreadcrumbList","@id":"https:\/\/laredsocial-noticias.com\/wp\/sin-descanso-mbappe-regresa-a-los-entrenamientos-con-el-psg\/#breadcrumb","itemListElement":[{"@type":"ListItem","position":1,"name":"Portada","item":"https:\/\/laredsocial-noticias.com\/wp\/"},{"@type":"ListItem","position":2,"name":"\u00a1Sin descanso! Mbapp\u00e9 regresa a los entrenamientos con el PSG"}]},{"@type":"WebSite","@id":"https:\/\/laredsocial-noticias.com\/wp\/#website","url":"https:\/\/laredsocial-noticias.com\/wp\/","name":"NOTICIAS","description":"Lo que se ve y se dice en las redes sociales","potentialAction":[{"@type":"SearchAction","target":{"@type":"EntryPoint","urlTemplate":"https:\/\/laredsocial-noticias.com\/wp\/?s={search_term_string}"},"query-input":{"@type":"PropertyValueSpecification","valueRequired":true,"valueName":"search_term_string"}}],"inLanguage":"es"},{"@type":"Person","@id":"https:\/\/laredsocial-noticias.com\/wp\/#\/schema\/person\/0ce78643f2de7aae6f6ef10e8453a6e0","name":"Editor en Jefe","url":"https:\/\/laredsocial-noticias.com\/wp\/author\/jorgeochoa\/"}]}},"_links":{"self":[{"href":"https:\/\/laredsocial-noticias.com\/wp\/wp-json\/wp\/v2\/posts\/185063","targetHints":{"allow":["GET"]}}],"collection":[{"href":"https:\/\/laredsocial-noticias.com\/wp\/wp-json\/wp\/v2\/posts"}],"about":[{"href":"https:\/\/laredsocial-noticias.com\/wp\/wp-json\/wp\/v2\/types\/post"}],"author":[{"embeddable":true,"href":"https:\/\/laredsocial-noticias.com\/wp\/wp-json\/wp\/v2\/users\/1"}],"replies":[{"embeddable":true,"href":"https:\/\/laredsocial-noticias.com\/wp\/wp-json\/wp\/v2\/comments?post=185063"}],"version-history":[{"count":1,"href":"https:\/\/laredsocial-noticias.com\/wp\/wp-json\/wp\/v2\/posts\/185063\/revisions"}],"predecessor-version":[{"id":185064,"href":"https:\/\/laredsocial-noticias.com\/wp\/wp-json\/wp\/v2\/posts\/185063\/revisions\/185064"}],"wp:attachment":[{"href":"https:\/\/laredsocial-noticias.com\/wp\/wp-json\/wp\/v2\/media?parent=185063"}],"wp:term":[{"taxonomy":"category","embeddable":true,"href":"https:\/\/laredsocial-noticias.com\/wp\/wp-json\/wp\/v2\/categories?post=185063"},{"taxonomy":"post_tag","embeddable":true,"href":"https:\/\/laredsocial-noticias.com\/wp\/wp-json\/wp\/v2\/tags?post=185063"}],"curies":[{"name":"wp","href":"https:\/\/api.w.org\/{rel}","templated":true}]}}