{"id":185117,"date":"2022-12-21T12:45:34","date_gmt":"2022-12-21T18:45:34","guid":{"rendered":"https:\/\/laredsocial-noticias.com\/wp\/?p=185117"},"modified":"2022-12-21T12:45:34","modified_gmt":"2022-12-21T18:45:34","slug":"manda-monreal-mensaje-de-navidad","status":"publish","type":"post","link":"https:\/\/laredsocial-noticias.com\/wp\/manda-monreal-mensaje-de-navidad\/","title":{"rendered":"Manda Monreal mensaje de navidad"},"content":{"rendered":"<blockquote><p>*Reconciliaci\u00f3n es inclusi\u00f3n, prosperidad, sociedad justa y gobierno colaborativo: sus deseos<\/p><\/blockquote>\n<p>&nbsp;<\/p>\n<p><a href=\"https:\/\/laredsocial-noticias.com\/wp\/wp-content\/uploads\/2022\/12\/B41B1614-9BCB-42C4-AB61-AF0F42CF2653.jpeg\"><img loading=\"lazy\" decoding=\"async\" class=\"alignleft size-thumbnail wp-image-185120\" src=\"https:\/\/laredsocial-noticias.com\/wp\/wp-content\/uploads\/2022\/12\/B41B1614-9BCB-42C4-AB61-AF0F42CF2653-150x150.jpeg\" alt=\"\" width=\"150\" height=\"150\" \/><\/a>La reconciliaci\u00f3n transformadora de M\u00e9xico pasa por ser un pa\u00eds inclusivo, seguro, verde, pr\u00f3spero, con un gobierno colaborativo y una sociedad justa, asegur\u00f3 Ricardo Monreal.<\/p>\n<p>En un mensaje publicado en redes sociales, el coordinador de los senadores de Morena explic\u00f3 que la inclusi\u00f3n exige un pa\u00eds unido, no dividido; un Gobierno colaborativo, que sume y multiplique los esfuerzos de las y los mexicanos de todas las clases sociales y de todas las regiones, sin dejar a nadie afuera o atr\u00e1s de los dem\u00e1s.<\/p>\n<p>Tambi\u00e9n una sociedad justa, con menos de las desigualdades materiales y miserias morales que hoy la tienen confrontada y ensangrentada, as\u00ed como o un pa\u00eds seguro, donde la vida de las personas y sus bienes no sean vulnerados, robados, confiscados o arrebatados por la violencia; donde la vida sea el principal bien p\u00fablico que proteja un Estado democr\u00e1tico de derecho.<\/p>\n<p>Un pa\u00eds verde, dijo, donde el desarrollo y el crecimiento sean ecol\u00f3gicamente responsables y comprometidos con la preservaci\u00f3n sostenible de la tierra, el agua y el aire.<\/p>\n<p>Y una naci\u00f3n pr\u00f3spera, donde la riqueza se distribuya creciendo, y el crecimiento se alimente de una riqueza bien distribuida, para que permita la existencia y expansi\u00f3n de una clase media robusta, agreg\u00f3.<\/p>\n<p>\u201cVayan estos prop\u00f3sitos de reconciliaci\u00f3n, con mis mejores deseos, para todas y todos mis lectores en esta Navidad 2022\u201d, expuso.<\/p>\n<p>Monreal \u00c1vila dijo que esta navidad es propicia para renovar los votos de concordia, paz y amor. La reconciliaci\u00f3n transformadora de M\u00e9xico requiere de inclusi\u00f3n, de un gobierno colaborativo, de una sociedad justa, de un pa\u00eds seguro y de una naci\u00f3n verde y pr\u00f3spera.<\/p>\n<p>\u201cHagamos votos para dejar atr\u00e1s los odios, rencores, fobias y todas aquellas grietas o brechas que a lo largo de un a\u00f1o nos hayan alejado de nuestros semejantes\u201d, extern\u00f3.<\/p>\n<p>\u201cUn M\u00e9xico reconciliado est\u00e1 organizado como un solo frente para recuperar nuestra vida com\u00fan de la violencia y del crimen, que cada vez m\u00e1s nos separan y a\u00edslan en ansiedad y precauciones\u201d, opin\u00f3.<\/p>\n<p>Dijo que la reconciliaci\u00f3n real es cuando los momentos dif\u00edciles de la vida no tienen que convertirse en una amenaza de pobreza. Es cuando, agreg\u00f3, en lugar del miedo a ser excluidos, se encuentra sustento en el gobierno para lograr la inclusi\u00f3n.<\/p>\n<p>Partimos de la premisa de que M\u00e9xico requiere una transformaci\u00f3n, pero a partir de la reconciliaci\u00f3n. Necesitamos reconciliar a M\u00e9xico, para poder transformarlo, expres\u00f3.<\/p>\n<p>El tambi\u00e9n presidente de la Jucopo, manifest\u00f3 que reconciliar a nuestro pa\u00eds es luchar para que cada persona se sepa valorada y necesitada por la sociedad, y la diversidad sea nuestra herramienta para ser m\u00e1s productivos y creativos.<\/p>\n<p>Consider\u00f3 que reconciliar a M\u00e9xico es asegurar que la injusticia que arrastramos como desigualdad y penuria se sanee con un Estado que no se limita a ayudar a las personas en situaci\u00f3n de pobreza, sino que cambia las condiciones para eliminar esta.<\/p>\n<p>\u201cUn M\u00e9xico reconciliado est\u00e1 organizado como un solo frente para recuperar nuestra vida com\u00fan de la violencia y del crimen, que cada vez m\u00e1s nos separan y a\u00edslan en ansiedad y precauciones\u201d, indic\u00f3.<\/p>\n<p>Reconciliar a M\u00e9xico, enfatiz\u00f3, es lograr que todas y todos tengamos la posibilidad de desarrollar y ampliar nuestras competencias con estudios, cursos y certificaciones, independientemente de nuestra edad. Es aprovechar el potencial tan grande que tiene cada sector que impulsa nuestra econom\u00eda para destacar en el mundo.<\/p>\n<p>Ello significa tambi\u00e9n generar los empleos que ahora est\u00e1n buscando las y los j\u00f3venes y gente de cada lugar del territorio nacional. Es unir nuestras capacidades con oportunidades, a\u00f1adi\u00f3.<\/p>\n<p>Ricardo Monreal subray\u00f3 que la reconciliaci\u00f3n real es cuando los momentos dif\u00edciles de la vida no tienen que convertirse en una amenaza de pobreza. Cuando, en lugar del miedo a ser excluidos, se encuentra sustento en el Gobierno para lograr la inclusi\u00f3n.<\/p>\n<p>&nbsp;<\/p>\n<p><a href=\"https:\/\/laredsocial-noticias.com\/wp\/wp-content\/uploads\/2022\/12\/F7B42AE3-E306-4AA1-84AE-664B25FD93D6.jpeg\"><img loading=\"lazy\" decoding=\"async\" class=\"alignleft size-full wp-image-185121\" src=\"https:\/\/laredsocial-noticias.com\/wp\/wp-content\/uploads\/2022\/12\/F7B42AE3-E306-4AA1-84AE-664B25FD93D6.jpeg\" alt=\"\" width=\"1066\" height=\"1600\" \/><\/a><\/p>\n<p>*&#8211;oo00oo&#8211;*<\/p>\n","protected":false},"excerpt":{"rendered":"<p>*Reconciliaci\u00f3n es inclusi\u00f3n, prosperidad, sociedad justa y gobierno colaborativo: sus deseos &nbsp; La reconciliaci\u00f3n transformadora de M\u00e9xico pasa por ser&#8230;<\/p>\n","protected":false},"author":1,"featured_media":0,"comment_status":"closed","ping_status":"closed","sticky":false,"template":"","format":"standard","meta":{"footnotes":""},"categories":[27,2326,25,59,11773],"tags":[],"class_list":["post-185117","post","type-post","status-publish","format-standard","hentry","category-congreso-de-la-union","category-morena","category-partidos-politicos","category-senado","category-sucesion-presidencial"],"yoast_head":"<!-- This site is optimized with the Yoast SEO plugin v26.5 - https:\/\/yoast.com\/wordpress\/plugins\/seo\/ -->\n<title>Manda Monreal mensaje de navidad - NOTICIAS<\/title>\n<meta name=\"robots\" content=\"index, follow, max-snippet:-1, max-image-preview:large, max-video-preview:-1\" \/>\n<link rel=\"canonical\" href=\"https:\/\/laredsocial-noticias.com\/wp\/manda-monreal-mensaje-de-navidad\/\" \/>\n<meta property=\"og:locale\" content=\"es_ES\" \/>\n<meta property=\"og:type\" content=\"article\" \/>\n<meta property=\"og:title\" content=\"Manda Monreal mensaje de navidad - NOTICIAS\" \/>\n<meta property=\"og:description\" content=\"*Reconciliaci\u00f3n es inclusi\u00f3n, prosperidad, sociedad justa y gobierno colaborativo: sus deseos &nbsp; La reconciliaci\u00f3n transformadora de M\u00e9xico pasa por ser...\" \/>\n<meta property=\"og:url\" content=\"https:\/\/laredsocial-noticias.com\/wp\/manda-monreal-mensaje-de-navidad\/\" \/>\n<meta property=\"og:site_name\" content=\"NOTICIAS\" \/>\n<meta property=\"article:published_time\" content=\"2022-12-21T18:45:34+00:00\" \/>\n<meta name=\"author\" content=\"Editor en Jefe\" \/>\n<meta name=\"twitter:card\" content=\"summary_large_image\" \/>\n<meta name=\"twitter:label1\" content=\"Escrito por\" \/>\n\t<meta name=\"twitter:data1\" content=\"Editor en Jefe\" \/>\n\t<meta name=\"twitter:label2\" content=\"Tiempo de lectura\" \/>\n\t<meta name=\"twitter:data2\" content=\"3 minutos\" \/>\n<!-- \/ Yoast SEO plugin. -->","yoast_head_json":{"title":"Manda Monreal mensaje de navidad - NOTICIAS","robots":{"index":"index","follow":"follow","max-snippet":"max-snippet:-1","max-image-preview":"max-image-preview:large","max-video-preview":"max-video-preview:-1"},"canonical":"https:\/\/laredsocial-noticias.com\/wp\/manda-monreal-mensaje-de-navidad\/","og_locale":"es_ES","og_type":"article","og_title":"Manda Monreal mensaje de navidad - NOTICIAS","og_description":"*Reconciliaci\u00f3n es inclusi\u00f3n, prosperidad, sociedad justa y gobierno colaborativo: sus deseos &nbsp; La reconciliaci\u00f3n transformadora de M\u00e9xico pasa por ser...","og_url":"https:\/\/laredsocial-noticias.com\/wp\/manda-monreal-mensaje-de-navidad\/","og_site_name":"NOTICIAS","article_published_time":"2022-12-21T18:45:34+00:00","author":"Editor en Jefe","twitter_card":"summary_large_image","twitter_misc":{"Escrito por":"Editor en Jefe","Tiempo de lectura":"3 minutos"},"schema":{"@context":"https:\/\/schema.org","@graph":[{"@type":"WebPage","@id":"https:\/\/laredsocial-noticias.com\/wp\/manda-monreal-mensaje-de-navidad\/","url":"https:\/\/laredsocial-noticias.com\/wp\/manda-monreal-mensaje-de-navidad\/","name":"Manda Monreal mensaje de navidad - NOTICIAS","isPartOf":{"@id":"https:\/\/laredsocial-noticias.com\/wp\/#website"},"primaryImageOfPage":{"@id":"https:\/\/laredsocial-noticias.com\/wp\/manda-monreal-mensaje-de-navidad\/#primaryimage"},"image":{"@id":"https:\/\/laredsocial-noticias.com\/wp\/manda-monreal-mensaje-de-navidad\/#primaryimage"},"thumbnailUrl":"https:\/\/laredsocial-noticias.com\/wp\/wp-content\/uploads\/2022\/12\/B41B1614-9BCB-42C4-AB61-AF0F42CF2653-150x150.jpeg","datePublished":"2022-12-21T18:45:34+00:00","author":{"@id":"https:\/\/laredsocial-noticias.com\/wp\/#\/schema\/person\/0ce78643f2de7aae6f6ef10e8453a6e0"},"breadcrumb":{"@id":"https:\/\/laredsocial-noticias.com\/wp\/manda-monreal-mensaje-de-navidad\/#breadcrumb"},"inLanguage":"es","potentialAction":[{"@type":"ReadAction","target":["https:\/\/laredsocial-noticias.com\/wp\/manda-monreal-mensaje-de-navidad\/"]}]},{"@type":"ImageObject","inLanguage":"es","@id":"https:\/\/laredsocial-noticias.com\/wp\/manda-monreal-mensaje-de-navidad\/#primaryimage","url":"","contentUrl":""},{"@type":"BreadcrumbList","@id":"https:\/\/laredsocial-noticias.com\/wp\/manda-monreal-mensaje-de-navidad\/#breadcrumb","itemListElement":[{"@type":"ListItem","position":1,"name":"Portada","item":"https:\/\/laredsocial-noticias.com\/wp\/"},{"@type":"ListItem","position":2,"name":"Manda Monreal mensaje de navidad"}]},{"@type":"WebSite","@id":"https:\/\/laredsocial-noticias.com\/wp\/#website","url":"https:\/\/laredsocial-noticias.com\/wp\/","name":"NOTICIAS","description":"Lo que se ve y se dice en las redes sociales","potentialAction":[{"@type":"SearchAction","target":{"@type":"EntryPoint","urlTemplate":"https:\/\/laredsocial-noticias.com\/wp\/?s={search_term_string}"},"query-input":{"@type":"PropertyValueSpecification","valueRequired":true,"valueName":"search_term_string"}}],"inLanguage":"es"},{"@type":"Person","@id":"https:\/\/laredsocial-noticias.com\/wp\/#\/schema\/person\/0ce78643f2de7aae6f6ef10e8453a6e0","name":"Editor en Jefe","url":"https:\/\/laredsocial-noticias.com\/wp\/author\/jorgeochoa\/"}]}},"_links":{"self":[{"href":"https:\/\/laredsocial-noticias.com\/wp\/wp-json\/wp\/v2\/posts\/185117","targetHints":{"allow":["GET"]}}],"collection":[{"href":"https:\/\/laredsocial-noticias.com\/wp\/wp-json\/wp\/v2\/posts"}],"about":[{"href":"https:\/\/laredsocial-noticias.com\/wp\/wp-json\/wp\/v2\/types\/post"}],"author":[{"embeddable":true,"href":"https:\/\/laredsocial-noticias.com\/wp\/wp-json\/wp\/v2\/users\/1"}],"replies":[{"embeddable":true,"href":"https:\/\/laredsocial-noticias.com\/wp\/wp-json\/wp\/v2\/comments?post=185117"}],"version-history":[{"count":0,"href":"https:\/\/laredsocial-noticias.com\/wp\/wp-json\/wp\/v2\/posts\/185117\/revisions"}],"wp:attachment":[{"href":"https:\/\/laredsocial-noticias.com\/wp\/wp-json\/wp\/v2\/media?parent=185117"}],"wp:term":[{"taxonomy":"category","embeddable":true,"href":"https:\/\/laredsocial-noticias.com\/wp\/wp-json\/wp\/v2\/categories?post=185117"},{"taxonomy":"post_tag","embeddable":true,"href":"https:\/\/laredsocial-noticias.com\/wp\/wp-json\/wp\/v2\/tags?post=185117"}],"curies":[{"name":"wp","href":"https:\/\/api.w.org\/{rel}","templated":true}]}}