{"id":185152,"date":"2022-12-21T18:17:30","date_gmt":"2022-12-22T00:17:30","guid":{"rendered":"https:\/\/laredsocial-noticias.com\/wp\/?p=185152"},"modified":"2022-12-21T18:17:58","modified_gmt":"2022-12-22T00:17:58","slug":"dos-trabajadores-atrapados-tras-derrumbe-de-mina-en-taxco-guerrero","status":"publish","type":"post","link":"https:\/\/laredsocial-noticias.com\/wp\/dos-trabajadores-atrapados-tras-derrumbe-de-mina-en-taxco-guerrero\/","title":{"rendered":"Dos trabajadores atrapados tras derrumbe de mina en Taxco, Guerrero"},"content":{"rendered":"<p>Dos trabajadores quedaron atrapados tras el derrumbe de una mina de arena ubicada en el municipio de Taxco, Guerrero, donde se registra una intensa movilizaci\u00f3n de servicios de emergencia para su rescate.<\/p>\n<p>El siniestro se report\u00f3 a las 13:20 horas de este 21 de diciembre, en la localidad de Teacalco, cerca de la comunidad de Pilcaya.<\/p>\n<p>Personal de Protecci\u00f3n Civil (PC) de Guerrero y rescatistas de la Secretar\u00eda de Gesti\u00f3n Integral de Riesgos y Protecci\u00f3n Civil Estatal se movilizaron de inmediato a la zona del derrumbe para el rescate de dos trabajadores que quedaron atrapados.<\/p>\n<p>De acuerdo con reportes preliminares, una de las v\u00edctimas atrapadas es el conductor de un trascabo y el otro de un cami\u00f3n de volteo, quienes realizaban maniobras de extracci\u00f3n del material p\u00e9treo cuando se les vino encima el derrumbe.<\/p>\n<p>Al respecto, la gobernadora del estado,\u00a0Evelyn Salgado Pineda, inform\u00f3 que se mantiene al tanto de lo ocurrido e instruy\u00f3 a las autoridades correspondientes atender la emergencia.<\/p>\n","protected":false},"excerpt":{"rendered":"<p>Dos trabajadores quedaron atrapados tras el derrumbe de una mina de arena ubicada en el municipio de Taxco, Guerrero, donde&#8230;<\/p>\n","protected":false},"author":1,"featured_media":0,"comment_status":"open","ping_status":"closed","sticky":false,"template":"","format":"standard","meta":{"footnotes":""},"categories":[2379,6026],"tags":[4959,77],"class_list":["post-185152","post","type-post","status-publish","format-standard","hentry","category-estados-2","category-portada","tag-featured","tag-principal"],"yoast_head":"<!-- This site is optimized with the Yoast SEO plugin v26.5 - https:\/\/yoast.com\/wordpress\/plugins\/seo\/ -->\n<title>Dos trabajadores atrapados tras derrumbe de mina en Taxco, Guerrero - NOTICIAS<\/title>\n<meta name=\"robots\" content=\"index, follow, max-snippet:-1, max-image-preview:large, max-video-preview:-1\" \/>\n<link rel=\"canonical\" href=\"https:\/\/laredsocial-noticias.com\/wp\/dos-trabajadores-atrapados-tras-derrumbe-de-mina-en-taxco-guerrero\/\" \/>\n<meta property=\"og:locale\" content=\"es_ES\" \/>\n<meta property=\"og:type\" content=\"article\" \/>\n<meta property=\"og:title\" content=\"Dos trabajadores atrapados tras derrumbe de mina en Taxco, Guerrero - NOTICIAS\" \/>\n<meta property=\"og:description\" content=\"Dos trabajadores quedaron atrapados tras el derrumbe de una mina de arena ubicada en el municipio de Taxco, Guerrero, donde...\" \/>\n<meta property=\"og:url\" content=\"https:\/\/laredsocial-noticias.com\/wp\/dos-trabajadores-atrapados-tras-derrumbe-de-mina-en-taxco-guerrero\/\" \/>\n<meta property=\"og:site_name\" content=\"NOTICIAS\" \/>\n<meta property=\"article:published_time\" content=\"2022-12-22T00:17:30+00:00\" \/>\n<meta property=\"article:modified_time\" content=\"2022-12-22T00:17:58+00:00\" \/>\n<meta name=\"author\" content=\"Editor en Jefe\" \/>\n<meta name=\"twitter:card\" content=\"summary_large_image\" \/>\n<meta name=\"twitter:label1\" content=\"Escrito por\" \/>\n\t<meta name=\"twitter:data1\" content=\"Editor en Jefe\" \/>\n\t<meta name=\"twitter:label2\" content=\"Tiempo de lectura\" \/>\n\t<meta name=\"twitter:data2\" content=\"1 minuto\" \/>\n<!-- \/ Yoast SEO plugin. -->","yoast_head_json":{"title":"Dos trabajadores atrapados tras derrumbe de mina en Taxco, Guerrero - NOTICIAS","robots":{"index":"index","follow":"follow","max-snippet":"max-snippet:-1","max-image-preview":"max-image-preview:large","max-video-preview":"max-video-preview:-1"},"canonical":"https:\/\/laredsocial-noticias.com\/wp\/dos-trabajadores-atrapados-tras-derrumbe-de-mina-en-taxco-guerrero\/","og_locale":"es_ES","og_type":"article","og_title":"Dos trabajadores atrapados tras derrumbe de mina en Taxco, Guerrero - NOTICIAS","og_description":"Dos trabajadores quedaron atrapados tras el derrumbe de una mina de arena ubicada en el municipio de Taxco, Guerrero, donde...","og_url":"https:\/\/laredsocial-noticias.com\/wp\/dos-trabajadores-atrapados-tras-derrumbe-de-mina-en-taxco-guerrero\/","og_site_name":"NOTICIAS","article_published_time":"2022-12-22T00:17:30+00:00","article_modified_time":"2022-12-22T00:17:58+00:00","author":"Editor en Jefe","twitter_card":"summary_large_image","twitter_misc":{"Escrito por":"Editor en Jefe","Tiempo de lectura":"1 minuto"},"schema":{"@context":"https:\/\/schema.org","@graph":[{"@type":"WebPage","@id":"https:\/\/laredsocial-noticias.com\/wp\/dos-trabajadores-atrapados-tras-derrumbe-de-mina-en-taxco-guerrero\/","url":"https:\/\/laredsocial-noticias.com\/wp\/dos-trabajadores-atrapados-tras-derrumbe-de-mina-en-taxco-guerrero\/","name":"Dos trabajadores atrapados tras derrumbe de mina en Taxco, Guerrero - NOTICIAS","isPartOf":{"@id":"https:\/\/laredsocial-noticias.com\/wp\/#website"},"datePublished":"2022-12-22T00:17:30+00:00","dateModified":"2022-12-22T00:17:58+00:00","author":{"@id":"https:\/\/laredsocial-noticias.com\/wp\/#\/schema\/person\/0ce78643f2de7aae6f6ef10e8453a6e0"},"breadcrumb":{"@id":"https:\/\/laredsocial-noticias.com\/wp\/dos-trabajadores-atrapados-tras-derrumbe-de-mina-en-taxco-guerrero\/#breadcrumb"},"inLanguage":"es","potentialAction":[{"@type":"ReadAction","target":["https:\/\/laredsocial-noticias.com\/wp\/dos-trabajadores-atrapados-tras-derrumbe-de-mina-en-taxco-guerrero\/"]}]},{"@type":"BreadcrumbList","@id":"https:\/\/laredsocial-noticias.com\/wp\/dos-trabajadores-atrapados-tras-derrumbe-de-mina-en-taxco-guerrero\/#breadcrumb","itemListElement":[{"@type":"ListItem","position":1,"name":"Portada","item":"https:\/\/laredsocial-noticias.com\/wp\/"},{"@type":"ListItem","position":2,"name":"Dos trabajadores atrapados tras derrumbe de mina en Taxco, Guerrero"}]},{"@type":"WebSite","@id":"https:\/\/laredsocial-noticias.com\/wp\/#website","url":"https:\/\/laredsocial-noticias.com\/wp\/","name":"NOTICIAS","description":"Lo que se ve y se dice en las redes sociales","potentialAction":[{"@type":"SearchAction","target":{"@type":"EntryPoint","urlTemplate":"https:\/\/laredsocial-noticias.com\/wp\/?s={search_term_string}"},"query-input":{"@type":"PropertyValueSpecification","valueRequired":true,"valueName":"search_term_string"}}],"inLanguage":"es"},{"@type":"Person","@id":"https:\/\/laredsocial-noticias.com\/wp\/#\/schema\/person\/0ce78643f2de7aae6f6ef10e8453a6e0","name":"Editor en Jefe","url":"https:\/\/laredsocial-noticias.com\/wp\/author\/jorgeochoa\/"}]}},"_links":{"self":[{"href":"https:\/\/laredsocial-noticias.com\/wp\/wp-json\/wp\/v2\/posts\/185152","targetHints":{"allow":["GET"]}}],"collection":[{"href":"https:\/\/laredsocial-noticias.com\/wp\/wp-json\/wp\/v2\/posts"}],"about":[{"href":"https:\/\/laredsocial-noticias.com\/wp\/wp-json\/wp\/v2\/types\/post"}],"author":[{"embeddable":true,"href":"https:\/\/laredsocial-noticias.com\/wp\/wp-json\/wp\/v2\/users\/1"}],"replies":[{"embeddable":true,"href":"https:\/\/laredsocial-noticias.com\/wp\/wp-json\/wp\/v2\/comments?post=185152"}],"version-history":[{"count":0,"href":"https:\/\/laredsocial-noticias.com\/wp\/wp-json\/wp\/v2\/posts\/185152\/revisions"}],"wp:attachment":[{"href":"https:\/\/laredsocial-noticias.com\/wp\/wp-json\/wp\/v2\/media?parent=185152"}],"wp:term":[{"taxonomy":"category","embeddable":true,"href":"https:\/\/laredsocial-noticias.com\/wp\/wp-json\/wp\/v2\/categories?post=185152"},{"taxonomy":"post_tag","embeddable":true,"href":"https:\/\/laredsocial-noticias.com\/wp\/wp-json\/wp\/v2\/tags?post=185152"}],"curies":[{"name":"wp","href":"https:\/\/api.w.org\/{rel}","templated":true}]}}