{"id":185176,"date":"2022-12-22T12:00:58","date_gmt":"2022-12-22T18:00:58","guid":{"rendered":"https:\/\/laredsocial-noticias.com\/wp\/?p=185176"},"modified":"2022-12-22T09:06:36","modified_gmt":"2022-12-22T15:06:36","slug":"retrasos-en-metro-centro-medico-de-l3-por-fuego-en-llanta-de-vagon","status":"publish","type":"post","link":"https:\/\/laredsocial-noticias.com\/wp\/retrasos-en-metro-centro-medico-de-l3-por-fuego-en-llanta-de-vagon\/","title":{"rendered":"Retrasos en Metro Centro M\u00e9dico de L3 por fuego en llanta de vag\u00f3n"},"content":{"rendered":"<p>Este jueves la estaci\u00f3n\u00a0Centro M\u00e9dico\u00a0de la L\u00ednea 3 del Sistema de Transporte Colectivo (STC)\u00a0Metro\u00a0registr\u00f3\u00a0m\u00e1s de 30 minutos\u00a0de retrasos luego de que una de las llantas de uno de los vagones\u00a0se incendi\u00f3, llenando de humo toda la estaci\u00f3n.<\/p>\n<p>Lo anterior fue reportado por usuarios desde muy temprano, alrededor de las\u00a06:10 de la ma\u00f1ana, quienes adem\u00e1s compartieron fotograf\u00edas en redes sociales, en donde se aprecia a uno de los trabajadores de la red de transporte\u00a0usando un extintor para apagar el fuego en las v\u00edas.<\/p>\n<p>El incidente provoc\u00f3 caos y retrasos de m\u00e1s de 30 minutos en la estaci\u00f3n Centro M\u00e9dico de la L\u00ednea 3 que va de Universidad a Indios Verdes, adem\u00e1s de que algunas personas prefirieron\u00a0abandonar las instalaciones\u00a0debido al intenso humo que se origin\u00f3 y buscar otras formas de llegar a sus destinos.<\/p>\n<p>A pesar de que el evento qued\u00f3 registrado, autoridades del Metro no se manifestaron al respecto e incluso compartieron que el avance de trenes entre uno y otro es de tan solo 6 minutos.<\/p>\n<p>Al punto de las 8:30 de la ma\u00f1ana, el STC Metro inform\u00f3 que el tiempo de espera en la L\u00ednea 3 es de 4 minutos.<\/p>\n","protected":false},"excerpt":{"rendered":"<p>Este jueves la estaci\u00f3n\u00a0Centro M\u00e9dico\u00a0de la L\u00ednea 3 del Sistema de Transporte Colectivo (STC)\u00a0Metro\u00a0registr\u00f3\u00a0m\u00e1s de 30 minutos\u00a0de retrasos luego de&#8230;<\/p>\n","protected":false},"author":1,"featured_media":0,"comment_status":"open","ping_status":"closed","sticky":false,"template":"","format":"standard","meta":{"footnotes":""},"categories":[91,6026],"tags":[261,1469,4959,77],"class_list":["post-185176","post","type-post","status-publish","format-standard","hentry","category-cdmx","category-portada","tag-cdmx","tag-ciudad-de-mexico","tag-featured","tag-principal"],"yoast_head":"<!-- This site is optimized with the Yoast SEO plugin v26.5 - https:\/\/yoast.com\/wordpress\/plugins\/seo\/ -->\n<title>Retrasos en Metro Centro M\u00e9dico de L3 por fuego en llanta de vag\u00f3n - NOTICIAS<\/title>\n<meta name=\"robots\" content=\"index, follow, max-snippet:-1, max-image-preview:large, max-video-preview:-1\" \/>\n<link rel=\"canonical\" href=\"https:\/\/laredsocial-noticias.com\/wp\/retrasos-en-metro-centro-medico-de-l3-por-fuego-en-llanta-de-vagon\/\" \/>\n<meta property=\"og:locale\" content=\"es_ES\" \/>\n<meta property=\"og:type\" content=\"article\" \/>\n<meta property=\"og:title\" content=\"Retrasos en Metro Centro M\u00e9dico de L3 por fuego en llanta de vag\u00f3n - NOTICIAS\" \/>\n<meta property=\"og:description\" content=\"Este jueves la estaci\u00f3n\u00a0Centro M\u00e9dico\u00a0de la L\u00ednea 3 del Sistema de Transporte Colectivo (STC)\u00a0Metro\u00a0registr\u00f3\u00a0m\u00e1s de 30 minutos\u00a0de retrasos luego de...\" \/>\n<meta property=\"og:url\" content=\"https:\/\/laredsocial-noticias.com\/wp\/retrasos-en-metro-centro-medico-de-l3-por-fuego-en-llanta-de-vagon\/\" \/>\n<meta property=\"og:site_name\" content=\"NOTICIAS\" \/>\n<meta property=\"article:published_time\" content=\"2022-12-22T18:00:58+00:00\" \/>\n<meta name=\"author\" content=\"Editor en Jefe\" \/>\n<meta name=\"twitter:card\" content=\"summary_large_image\" \/>\n<meta name=\"twitter:label1\" content=\"Escrito por\" \/>\n\t<meta name=\"twitter:data1\" content=\"Editor en Jefe\" \/>\n\t<meta name=\"twitter:label2\" content=\"Tiempo de lectura\" \/>\n\t<meta name=\"twitter:data2\" content=\"1 minuto\" \/>\n<!-- \/ Yoast SEO plugin. -->","yoast_head_json":{"title":"Retrasos en Metro Centro M\u00e9dico de L3 por fuego en llanta de vag\u00f3n - NOTICIAS","robots":{"index":"index","follow":"follow","max-snippet":"max-snippet:-1","max-image-preview":"max-image-preview:large","max-video-preview":"max-video-preview:-1"},"canonical":"https:\/\/laredsocial-noticias.com\/wp\/retrasos-en-metro-centro-medico-de-l3-por-fuego-en-llanta-de-vagon\/","og_locale":"es_ES","og_type":"article","og_title":"Retrasos en Metro Centro M\u00e9dico de L3 por fuego en llanta de vag\u00f3n - NOTICIAS","og_description":"Este jueves la estaci\u00f3n\u00a0Centro M\u00e9dico\u00a0de la L\u00ednea 3 del Sistema de Transporte Colectivo (STC)\u00a0Metro\u00a0registr\u00f3\u00a0m\u00e1s de 30 minutos\u00a0de retrasos luego de...","og_url":"https:\/\/laredsocial-noticias.com\/wp\/retrasos-en-metro-centro-medico-de-l3-por-fuego-en-llanta-de-vagon\/","og_site_name":"NOTICIAS","article_published_time":"2022-12-22T18:00:58+00:00","author":"Editor en Jefe","twitter_card":"summary_large_image","twitter_misc":{"Escrito por":"Editor en Jefe","Tiempo de lectura":"1 minuto"},"schema":{"@context":"https:\/\/schema.org","@graph":[{"@type":"WebPage","@id":"https:\/\/laredsocial-noticias.com\/wp\/retrasos-en-metro-centro-medico-de-l3-por-fuego-en-llanta-de-vagon\/","url":"https:\/\/laredsocial-noticias.com\/wp\/retrasos-en-metro-centro-medico-de-l3-por-fuego-en-llanta-de-vagon\/","name":"Retrasos en Metro Centro M\u00e9dico de L3 por fuego en llanta de vag\u00f3n - NOTICIAS","isPartOf":{"@id":"https:\/\/laredsocial-noticias.com\/wp\/#website"},"datePublished":"2022-12-22T18:00:58+00:00","author":{"@id":"https:\/\/laredsocial-noticias.com\/wp\/#\/schema\/person\/0ce78643f2de7aae6f6ef10e8453a6e0"},"breadcrumb":{"@id":"https:\/\/laredsocial-noticias.com\/wp\/retrasos-en-metro-centro-medico-de-l3-por-fuego-en-llanta-de-vagon\/#breadcrumb"},"inLanguage":"es","potentialAction":[{"@type":"ReadAction","target":["https:\/\/laredsocial-noticias.com\/wp\/retrasos-en-metro-centro-medico-de-l3-por-fuego-en-llanta-de-vagon\/"]}]},{"@type":"BreadcrumbList","@id":"https:\/\/laredsocial-noticias.com\/wp\/retrasos-en-metro-centro-medico-de-l3-por-fuego-en-llanta-de-vagon\/#breadcrumb","itemListElement":[{"@type":"ListItem","position":1,"name":"Portada","item":"https:\/\/laredsocial-noticias.com\/wp\/"},{"@type":"ListItem","position":2,"name":"Retrasos en Metro Centro M\u00e9dico de L3 por fuego en llanta de vag\u00f3n"}]},{"@type":"WebSite","@id":"https:\/\/laredsocial-noticias.com\/wp\/#website","url":"https:\/\/laredsocial-noticias.com\/wp\/","name":"NOTICIAS","description":"Lo que se ve y se dice en las redes sociales","potentialAction":[{"@type":"SearchAction","target":{"@type":"EntryPoint","urlTemplate":"https:\/\/laredsocial-noticias.com\/wp\/?s={search_term_string}"},"query-input":{"@type":"PropertyValueSpecification","valueRequired":true,"valueName":"search_term_string"}}],"inLanguage":"es"},{"@type":"Person","@id":"https:\/\/laredsocial-noticias.com\/wp\/#\/schema\/person\/0ce78643f2de7aae6f6ef10e8453a6e0","name":"Editor en Jefe","url":"https:\/\/laredsocial-noticias.com\/wp\/author\/jorgeochoa\/"}]}},"_links":{"self":[{"href":"https:\/\/laredsocial-noticias.com\/wp\/wp-json\/wp\/v2\/posts\/185176","targetHints":{"allow":["GET"]}}],"collection":[{"href":"https:\/\/laredsocial-noticias.com\/wp\/wp-json\/wp\/v2\/posts"}],"about":[{"href":"https:\/\/laredsocial-noticias.com\/wp\/wp-json\/wp\/v2\/types\/post"}],"author":[{"embeddable":true,"href":"https:\/\/laredsocial-noticias.com\/wp\/wp-json\/wp\/v2\/users\/1"}],"replies":[{"embeddable":true,"href":"https:\/\/laredsocial-noticias.com\/wp\/wp-json\/wp\/v2\/comments?post=185176"}],"version-history":[{"count":0,"href":"https:\/\/laredsocial-noticias.com\/wp\/wp-json\/wp\/v2\/posts\/185176\/revisions"}],"wp:attachment":[{"href":"https:\/\/laredsocial-noticias.com\/wp\/wp-json\/wp\/v2\/media?parent=185176"}],"wp:term":[{"taxonomy":"category","embeddable":true,"href":"https:\/\/laredsocial-noticias.com\/wp\/wp-json\/wp\/v2\/categories?post=185176"},{"taxonomy":"post_tag","embeddable":true,"href":"https:\/\/laredsocial-noticias.com\/wp\/wp-json\/wp\/v2\/tags?post=185176"}],"curies":[{"name":"wp","href":"https:\/\/api.w.org\/{rel}","templated":true}]}}