{"id":185281,"date":"2022-12-23T13:00:28","date_gmt":"2022-12-23T19:00:28","guid":{"rendered":"https:\/\/laredsocial-noticias.com\/wp\/?p=185281"},"modified":"2022-12-23T09:09:36","modified_gmt":"2022-12-23T15:09:36","slug":"los-hombres-podran-participar-en-la-natacion-artistica-en-los-jo-de-paris-2024","status":"publish","type":"post","link":"https:\/\/laredsocial-noticias.com\/wp\/los-hombres-podran-participar-en-la-natacion-artistica-en-los-jo-de-paris-2024\/","title":{"rendered":"Los hombres podr\u00e1n participar en la nataci\u00f3n art\u00edstica en los JO de Par\u00eds 2024"},"content":{"rendered":"<p>Los competidores masculinos estar\u00e1n autorizados en las pruebas de nataci\u00f3n art\u00edstica de los Juegos Ol\u00edmpicos de Par\u00eds-2024, anunci\u00f3 el jueves la Federaci\u00f3n Internacional de Nataci\u00f3n, despu\u00e9s de la aprobaci\u00f3n del Comit\u00e9 Ol\u00edmpico Internacional (COI).<\/p>\n<p>\u201cLos hombres podr\u00e1n a partir de ahora participar en la prueba por equipos\u201d, explic\u00f3 World Aquatics en un comunicado. Cada equipo de ocho miembros podr\u00e1 contar \u201ccon un m\u00e1ximo de dos hombres\u201d, detall\u00f3 la instancia. Diez equipos estar\u00e1n en liza en los Juegos de Par\u00eds.<\/p>\n<p>La nataci\u00f3n art\u00edstica, conocida hasta 2017 como nataci\u00f3n sincronizada, est\u00e1 presente en los Juegos Ol\u00edmpicos desde la edici\u00f3n de Los Angeles-1984, pero la de Par\u00eds-2024 ser\u00e1 la primera en la que los hombres podr\u00e1n formar parte de un equipo en este evento.<\/p>\n<p>Los hombres ya est\u00e1n autorizados a participar en nataci\u00f3n art\u00edstica en el Mundial desde 2015.<\/p>\n<blockquote class=\"wp-block-quote\"><p>\u201cEs un d\u00eda de celebraci\u00f3n para los que han hecho campa\u00f1a por la inclusi\u00f3n de los hombres en este deporte en los Juegos Ol\u00edmpicos y para los que han sido los pioneros de la participaci\u00f3n de los hombres\u201d, festej\u00f3 World Aquatics.<\/p><\/blockquote>\n<p>\u201cLa inclusi\u00f3n de los hombres en la nataci\u00f3n art\u00edstica ol\u00edmpica era considerada como un sue\u00f1o imposible (\u2026) Ahora, gracias a la perseverancia (de los nadadores) y al apoyo de tantas personas, todos los deportistas pueden estar lado a lado de manera igual, y aspirar a la gloria ol\u00edmpica\u201d, celebr\u00f3 Bill May, primer campe\u00f3n del mundo masculino en la prueba de d\u00fao mixto en 2015 y actualmente entrenador.<\/p>\n","protected":false},"excerpt":{"rendered":"<p>Los competidores masculinos estar\u00e1n autorizados en las pruebas de nataci\u00f3n art\u00edstica de los Juegos Ol\u00edmpicos de Par\u00eds-2024, anunci\u00f3 el jueves&#8230;<\/p>\n","protected":false},"author":1,"featured_media":0,"comment_status":"open","ping_status":"closed","sticky":false,"template":"","format":"standard","meta":{"footnotes":""},"categories":[337,6026],"tags":[4959,77],"class_list":["post-185281","post","type-post","status-publish","format-standard","hentry","category-deportes","category-portada","tag-featured","tag-principal"],"yoast_head":"<!-- This site is optimized with the Yoast SEO plugin v26.5 - https:\/\/yoast.com\/wordpress\/plugins\/seo\/ -->\n<title>Los hombres podr\u00e1n participar en la nataci\u00f3n art\u00edstica en los JO de Par\u00eds 2024 - NOTICIAS<\/title>\n<meta name=\"robots\" content=\"index, follow, max-snippet:-1, max-image-preview:large, max-video-preview:-1\" \/>\n<link rel=\"canonical\" href=\"https:\/\/laredsocial-noticias.com\/wp\/los-hombres-podran-participar-en-la-natacion-artistica-en-los-jo-de-paris-2024\/\" \/>\n<meta property=\"og:locale\" content=\"es_ES\" \/>\n<meta property=\"og:type\" content=\"article\" \/>\n<meta property=\"og:title\" content=\"Los hombres podr\u00e1n participar en la nataci\u00f3n art\u00edstica en los JO de Par\u00eds 2024 - NOTICIAS\" \/>\n<meta property=\"og:description\" content=\"Los competidores masculinos estar\u00e1n autorizados en las pruebas de nataci\u00f3n art\u00edstica de los Juegos Ol\u00edmpicos de Par\u00eds-2024, anunci\u00f3 el jueves...\" \/>\n<meta property=\"og:url\" content=\"https:\/\/laredsocial-noticias.com\/wp\/los-hombres-podran-participar-en-la-natacion-artistica-en-los-jo-de-paris-2024\/\" \/>\n<meta property=\"og:site_name\" content=\"NOTICIAS\" \/>\n<meta property=\"article:published_time\" content=\"2022-12-23T19:00:28+00:00\" \/>\n<meta property=\"og:image\" content=\"https:\/\/laredsocial-noticias.com\/wp\/wp-content\/uploads\/2022\/12\/hombres-natacion-artistica.jpg\" \/>\n\t<meta property=\"og:image:width\" content=\"1280\" \/>\n\t<meta property=\"og:image:height\" content=\"720\" \/>\n\t<meta property=\"og:image:type\" content=\"image\/jpeg\" \/>\n<meta name=\"author\" content=\"Editor en Jefe\" \/>\n<meta name=\"twitter:card\" content=\"summary_large_image\" \/>\n<meta name=\"twitter:label1\" content=\"Escrito por\" \/>\n\t<meta name=\"twitter:data1\" content=\"Editor en Jefe\" \/>\n\t<meta name=\"twitter:label2\" content=\"Tiempo de lectura\" \/>\n\t<meta name=\"twitter:data2\" content=\"1 minuto\" \/>\n<!-- \/ Yoast SEO plugin. -->","yoast_head_json":{"title":"Los hombres podr\u00e1n participar en la nataci\u00f3n art\u00edstica en los JO de Par\u00eds 2024 - NOTICIAS","robots":{"index":"index","follow":"follow","max-snippet":"max-snippet:-1","max-image-preview":"max-image-preview:large","max-video-preview":"max-video-preview:-1"},"canonical":"https:\/\/laredsocial-noticias.com\/wp\/los-hombres-podran-participar-en-la-natacion-artistica-en-los-jo-de-paris-2024\/","og_locale":"es_ES","og_type":"article","og_title":"Los hombres podr\u00e1n participar en la nataci\u00f3n art\u00edstica en los JO de Par\u00eds 2024 - NOTICIAS","og_description":"Los competidores masculinos estar\u00e1n autorizados en las pruebas de nataci\u00f3n art\u00edstica de los Juegos Ol\u00edmpicos de Par\u00eds-2024, anunci\u00f3 el jueves...","og_url":"https:\/\/laredsocial-noticias.com\/wp\/los-hombres-podran-participar-en-la-natacion-artistica-en-los-jo-de-paris-2024\/","og_site_name":"NOTICIAS","article_published_time":"2022-12-23T19:00:28+00:00","og_image":[{"width":1280,"height":720,"url":"https:\/\/laredsocial-noticias.com\/wp\/wp-content\/uploads\/2022\/12\/hombres-natacion-artistica.jpg","type":"image\/jpeg"}],"author":"Editor en Jefe","twitter_card":"summary_large_image","twitter_misc":{"Escrito por":"Editor en Jefe","Tiempo de lectura":"1 minuto"},"schema":{"@context":"https:\/\/schema.org","@graph":[{"@type":"WebPage","@id":"https:\/\/laredsocial-noticias.com\/wp\/los-hombres-podran-participar-en-la-natacion-artistica-en-los-jo-de-paris-2024\/","url":"https:\/\/laredsocial-noticias.com\/wp\/los-hombres-podran-participar-en-la-natacion-artistica-en-los-jo-de-paris-2024\/","name":"Los hombres podr\u00e1n participar en la nataci\u00f3n art\u00edstica en los JO de Par\u00eds 2024 - NOTICIAS","isPartOf":{"@id":"https:\/\/laredsocial-noticias.com\/wp\/#website"},"datePublished":"2022-12-23T19:00:28+00:00","author":{"@id":"https:\/\/laredsocial-noticias.com\/wp\/#\/schema\/person\/0ce78643f2de7aae6f6ef10e8453a6e0"},"breadcrumb":{"@id":"https:\/\/laredsocial-noticias.com\/wp\/los-hombres-podran-participar-en-la-natacion-artistica-en-los-jo-de-paris-2024\/#breadcrumb"},"inLanguage":"es","potentialAction":[{"@type":"ReadAction","target":["https:\/\/laredsocial-noticias.com\/wp\/los-hombres-podran-participar-en-la-natacion-artistica-en-los-jo-de-paris-2024\/"]}]},{"@type":"BreadcrumbList","@id":"https:\/\/laredsocial-noticias.com\/wp\/los-hombres-podran-participar-en-la-natacion-artistica-en-los-jo-de-paris-2024\/#breadcrumb","itemListElement":[{"@type":"ListItem","position":1,"name":"Portada","item":"https:\/\/laredsocial-noticias.com\/wp\/"},{"@type":"ListItem","position":2,"name":"Los hombres podr\u00e1n participar en la nataci\u00f3n art\u00edstica en los JO de Par\u00eds 2024"}]},{"@type":"WebSite","@id":"https:\/\/laredsocial-noticias.com\/wp\/#website","url":"https:\/\/laredsocial-noticias.com\/wp\/","name":"NOTICIAS","description":"Lo que se ve y se dice en las redes sociales","potentialAction":[{"@type":"SearchAction","target":{"@type":"EntryPoint","urlTemplate":"https:\/\/laredsocial-noticias.com\/wp\/?s={search_term_string}"},"query-input":{"@type":"PropertyValueSpecification","valueRequired":true,"valueName":"search_term_string"}}],"inLanguage":"es"},{"@type":"Person","@id":"https:\/\/laredsocial-noticias.com\/wp\/#\/schema\/person\/0ce78643f2de7aae6f6ef10e8453a6e0","name":"Editor en Jefe","url":"https:\/\/laredsocial-noticias.com\/wp\/author\/jorgeochoa\/"}]}},"_links":{"self":[{"href":"https:\/\/laredsocial-noticias.com\/wp\/wp-json\/wp\/v2\/posts\/185281","targetHints":{"allow":["GET"]}}],"collection":[{"href":"https:\/\/laredsocial-noticias.com\/wp\/wp-json\/wp\/v2\/posts"}],"about":[{"href":"https:\/\/laredsocial-noticias.com\/wp\/wp-json\/wp\/v2\/types\/post"}],"author":[{"embeddable":true,"href":"https:\/\/laredsocial-noticias.com\/wp\/wp-json\/wp\/v2\/users\/1"}],"replies":[{"embeddable":true,"href":"https:\/\/laredsocial-noticias.com\/wp\/wp-json\/wp\/v2\/comments?post=185281"}],"version-history":[{"count":1,"href":"https:\/\/laredsocial-noticias.com\/wp\/wp-json\/wp\/v2\/posts\/185281\/revisions"}],"predecessor-version":[{"id":185282,"href":"https:\/\/laredsocial-noticias.com\/wp\/wp-json\/wp\/v2\/posts\/185281\/revisions\/185282"}],"wp:attachment":[{"href":"https:\/\/laredsocial-noticias.com\/wp\/wp-json\/wp\/v2\/media?parent=185281"}],"wp:term":[{"taxonomy":"category","embeddable":true,"href":"https:\/\/laredsocial-noticias.com\/wp\/wp-json\/wp\/v2\/categories?post=185281"},{"taxonomy":"post_tag","embeddable":true,"href":"https:\/\/laredsocial-noticias.com\/wp\/wp-json\/wp\/v2\/tags?post=185281"}],"curies":[{"name":"wp","href":"https:\/\/api.w.org\/{rel}","templated":true}]}}