{"id":185533,"date":"2022-12-26T14:00:55","date_gmt":"2022-12-26T20:00:55","guid":{"rendered":"https:\/\/laredsocial-noticias.com\/wp\/?p=185533"},"modified":"2022-12-26T15:41:36","modified_gmt":"2022-12-26T21:41:36","slug":"si-hay-denuncia-se-le-dara-seguimiento-amlo-sobre-caso-de-multihomicidio-en-narvarte","status":"publish","type":"post","link":"https:\/\/laredsocial-noticias.com\/wp\/si-hay-denuncia-se-le-dara-seguimiento-amlo-sobre-caso-de-multihomicidio-en-narvarte\/","title":{"rendered":"Si hay denuncia se le dar\u00e1 seguimiento: AMLO sobre caso de multihomicidio en Narvarte"},"content":{"rendered":"<p>El presidente Andr\u00e9s Manuel L\u00f3pez Obrador inform\u00f3 este lunes que \u201csi existe una denuncia\u201d sobre el\u00a0caso Narvarte\u00a0donde fue asesinado el periodista\u00a0Rub\u00e9n Espinosa\u00a0junto a cuatro mujeres m\u00e1s, la Fiscal\u00eda General de Justicia (FGJ) CDMX\u00a0le dar\u00e1 seguimiento\u00a0a la investigaci\u00f3n para esclarecer los hechos.<\/p>\n<p>Durante su conferencia de prensa matutina, el mandatario fue cuestionado sobre el documental de Netflix \u201cA plena luz: El caso Narvarte\u201d que pone sobre la mesa los hechos ocurridos en\u00a0julio de 2015, donde cuatro personas fueron torturadas y asesinadas, entre ellas, un periodista que fue un perseguido pol\u00edtico presuntamente por el gobierno de\u00a0Javier Duarte\u00a0en Veracruz.<\/p>\n<p>Al comentar que no ha visto el documental, L\u00f3pez Obrador asegur\u00f3 que si hay una denuncia sobre el caso Narvarte, la\u00a0FGJ CDMX\u00a0se encargar\u00e1 de darle seguimiento al caso y refrend\u00f3 su confianza a la fiscal general capitalina\u00a0Ernestina Godoy.<\/p>\n<p>En el multihomicidio de la Narvarte ocurrido en julio del 2015 fueron asesinados el fotoperiodista\u00a0Rub\u00e9n Espinosa, la activista\u00a0Nadia Vera, la ciudadana colombiana,\u00a0Mile Mart\u00edn\u00a0y la joven maquillista\u00a0Yesenia.<\/p>\n<p>El caso causo revuelo luego de que saliera a la luz de que hubo\u00a0graves omisiones\u00a0en la investigaci\u00f3n y\u00a0manipulaci\u00f3n de la evidencia.<\/p>\n<p>Por este multihomicidio se encuentran presos\u00a0Abraham Torres Tranquilino\u00a0(expolic\u00eda sentenciado a 315 a\u00f1os de prisi\u00f3n),\u00a0C\u00e9sar Omar Mart\u00ednez Zendejas\u00a0y\u00a0Daniel Pacheco Guti\u00e9rrez.<\/p>\n","protected":false},"excerpt":{"rendered":"<p>El presidente Andr\u00e9s Manuel L\u00f3pez Obrador inform\u00f3 este lunes que \u201csi existe una denuncia\u201d sobre el\u00a0caso Narvarte\u00a0donde fue asesinado el&#8230;<\/p>\n","protected":false},"author":1,"featured_media":0,"comment_status":"open","ping_status":"closed","sticky":false,"template":"","format":"standard","meta":{"footnotes":""},"categories":[78,6026],"tags":[4959,77],"class_list":["post-185533","post","type-post","status-publish","format-standard","hentry","category-nacional","category-portada","tag-featured","tag-principal"],"yoast_head":"<!-- This site is optimized with the Yoast SEO plugin v26.5 - https:\/\/yoast.com\/wordpress\/plugins\/seo\/ -->\n<title>Si hay denuncia se le dar\u00e1 seguimiento: AMLO sobre caso de multihomicidio en Narvarte - NOTICIAS<\/title>\n<meta name=\"robots\" content=\"index, follow, max-snippet:-1, max-image-preview:large, max-video-preview:-1\" \/>\n<link rel=\"canonical\" href=\"https:\/\/laredsocial-noticias.com\/wp\/si-hay-denuncia-se-le-dara-seguimiento-amlo-sobre-caso-de-multihomicidio-en-narvarte\/\" \/>\n<meta property=\"og:locale\" content=\"es_ES\" \/>\n<meta property=\"og:type\" content=\"article\" \/>\n<meta property=\"og:title\" content=\"Si hay denuncia se le dar\u00e1 seguimiento: AMLO sobre caso de multihomicidio en Narvarte - NOTICIAS\" \/>\n<meta property=\"og:description\" content=\"El presidente Andr\u00e9s Manuel L\u00f3pez Obrador inform\u00f3 este lunes que \u201csi existe una denuncia\u201d sobre el\u00a0caso Narvarte\u00a0donde fue asesinado el...\" \/>\n<meta property=\"og:url\" content=\"https:\/\/laredsocial-noticias.com\/wp\/si-hay-denuncia-se-le-dara-seguimiento-amlo-sobre-caso-de-multihomicidio-en-narvarte\/\" \/>\n<meta property=\"og:site_name\" content=\"NOTICIAS\" \/>\n<meta property=\"article:published_time\" content=\"2022-12-26T20:00:55+00:00\" \/>\n<meta property=\"article:modified_time\" content=\"2022-12-26T21:41:36+00:00\" \/>\n<meta name=\"author\" content=\"Editor en Jefe\" \/>\n<meta name=\"twitter:card\" content=\"summary_large_image\" \/>\n<meta name=\"twitter:label1\" content=\"Escrito por\" \/>\n\t<meta name=\"twitter:data1\" content=\"Editor en Jefe\" \/>\n\t<meta name=\"twitter:label2\" content=\"Tiempo de lectura\" \/>\n\t<meta name=\"twitter:data2\" content=\"1 minuto\" \/>\n<!-- \/ Yoast SEO plugin. -->","yoast_head_json":{"title":"Si hay denuncia se le dar\u00e1 seguimiento: AMLO sobre caso de multihomicidio en Narvarte - NOTICIAS","robots":{"index":"index","follow":"follow","max-snippet":"max-snippet:-1","max-image-preview":"max-image-preview:large","max-video-preview":"max-video-preview:-1"},"canonical":"https:\/\/laredsocial-noticias.com\/wp\/si-hay-denuncia-se-le-dara-seguimiento-amlo-sobre-caso-de-multihomicidio-en-narvarte\/","og_locale":"es_ES","og_type":"article","og_title":"Si hay denuncia se le dar\u00e1 seguimiento: AMLO sobre caso de multihomicidio en Narvarte - NOTICIAS","og_description":"El presidente Andr\u00e9s Manuel L\u00f3pez Obrador inform\u00f3 este lunes que \u201csi existe una denuncia\u201d sobre el\u00a0caso Narvarte\u00a0donde fue asesinado el...","og_url":"https:\/\/laredsocial-noticias.com\/wp\/si-hay-denuncia-se-le-dara-seguimiento-amlo-sobre-caso-de-multihomicidio-en-narvarte\/","og_site_name":"NOTICIAS","article_published_time":"2022-12-26T20:00:55+00:00","article_modified_time":"2022-12-26T21:41:36+00:00","author":"Editor en Jefe","twitter_card":"summary_large_image","twitter_misc":{"Escrito por":"Editor en Jefe","Tiempo de lectura":"1 minuto"},"schema":{"@context":"https:\/\/schema.org","@graph":[{"@type":"WebPage","@id":"https:\/\/laredsocial-noticias.com\/wp\/si-hay-denuncia-se-le-dara-seguimiento-amlo-sobre-caso-de-multihomicidio-en-narvarte\/","url":"https:\/\/laredsocial-noticias.com\/wp\/si-hay-denuncia-se-le-dara-seguimiento-amlo-sobre-caso-de-multihomicidio-en-narvarte\/","name":"Si hay denuncia se le dar\u00e1 seguimiento: AMLO sobre caso de multihomicidio en Narvarte - NOTICIAS","isPartOf":{"@id":"https:\/\/laredsocial-noticias.com\/wp\/#website"},"datePublished":"2022-12-26T20:00:55+00:00","dateModified":"2022-12-26T21:41:36+00:00","author":{"@id":"https:\/\/laredsocial-noticias.com\/wp\/#\/schema\/person\/0ce78643f2de7aae6f6ef10e8453a6e0"},"breadcrumb":{"@id":"https:\/\/laredsocial-noticias.com\/wp\/si-hay-denuncia-se-le-dara-seguimiento-amlo-sobre-caso-de-multihomicidio-en-narvarte\/#breadcrumb"},"inLanguage":"es","potentialAction":[{"@type":"ReadAction","target":["https:\/\/laredsocial-noticias.com\/wp\/si-hay-denuncia-se-le-dara-seguimiento-amlo-sobre-caso-de-multihomicidio-en-narvarte\/"]}]},{"@type":"BreadcrumbList","@id":"https:\/\/laredsocial-noticias.com\/wp\/si-hay-denuncia-se-le-dara-seguimiento-amlo-sobre-caso-de-multihomicidio-en-narvarte\/#breadcrumb","itemListElement":[{"@type":"ListItem","position":1,"name":"Portada","item":"https:\/\/laredsocial-noticias.com\/wp\/"},{"@type":"ListItem","position":2,"name":"Si hay denuncia se le dar\u00e1 seguimiento: AMLO sobre caso de multihomicidio en Narvarte"}]},{"@type":"WebSite","@id":"https:\/\/laredsocial-noticias.com\/wp\/#website","url":"https:\/\/laredsocial-noticias.com\/wp\/","name":"NOTICIAS","description":"Lo que se ve y se dice en las redes sociales","potentialAction":[{"@type":"SearchAction","target":{"@type":"EntryPoint","urlTemplate":"https:\/\/laredsocial-noticias.com\/wp\/?s={search_term_string}"},"query-input":{"@type":"PropertyValueSpecification","valueRequired":true,"valueName":"search_term_string"}}],"inLanguage":"es"},{"@type":"Person","@id":"https:\/\/laredsocial-noticias.com\/wp\/#\/schema\/person\/0ce78643f2de7aae6f6ef10e8453a6e0","name":"Editor en Jefe","url":"https:\/\/laredsocial-noticias.com\/wp\/author\/jorgeochoa\/"}]}},"_links":{"self":[{"href":"https:\/\/laredsocial-noticias.com\/wp\/wp-json\/wp\/v2\/posts\/185533","targetHints":{"allow":["GET"]}}],"collection":[{"href":"https:\/\/laredsocial-noticias.com\/wp\/wp-json\/wp\/v2\/posts"}],"about":[{"href":"https:\/\/laredsocial-noticias.com\/wp\/wp-json\/wp\/v2\/types\/post"}],"author":[{"embeddable":true,"href":"https:\/\/laredsocial-noticias.com\/wp\/wp-json\/wp\/v2\/users\/1"}],"replies":[{"embeddable":true,"href":"https:\/\/laredsocial-noticias.com\/wp\/wp-json\/wp\/v2\/comments?post=185533"}],"version-history":[{"count":1,"href":"https:\/\/laredsocial-noticias.com\/wp\/wp-json\/wp\/v2\/posts\/185533\/revisions"}],"predecessor-version":[{"id":185534,"href":"https:\/\/laredsocial-noticias.com\/wp\/wp-json\/wp\/v2\/posts\/185533\/revisions\/185534"}],"wp:attachment":[{"href":"https:\/\/laredsocial-noticias.com\/wp\/wp-json\/wp\/v2\/media?parent=185533"}],"wp:term":[{"taxonomy":"category","embeddable":true,"href":"https:\/\/laredsocial-noticias.com\/wp\/wp-json\/wp\/v2\/categories?post=185533"},{"taxonomy":"post_tag","embeddable":true,"href":"https:\/\/laredsocial-noticias.com\/wp\/wp-json\/wp\/v2\/tags?post=185533"}],"curies":[{"name":"wp","href":"https:\/\/api.w.org\/{rel}","templated":true}]}}