{"id":1859,"date":"2015-09-02T19:21:02","date_gmt":"2015-09-02T19:21:02","guid":{"rendered":"http:\/\/laredsocial-noticias.com\/wp\/?p=1859"},"modified":"2015-09-02T19:21:02","modified_gmt":"2015-09-02T19:21:02","slug":"aumenta-pobreza-laboral-en-mexico","status":"publish","type":"post","link":"https:\/\/laredsocial-noticias.com\/wp\/aumenta-pobreza-laboral-en-mexico\/","title":{"rendered":"AUMENTA POBREZA LABORAL EN M\u00c9XICO"},"content":{"rendered":"<p>SIC MEDIA.- Datos del Coneval indican que 41.7% de la poblaci\u00f3n mexicana no puede alimentar a todos los integrantes de su familia con los ingresos laborales generados en su hogar. \/\/ Foto: Cuartoscuro.<\/p>\n<p>El <strong>41.7% de la poblaci\u00f3n<\/strong><strong>mexicana no puede alimentar a todos los integrantes de su familia con los ingresos laborales generados en su hogar,<\/strong> de acuerdo\u00a0con\u00a0los datos m\u00e1s recientes de Coneval (Consejo Nacional para la Evaluaci\u00f3n de la Pol\u00edtica Social),\u00a0<strong>descritos en el <\/strong><a href=\"http:\/\/www.mexicocomovamos.mx\/semaforo-nacional\/\" target=\"_blank\"><strong><span style=\"color: #0066cc;\">#Sem\u00e1foroEcon\u00f3mico<\/span><\/strong><\/a> de <a href=\"http:\/\/www.mexicocomovamos.mx\/\" target=\"_blank\"><strong><span style=\"color: #0066cc;\">M\u00e9xico \u00bfc\u00f3mo vamos?<\/span><\/strong><\/a>.<\/p>\n<p>Al inicio del sexenio (primer trimestre 2013) el dato era de 40.4% de la poblaci\u00f3n, es decir 1.3 puntos porcentuales menos. De continuar esta tendencia, <strong>se espera que en 2018 la pobreza laboral alcance a 44.9% de la poblaci\u00f3n. <\/strong><\/p>\n<p>Sin embargo, <strong>el incremento en pobreza laboral no ha sido uniforme en todo M\u00e9xico.<\/strong><\/p>\n<p><strong>Los estados que m\u00e1s lograron disminuir su pobreza laboral en lo que va del sexenio fueron:<\/strong> Chihuahua, de 34.2% a 27.5%; Tabasco, de 42.2% a 37.1%, e Hidalgo, de 49% a 45%, lo que representa reducciones de 6.7, 5 y 4 puntos porcentuales en tres a\u00f1os. <strong>S\u00f3lo 14 entidades de 32 lograron reducciones en pobreza salarial<\/strong> en dicho periodo.<\/p>\n<p><strong>Las entidades que m\u00e1s aumentaron su pobreza laboral fueron:<\/strong> Veracruz, de 44.9% a 52%; el Distrito Federal, de 30.2% a 35.7%, y Michoac\u00e1n de 38% a 42.5%, esto equivale a aumentos de 7.1, 5.5, y 4.5 puntos porcentuales. Esto significa que, <strong>tan solo estas tres entidades federativas, han ingresado a la pobreza 1.34 millones de personas en lo que va del sexenio.<\/strong><\/p>\n<p>Al paso que se ha avanzado, a menos que se tomen medidas concretas para atacar la pobreza, no se lograr\u00e1 alcanzar la meta propuesta por el #Sem\u00e1foroEcon\u00f3mico de reducir a 20.5% el porcentaje de la poblaci\u00f3n en pobreza laboral.<\/p>\n<p>De acuerdo con el \u00faltimo estudio de M\u00e9xico \u00bfC\u00f3mo vamos? titulado \u201c<a href=\"http:\/\/www.mexicocomovamos.mx\/publicaciones\/propuestas-para-lograr-avanzar-reporte-sobre-la-economia-regional-mexicana\/\" target=\"_blank\"><span style=\"color: #0066cc;\">Propuestas para lograr avanzar: Reporte sobre la econom\u00eda regional mexicana<\/span><\/a>\u201d, <strong>existen al menos dos propuestas del observatorio que pudieran contribuir a que la pobreza no siga aumentando<\/strong> en los a\u00f1os siguientes.<\/p>\n<p>Primero, <strong>es necesario enfocar esfuerzos en desarrollar la zona sur del pa\u00eds,<\/strong> porque la pobreza est\u00e1 notoriamente situada en esa \u00e1rea. De hecho, mientras que <strong>en la zona sur 50.9% de las personas viven en pobreza laboral<\/strong>, en la zona norte s\u00f3lo 29.1% viven en pobreza. El indicador m\u00e1s relacionado con las reducciones en pobreza es la generaci\u00f3n de empleo formal. Por ello, el sur debe descubrir una vocaci\u00f3n productiva intensiva en mano de obra.<\/p>\n<p><strong>Una segunda propuesta es realizar una profunda reforma fiscal que permita implementar la Seguridad Social Universal<\/strong> (SSU). La SSU deber\u00e1 brindar acceso efectivo a salud, pensiones y seguros para todos, no solo para los trabajadores formales inscritos en el IMSS. De esta forma, se deslindar\u00e1 la seguridad social de la formalidad y se reducir\u00e1 el costo de ser una empresa formal. Un primer paso necesario es que se revelen los estudios que se han realizado sobre la factibilidad de fondear la SSU por medio de impuestos generales.<\/p>\n<p>La discusi\u00f3n es prioritaria pues, de acuerdo con c\u00e1lculos de M\u00e9xico \u00bfC\u00f3mo vamos?, hechos con datos del Coneval, <strong>si se pudiera implementar eficazmente la seguridad social universal<\/strong> de forma que todos los mexicanos sin excepci\u00f3n tuvieran acceso a ella, <strong>hasta 10.8 millones de mexicanos podr\u00edan dejar la pobreza.<\/strong><\/p>\n<p>Acad\u00e9micos y expertos de M\u00e9xico \u00bfC\u00f3mo vamos? estiman que es posible reducir la pobreza laboral si se toman acciones concretas para atacar el problema. Sin embargo, con el dato actual de pobreza laboral en 41.7% (21.2 puntos porcentuales por encima de la meta fijada por el #Sem\u00e1foroEcon\u00f3mico) el indicador del sem\u00e1foro continuar\u00e1 en rojo.<\/p>\n","protected":false},"excerpt":{"rendered":"<p>SIC MEDIA.- Datos del Coneval indican que 41.7% de la poblaci\u00f3n mexicana no puede alimentar a todos los integrantes de&#8230;<\/p>\n","protected":false},"author":1,"featured_media":0,"comment_status":"closed","ping_status":"closed","sticky":false,"template":"","format":"gallery","meta":{"footnotes":""},"categories":[1],"tags":[],"class_list":["post-1859","post","type-post","status-publish","format-gallery","hentry","category-uncategorized","post_format-post-format-gallery"],"yoast_head":"<!-- This site is optimized with the Yoast SEO plugin v26.5 - https:\/\/yoast.com\/wordpress\/plugins\/seo\/ -->\n<title>AUMENTA POBREZA LABORAL EN M\u00c9XICO - NOTICIAS<\/title>\n<meta name=\"robots\" content=\"index, follow, max-snippet:-1, max-image-preview:large, max-video-preview:-1\" \/>\n<link rel=\"canonical\" href=\"https:\/\/laredsocial-noticias.com\/wp\/aumenta-pobreza-laboral-en-mexico\/\" \/>\n<meta property=\"og:locale\" content=\"es_ES\" \/>\n<meta property=\"og:type\" content=\"article\" \/>\n<meta property=\"og:title\" content=\"AUMENTA POBREZA LABORAL EN M\u00c9XICO - NOTICIAS\" \/>\n<meta property=\"og:description\" content=\"SIC MEDIA.- Datos del Coneval indican que 41.7% de la poblaci\u00f3n mexicana no puede alimentar a todos los integrantes de...\" \/>\n<meta property=\"og:url\" content=\"https:\/\/laredsocial-noticias.com\/wp\/aumenta-pobreza-laboral-en-mexico\/\" \/>\n<meta property=\"og:site_name\" content=\"NOTICIAS\" \/>\n<meta property=\"article:published_time\" content=\"2015-09-02T19:21:02+00:00\" \/>\n<meta name=\"author\" content=\"Editor en Jefe\" \/>\n<meta name=\"twitter:card\" content=\"summary_large_image\" \/>\n<meta name=\"twitter:label1\" content=\"Escrito por\" \/>\n\t<meta name=\"twitter:data1\" content=\"Editor en Jefe\" \/>\n\t<meta name=\"twitter:label2\" content=\"Tiempo de lectura\" \/>\n\t<meta name=\"twitter:data2\" content=\"3 minutos\" \/>\n<!-- \/ Yoast SEO plugin. -->","yoast_head_json":{"title":"AUMENTA POBREZA LABORAL EN M\u00c9XICO - NOTICIAS","robots":{"index":"index","follow":"follow","max-snippet":"max-snippet:-1","max-image-preview":"max-image-preview:large","max-video-preview":"max-video-preview:-1"},"canonical":"https:\/\/laredsocial-noticias.com\/wp\/aumenta-pobreza-laboral-en-mexico\/","og_locale":"es_ES","og_type":"article","og_title":"AUMENTA POBREZA LABORAL EN M\u00c9XICO - NOTICIAS","og_description":"SIC MEDIA.- Datos del Coneval indican que 41.7% de la poblaci\u00f3n mexicana no puede alimentar a todos los integrantes de...","og_url":"https:\/\/laredsocial-noticias.com\/wp\/aumenta-pobreza-laboral-en-mexico\/","og_site_name":"NOTICIAS","article_published_time":"2015-09-02T19:21:02+00:00","author":"Editor en Jefe","twitter_card":"summary_large_image","twitter_misc":{"Escrito por":"Editor en Jefe","Tiempo de lectura":"3 minutos"},"schema":{"@context":"https:\/\/schema.org","@graph":[{"@type":"WebPage","@id":"https:\/\/laredsocial-noticias.com\/wp\/aumenta-pobreza-laboral-en-mexico\/","url":"https:\/\/laredsocial-noticias.com\/wp\/aumenta-pobreza-laboral-en-mexico\/","name":"AUMENTA POBREZA LABORAL EN M\u00c9XICO - NOTICIAS","isPartOf":{"@id":"https:\/\/laredsocial-noticias.com\/wp\/#website"},"datePublished":"2015-09-02T19:21:02+00:00","author":{"@id":"https:\/\/laredsocial-noticias.com\/wp\/#\/schema\/person\/0ce78643f2de7aae6f6ef10e8453a6e0"},"breadcrumb":{"@id":"https:\/\/laredsocial-noticias.com\/wp\/aumenta-pobreza-laboral-en-mexico\/#breadcrumb"},"inLanguage":"es","potentialAction":[{"@type":"ReadAction","target":["https:\/\/laredsocial-noticias.com\/wp\/aumenta-pobreza-laboral-en-mexico\/"]}]},{"@type":"BreadcrumbList","@id":"https:\/\/laredsocial-noticias.com\/wp\/aumenta-pobreza-laboral-en-mexico\/#breadcrumb","itemListElement":[{"@type":"ListItem","position":1,"name":"Portada","item":"https:\/\/laredsocial-noticias.com\/wp\/"},{"@type":"ListItem","position":2,"name":"AUMENTA POBREZA LABORAL EN M\u00c9XICO"}]},{"@type":"WebSite","@id":"https:\/\/laredsocial-noticias.com\/wp\/#website","url":"https:\/\/laredsocial-noticias.com\/wp\/","name":"NOTICIAS","description":"Lo que se ve y se dice en las redes sociales","potentialAction":[{"@type":"SearchAction","target":{"@type":"EntryPoint","urlTemplate":"https:\/\/laredsocial-noticias.com\/wp\/?s={search_term_string}"},"query-input":{"@type":"PropertyValueSpecification","valueRequired":true,"valueName":"search_term_string"}}],"inLanguage":"es"},{"@type":"Person","@id":"https:\/\/laredsocial-noticias.com\/wp\/#\/schema\/person\/0ce78643f2de7aae6f6ef10e8453a6e0","name":"Editor en Jefe","url":"https:\/\/laredsocial-noticias.com\/wp\/author\/jorgeochoa\/"}]}},"_links":{"self":[{"href":"https:\/\/laredsocial-noticias.com\/wp\/wp-json\/wp\/v2\/posts\/1859","targetHints":{"allow":["GET"]}}],"collection":[{"href":"https:\/\/laredsocial-noticias.com\/wp\/wp-json\/wp\/v2\/posts"}],"about":[{"href":"https:\/\/laredsocial-noticias.com\/wp\/wp-json\/wp\/v2\/types\/post"}],"author":[{"embeddable":true,"href":"https:\/\/laredsocial-noticias.com\/wp\/wp-json\/wp\/v2\/users\/1"}],"replies":[{"embeddable":true,"href":"https:\/\/laredsocial-noticias.com\/wp\/wp-json\/wp\/v2\/comments?post=1859"}],"version-history":[{"count":1,"href":"https:\/\/laredsocial-noticias.com\/wp\/wp-json\/wp\/v2\/posts\/1859\/revisions"}],"predecessor-version":[{"id":1860,"href":"https:\/\/laredsocial-noticias.com\/wp\/wp-json\/wp\/v2\/posts\/1859\/revisions\/1860"}],"wp:attachment":[{"href":"https:\/\/laredsocial-noticias.com\/wp\/wp-json\/wp\/v2\/media?parent=1859"}],"wp:term":[{"taxonomy":"category","embeddable":true,"href":"https:\/\/laredsocial-noticias.com\/wp\/wp-json\/wp\/v2\/categories?post=1859"},{"taxonomy":"post_tag","embeddable":true,"href":"https:\/\/laredsocial-noticias.com\/wp\/wp-json\/wp\/v2\/tags?post=1859"}],"curies":[{"name":"wp","href":"https:\/\/api.w.org\/{rel}","templated":true}]}}