{"id":185982,"date":"2022-12-31T13:42:05","date_gmt":"2022-12-31T19:42:05","guid":{"rendered":"https:\/\/laredsocial-noticias.com\/wp\/?p=185982"},"modified":"2022-12-31T13:42:23","modified_gmt":"2022-12-31T19:42:23","slug":"verbena-navidena-se-mantiene-hasta-el-6-de-enero-sheinbaum","status":"publish","type":"post","link":"https:\/\/laredsocial-noticias.com\/wp\/verbena-navidena-se-mantiene-hasta-el-6-de-enero-sheinbaum\/","title":{"rendered":"Verbena Navide\u00f1a se mantiene hasta el 6 de enero: Sheinbaum"},"content":{"rendered":"<p>La jefa de\u00a0<strong>Gobierno de la Ciudad de M\u00e9xico, Claudia Sheinbaum<\/strong>, inform\u00f3 que la\u00a0<strong>Verbena Navide\u00f1a<\/strong>, que se ubica en el\u00a0<strong>Z\u00f3calo<\/strong>, se extender\u00e1 hasta el pr\u00f3ximo 6 de enero.<\/p>\n<p>Inicialmente se ten\u00eda planeado que la Verbena estuviera hasta el 31 de diciembre, pero ante el \u00e9xito de esta actividad decembrina, la mandataria capitalina opt\u00f3 por extender el tiempo de este espacio.<\/p>\n<blockquote>\n<p class=\"text-align-center\">\u201c<strong><em>Les informo que la verbena navide\u00f1a en el Z\u00f3calo ha tenido tanto \u00e9xito que la extendemos hasta el 6 de enero. Solo estar\u00e1 cerrada el d\u00eda 1o de enero<\/em><\/strong>\u201d, apunt\u00f3 en\u00a0<strong>Twitter<\/strong>.<\/p>\n<\/blockquote>\n<div class=\"twitter-tweet twitter-tweet-rendered\"><iframe id=\"twitter-widget-0\" class=\"\" title=\"Twitter Tweet\" src=\"https:\/\/platform.twitter.com\/embed\/Tweet.html?creatorScreenName=ddmexico&amp;creatorUserId=98670246&amp;dnt=false&amp;embedId=twitter-widget-0&amp;features=eyJ0ZndfdGltZWxpbmVfbGlzdCI6eyJidWNrZXQiOlsibGlua3RyLmVlIiwidHIuZWUiLCJ0ZXJyYS5jb20uYnIiLCJ3d3cubGlua3RyLmVlIiwid3d3LnRyLmVlIiwid3d3LnRlcnJhLmNvbS5iciJdLCJ2ZXJzaW9uIjpudWxsfSwidGZ3X2hvcml6b25fdGltZWxpbmVfMTIwMzQiOnsiYnVja2V0IjoidHJlYXRtZW50IiwidmVyc2lvbiI6bnVsbH0sInRmd190d2VldF9lZGl0X2JhY2tlbmQiOnsiYnVja2V0Ijoib24iLCJ2ZXJzaW9uIjpudWxsfSwidGZ3X3JlZnNyY19zZXNzaW9uIjp7ImJ1Y2tldCI6Im9uIiwidmVyc2lvbiI6bnVsbH0sInRmd19zaG93X2J1c2luZXNzX3ZlcmlmaWVkX2JhZGdlIjp7ImJ1Y2tldCI6Im9uIiwidmVyc2lvbiI6bnVsbH0sInRmd19jaGluX3BpbGxzXzE0NzQxIjp7ImJ1Y2tldCI6ImNvbG9yX2ljb25zIiwidmVyc2lvbiI6bnVsbH0sInRmd190d2VldF9yZXN1bHRfbWlncmF0aW9uXzEzOTc5Ijp7ImJ1Y2tldCI6InR3ZWV0X3Jlc3VsdCIsInZlcnNpb24iOm51bGx9LCJ0ZndfbWl4ZWRfbWVkaWFfMTU4OTciOnsiYnVja2V0IjoidHJlYXRtZW50IiwidmVyc2lvbiI6bnVsbH0sInRmd19zZW5zaXRpdmVfbWVkaWFfaW50ZXJzdGl0aWFsXzEzOTYzIjp7ImJ1Y2tldCI6ImludGVyc3RpdGlhbCIsInZlcnNpb24iOm51bGx9LCJ0ZndfZXhwZXJpbWVudHNfY29va2llX2V4cGlyYXRpb24iOnsiYnVja2V0IjoxMjA5NjAwLCJ2ZXJzaW9uIjpudWxsfSwidGZ3X2R1cGxpY2F0ZV9zY3JpYmVzX3RvX3NldHRpbmdzIjp7ImJ1Y2tldCI6Im9uIiwidmVyc2lvbiI6bnVsbH0sInRmd192aWRlb19obHNfZHluYW1pY19tYW5pZmVzdHNfMTUwODIiOnsiYnVja2V0IjoidHJ1ZV9iaXRyYXRlIiwidmVyc2lvbiI6bnVsbH0sInRmd19zaG93X2JsdWVfdmVyaWZpZWRfYmFkZ2UiOnsiYnVja2V0Ijoib24iLCJ2ZXJzaW9uIjpudWxsfSwidGZ3X3Nob3dfZ292X3ZlcmlmaWVkX2JhZGdlIjp7ImJ1Y2tldCI6Im9uIiwidmVyc2lvbiI6bnVsbH0sInRmd19zaG93X2J1c2luZXNzX2FmZmlsaWF0ZV9iYWRnZSI6eyJidWNrZXQiOiJvbiIsInZlcnNpb24iOm51bGx9LCJ0ZndfdHdlZXRfZWRpdF9mcm9udGVuZCI6eyJidWNrZXQiOiJvbiIsInZlcnNpb24iOm51bGx9fQ%3D%3D&amp;frame=false&amp;hideCard=false&amp;hideThread=false&amp;id=1608983014889107457&amp;lang=es&amp;origin=https%3A%2F%2Fwww.diariodemexico.com%2Fmi-ciudad%2Fverbena-navidena-se-mantiene-hasta-el-6-de-enero-sheinbaum&amp;sessionId=ef290d5a284a88cfe73e909f892b2803391dc3a7&amp;theme=light&amp;widgetsVersion=a3525f077c700%3A1667415560940&amp;width=550px\" frameborder=\"0\" scrolling=\"no\" allowfullscreen=\"allowfullscreen\" data-tweet-id=\"1608983014889107457\" data-mce-fragment=\"1\"><\/iframe><\/div>\n<p>Por otra parte, Sheinbaum anunci\u00f3 que al Z\u00f3calo asistieron anoche 10 mil personas para ver la pel\u00edcula\u00a0<strong>Pinocho\u00a0<\/strong>del director\u00a0<strong>Guillermo del Toro<\/strong>, la cual habr\u00eda sido la actividad con la que concluir\u00eda la Verbena.<\/p>\n<div class=\"twitter-tweet twitter-tweet-rendered\"><iframe id=\"twitter-widget-1\" class=\"\" title=\"Twitter Tweet\" src=\"https:\/\/platform.twitter.com\/embed\/Tweet.html?creatorScreenName=ddmexico&amp;creatorUserId=98670246&amp;dnt=false&amp;embedId=twitter-widget-1&amp;features=eyJ0ZndfdGltZWxpbmVfbGlzdCI6eyJidWNrZXQiOlsibGlua3RyLmVlIiwidHIuZWUiLCJ0ZXJyYS5jb20uYnIiLCJ3d3cubGlua3RyLmVlIiwid3d3LnRyLmVlIiwid3d3LnRlcnJhLmNvbS5iciJdLCJ2ZXJzaW9uIjpudWxsfSwidGZ3X2hvcml6b25fdGltZWxpbmVfMTIwMzQiOnsiYnVja2V0IjoidHJlYXRtZW50IiwidmVyc2lvbiI6bnVsbH0sInRmd190d2VldF9lZGl0X2JhY2tlbmQiOnsiYnVja2V0Ijoib24iLCJ2ZXJzaW9uIjpudWxsfSwidGZ3X3JlZnNyY19zZXNzaW9uIjp7ImJ1Y2tldCI6Im9uIiwidmVyc2lvbiI6bnVsbH0sInRmd19zaG93X2J1c2luZXNzX3ZlcmlmaWVkX2JhZGdlIjp7ImJ1Y2tldCI6Im9uIiwidmVyc2lvbiI6bnVsbH0sInRmd19jaGluX3BpbGxzXzE0NzQxIjp7ImJ1Y2tldCI6ImNvbG9yX2ljb25zIiwidmVyc2lvbiI6bnVsbH0sInRmd190d2VldF9yZXN1bHRfbWlncmF0aW9uXzEzOTc5Ijp7ImJ1Y2tldCI6InR3ZWV0X3Jlc3VsdCIsInZlcnNpb24iOm51bGx9LCJ0ZndfbWl4ZWRfbWVkaWFfMTU4OTciOnsiYnVja2V0IjoidHJlYXRtZW50IiwidmVyc2lvbiI6bnVsbH0sInRmd19zZW5zaXRpdmVfbWVkaWFfaW50ZXJzdGl0aWFsXzEzOTYzIjp7ImJ1Y2tldCI6ImludGVyc3RpdGlhbCIsInZlcnNpb24iOm51bGx9LCJ0ZndfZXhwZXJpbWVudHNfY29va2llX2V4cGlyYXRpb24iOnsiYnVja2V0IjoxMjA5NjAwLCJ2ZXJzaW9uIjpudWxsfSwidGZ3X2R1cGxpY2F0ZV9zY3JpYmVzX3RvX3NldHRpbmdzIjp7ImJ1Y2tldCI6Im9uIiwidmVyc2lvbiI6bnVsbH0sInRmd192aWRlb19obHNfZHluYW1pY19tYW5pZmVzdHNfMTUwODIiOnsiYnVja2V0IjoidHJ1ZV9iaXRyYXRlIiwidmVyc2lvbiI6bnVsbH0sInRmd19zaG93X2JsdWVfdmVyaWZpZWRfYmFkZ2UiOnsiYnVja2V0Ijoib24iLCJ2ZXJzaW9uIjpudWxsfSwidGZ3X3Nob3dfZ292X3ZlcmlmaWVkX2JhZGdlIjp7ImJ1Y2tldCI6Im9uIiwidmVyc2lvbiI6bnVsbH0sInRmd19zaG93X2J1c2luZXNzX2FmZmlsaWF0ZV9iYWRnZSI6eyJidWNrZXQiOiJvbiIsInZlcnNpb24iOm51bGx9LCJ0ZndfdHdlZXRfZWRpdF9mcm9udGVuZCI6eyJidWNrZXQiOiJvbiIsInZlcnNpb24iOm51bGx9fQ%3D%3D&amp;frame=false&amp;hideCard=false&amp;hideThread=false&amp;id=1609033113937793024&amp;lang=es&amp;origin=https%3A%2F%2Fwww.diariodemexico.com%2Fmi-ciudad%2Fverbena-navidena-se-mantiene-hasta-el-6-de-enero-sheinbaum&amp;sessionId=ef290d5a284a88cfe73e909f892b2803391dc3a7&amp;theme=light&amp;widgetsVersion=a3525f077c700%3A1667415560940&amp;width=550px\" frameborder=\"0\" scrolling=\"no\" allowfullscreen=\"allowfullscreen\" data-tweet-id=\"1609033113937793024\" data-mce-fragment=\"1\"><\/iframe><\/div>\n","protected":false},"excerpt":{"rendered":"<p>La jefa de\u00a0Gobierno de la Ciudad de M\u00e9xico, Claudia Sheinbaum, inform\u00f3 que la\u00a0Verbena Navide\u00f1a, que se ubica en el\u00a0Z\u00f3calo, se&#8230;<\/p>\n","protected":false},"author":1,"featured_media":0,"comment_status":"open","ping_status":"closed","sticky":false,"template":"","format":"standard","meta":{"footnotes":""},"categories":[91,2835],"tags":[261,4959,77,13410],"class_list":["post-185982","post","type-post","status-publish","format-standard","hentry","category-cdmx","category-ciudad-de-mexico","tag-cdmx","tag-featured","tag-principal","tag-verbena-navidena"],"yoast_head":"<!-- This site is optimized with the Yoast SEO plugin v26.5 - https:\/\/yoast.com\/wordpress\/plugins\/seo\/ -->\n<title>Verbena Navide\u00f1a se mantiene hasta el 6 de enero: Sheinbaum - NOTICIAS<\/title>\n<meta name=\"robots\" content=\"index, follow, max-snippet:-1, max-image-preview:large, max-video-preview:-1\" \/>\n<link rel=\"canonical\" href=\"https:\/\/laredsocial-noticias.com\/wp\/verbena-navidena-se-mantiene-hasta-el-6-de-enero-sheinbaum\/\" \/>\n<meta property=\"og:locale\" content=\"es_ES\" \/>\n<meta property=\"og:type\" content=\"article\" \/>\n<meta property=\"og:title\" content=\"Verbena Navide\u00f1a se mantiene hasta el 6 de enero: Sheinbaum - NOTICIAS\" \/>\n<meta property=\"og:description\" content=\"La jefa de\u00a0Gobierno de la Ciudad de M\u00e9xico, Claudia Sheinbaum, inform\u00f3 que la\u00a0Verbena Navide\u00f1a, que se ubica en el\u00a0Z\u00f3calo, se...\" \/>\n<meta property=\"og:url\" content=\"https:\/\/laredsocial-noticias.com\/wp\/verbena-navidena-se-mantiene-hasta-el-6-de-enero-sheinbaum\/\" \/>\n<meta property=\"og:site_name\" content=\"NOTICIAS\" \/>\n<meta property=\"article:published_time\" content=\"2022-12-31T19:42:05+00:00\" \/>\n<meta property=\"article:modified_time\" content=\"2022-12-31T19:42:23+00:00\" \/>\n<meta name=\"author\" content=\"Editor en Jefe\" \/>\n<meta name=\"twitter:card\" content=\"summary_large_image\" \/>\n<meta name=\"twitter:label1\" content=\"Escrito por\" \/>\n\t<meta name=\"twitter:data1\" content=\"Editor en Jefe\" \/>\n\t<meta name=\"twitter:label2\" content=\"Tiempo de lectura\" \/>\n\t<meta name=\"twitter:data2\" content=\"1 minuto\" \/>\n<!-- \/ Yoast SEO plugin. -->","yoast_head_json":{"title":"Verbena Navide\u00f1a se mantiene hasta el 6 de enero: Sheinbaum - NOTICIAS","robots":{"index":"index","follow":"follow","max-snippet":"max-snippet:-1","max-image-preview":"max-image-preview:large","max-video-preview":"max-video-preview:-1"},"canonical":"https:\/\/laredsocial-noticias.com\/wp\/verbena-navidena-se-mantiene-hasta-el-6-de-enero-sheinbaum\/","og_locale":"es_ES","og_type":"article","og_title":"Verbena Navide\u00f1a se mantiene hasta el 6 de enero: Sheinbaum - NOTICIAS","og_description":"La jefa de\u00a0Gobierno de la Ciudad de M\u00e9xico, Claudia Sheinbaum, inform\u00f3 que la\u00a0Verbena Navide\u00f1a, que se ubica en el\u00a0Z\u00f3calo, se...","og_url":"https:\/\/laredsocial-noticias.com\/wp\/verbena-navidena-se-mantiene-hasta-el-6-de-enero-sheinbaum\/","og_site_name":"NOTICIAS","article_published_time":"2022-12-31T19:42:05+00:00","article_modified_time":"2022-12-31T19:42:23+00:00","author":"Editor en Jefe","twitter_card":"summary_large_image","twitter_misc":{"Escrito por":"Editor en Jefe","Tiempo de lectura":"1 minuto"},"schema":{"@context":"https:\/\/schema.org","@graph":[{"@type":"WebPage","@id":"https:\/\/laredsocial-noticias.com\/wp\/verbena-navidena-se-mantiene-hasta-el-6-de-enero-sheinbaum\/","url":"https:\/\/laredsocial-noticias.com\/wp\/verbena-navidena-se-mantiene-hasta-el-6-de-enero-sheinbaum\/","name":"Verbena Navide\u00f1a se mantiene hasta el 6 de enero: Sheinbaum - NOTICIAS","isPartOf":{"@id":"https:\/\/laredsocial-noticias.com\/wp\/#website"},"datePublished":"2022-12-31T19:42:05+00:00","dateModified":"2022-12-31T19:42:23+00:00","author":{"@id":"https:\/\/laredsocial-noticias.com\/wp\/#\/schema\/person\/0ce78643f2de7aae6f6ef10e8453a6e0"},"breadcrumb":{"@id":"https:\/\/laredsocial-noticias.com\/wp\/verbena-navidena-se-mantiene-hasta-el-6-de-enero-sheinbaum\/#breadcrumb"},"inLanguage":"es","potentialAction":[{"@type":"ReadAction","target":["https:\/\/laredsocial-noticias.com\/wp\/verbena-navidena-se-mantiene-hasta-el-6-de-enero-sheinbaum\/"]}]},{"@type":"BreadcrumbList","@id":"https:\/\/laredsocial-noticias.com\/wp\/verbena-navidena-se-mantiene-hasta-el-6-de-enero-sheinbaum\/#breadcrumb","itemListElement":[{"@type":"ListItem","position":1,"name":"Portada","item":"https:\/\/laredsocial-noticias.com\/wp\/"},{"@type":"ListItem","position":2,"name":"Verbena Navide\u00f1a se mantiene hasta el 6 de enero: Sheinbaum"}]},{"@type":"WebSite","@id":"https:\/\/laredsocial-noticias.com\/wp\/#website","url":"https:\/\/laredsocial-noticias.com\/wp\/","name":"NOTICIAS","description":"Lo que se ve y se dice en las redes sociales","potentialAction":[{"@type":"SearchAction","target":{"@type":"EntryPoint","urlTemplate":"https:\/\/laredsocial-noticias.com\/wp\/?s={search_term_string}"},"query-input":{"@type":"PropertyValueSpecification","valueRequired":true,"valueName":"search_term_string"}}],"inLanguage":"es"},{"@type":"Person","@id":"https:\/\/laredsocial-noticias.com\/wp\/#\/schema\/person\/0ce78643f2de7aae6f6ef10e8453a6e0","name":"Editor en Jefe","url":"https:\/\/laredsocial-noticias.com\/wp\/author\/jorgeochoa\/"}]}},"_links":{"self":[{"href":"https:\/\/laredsocial-noticias.com\/wp\/wp-json\/wp\/v2\/posts\/185982","targetHints":{"allow":["GET"]}}],"collection":[{"href":"https:\/\/laredsocial-noticias.com\/wp\/wp-json\/wp\/v2\/posts"}],"about":[{"href":"https:\/\/laredsocial-noticias.com\/wp\/wp-json\/wp\/v2\/types\/post"}],"author":[{"embeddable":true,"href":"https:\/\/laredsocial-noticias.com\/wp\/wp-json\/wp\/v2\/users\/1"}],"replies":[{"embeddable":true,"href":"https:\/\/laredsocial-noticias.com\/wp\/wp-json\/wp\/v2\/comments?post=185982"}],"version-history":[{"count":1,"href":"https:\/\/laredsocial-noticias.com\/wp\/wp-json\/wp\/v2\/posts\/185982\/revisions"}],"predecessor-version":[{"id":185983,"href":"https:\/\/laredsocial-noticias.com\/wp\/wp-json\/wp\/v2\/posts\/185982\/revisions\/185983"}],"wp:attachment":[{"href":"https:\/\/laredsocial-noticias.com\/wp\/wp-json\/wp\/v2\/media?parent=185982"}],"wp:term":[{"taxonomy":"category","embeddable":true,"href":"https:\/\/laredsocial-noticias.com\/wp\/wp-json\/wp\/v2\/categories?post=185982"},{"taxonomy":"post_tag","embeddable":true,"href":"https:\/\/laredsocial-noticias.com\/wp\/wp-json\/wp\/v2\/tags?post=185982"}],"curies":[{"name":"wp","href":"https:\/\/api.w.org\/{rel}","templated":true}]}}