{"id":186427,"date":"2023-01-05T17:34:52","date_gmt":"2023-01-05T23:34:52","guid":{"rendered":"https:\/\/laredsocial-noticias.com\/wp\/?p=186427"},"modified":"2023-01-05T17:35:12","modified_gmt":"2023-01-05T23:35:12","slug":"en-2022-se-crearon-mas-de-750-mil-empleos-formales-imss","status":"publish","type":"post","link":"https:\/\/laredsocial-noticias.com\/wp\/en-2022-se-crearon-mas-de-750-mil-empleos-formales-imss\/","title":{"rendered":"En 2022 se crearon m\u00e1s de 750 mil empleos formales: IMSS"},"content":{"rendered":"<p>La econom\u00eda mexicana cre\u00f3 752 mil 748 empleos formales en 2022, el tercer mayor incremento anual desde que hay registro, aunque en diciembre desaparecieron 345 mil 705 plazas, revel\u00f3 este jueves el Instituto Mexicano del Seguro Social (IMSS).<\/p>\n<p>Los nuevos empleos representan un incremento anual de 3.7% frente al cierre de 2021, lo que implica un total de 21 millones 372 mil 896 puestos registrados ante el IMSS, el principal indicador del trabajo formal en M\u00e9xico.<\/p>\n<p>El instituto reconoci\u00f3 en un comunicado que los trabajos perdidos en diciembre pasado equivalen a una tasa de -1.6%, pero argument\u00f3 que esta &#8220;es la tercera m\u00e1s baja en los \u00faltimos 7 a\u00f1os y es menor que la variaci\u00f3n porcentual anual promedio de los diciembres desde que se tiene registro, de -1.8%&#8221;.<\/p>\n<p>El presidente Andr\u00e9s Manuel L\u00f3pez Obrador ha atribuido la desaparici\u00f3n de empleos en diciembre a un fen\u00f3meno coyuntural en el que las empresas despiden a sus trabajadores para evitar que acumulen a\u00f1os de antig\u00fcedad y cobren los bonos de fin de a\u00f1o.<\/p>\n<p>Apenas en noviembre pasado, M\u00e9xico hab\u00eda superado el mill\u00f3n de empleos formales creados en 2022, alcanzando un m\u00e1ximo hist\u00f3rico de m\u00e1s de 21.65 millones de puestos documentados.<\/p>\n<p>Por otro lado, el IMSS enunci\u00f3 que los sectores econ\u00f3micos con el mayor crecimiento anual en puestos fueron transportes y comunicaciones con 6.4%, construcci\u00f3n con 5.5% y servicios para empresas con 4.1%.<\/p>\n<p>Mientras que, por estado, destacaron Tabasco, Baja California Sur y Quintana Roo con aumentos anuales superiores al 8%.<\/p>\n<p>En tanto, el salario promedio de los trabajadores registrados en el IMSS fue de 486.6 pesos diarios.<\/p>\n<p>&#8220;Este salario representa un incremento anual nominal de 11%, el m\u00e1s alto registrado de los \u00faltimos 20 a\u00f1os considerando solo diciembres y, desde enero de 2019, el salario base de cotizaci\u00f3n mantiene aumentos anuales nominales iguales o superiores al 6%&#8221;, mencion\u00f3 el instituto.<\/p>\n<p>El IMSS es el principal indicador del trabajo formal en M\u00e9xico, pero el Instituto Nacional de Estad\u00edstica y Geograf\u00eda (Inegi) revel\u00f3 en su \u00faltima encuesta de empleo que cerca del 55% de los mexicanos est\u00e1n en la econom\u00eda informal.<\/p>\n<p>Las cifras muestran una recuperaci\u00f3n del empleo en M\u00e9xico tras la pandemia de Covid-19, pues ten\u00eda 20.6 millones de trabajadores formales registrados en el IMSS en febrero de 2020, pero perdi\u00f3 casi 1.19 millones de puestos entre marzo y julio de 2020.<\/p>\n<p>Tambi\u00e9n son un reflejo del comportamiento de la econom\u00eda de M\u00e9xico, que creci\u00f3 un 0.9% trimestral y 4.3% interanual en el tercer trimestre de 2022, con lo que acumul\u00f3 una subida anual de 2.9% en los tres primeros trimestres del a\u00f1o.<\/p>\n","protected":false},"excerpt":{"rendered":"<p>La econom\u00eda mexicana cre\u00f3 752 mil 748 empleos formales en 2022, el tercer mayor incremento anual desde que hay registro,&#8230;<\/p>\n","protected":false},"author":1,"featured_media":0,"comment_status":"open","ping_status":"closed","sticky":false,"template":"","format":"standard","meta":{"footnotes":""},"categories":[2811,6026],"tags":[595,4959,74,77],"class_list":["post-186427","post","type-post","status-publish","format-standard","hentry","category-economia","category-portada","tag-empleo","tag-featured","tag-imss","tag-principal"],"yoast_head":"<!-- This site is optimized with the Yoast SEO plugin v26.5 - https:\/\/yoast.com\/wordpress\/plugins\/seo\/ -->\n<title>En 2022 se crearon m\u00e1s de 750 mil empleos formales: IMSS - NOTICIAS<\/title>\n<meta name=\"robots\" content=\"index, follow, max-snippet:-1, max-image-preview:large, max-video-preview:-1\" \/>\n<link rel=\"canonical\" href=\"https:\/\/laredsocial-noticias.com\/wp\/en-2022-se-crearon-mas-de-750-mil-empleos-formales-imss\/\" \/>\n<meta property=\"og:locale\" content=\"es_ES\" \/>\n<meta property=\"og:type\" content=\"article\" \/>\n<meta property=\"og:title\" content=\"En 2022 se crearon m\u00e1s de 750 mil empleos formales: IMSS - NOTICIAS\" \/>\n<meta property=\"og:description\" content=\"La econom\u00eda mexicana cre\u00f3 752 mil 748 empleos formales en 2022, el tercer mayor incremento anual desde que hay registro,...\" \/>\n<meta property=\"og:url\" content=\"https:\/\/laredsocial-noticias.com\/wp\/en-2022-se-crearon-mas-de-750-mil-empleos-formales-imss\/\" \/>\n<meta property=\"og:site_name\" content=\"NOTICIAS\" \/>\n<meta property=\"article:published_time\" content=\"2023-01-05T23:34:52+00:00\" \/>\n<meta property=\"article:modified_time\" content=\"2023-01-05T23:35:12+00:00\" \/>\n<meta name=\"author\" content=\"Editor en Jefe\" \/>\n<meta name=\"twitter:card\" content=\"summary_large_image\" \/>\n<meta name=\"twitter:label1\" content=\"Escrito por\" \/>\n\t<meta name=\"twitter:data1\" content=\"Editor en Jefe\" \/>\n\t<meta name=\"twitter:label2\" content=\"Tiempo de lectura\" \/>\n\t<meta name=\"twitter:data2\" content=\"2 minutos\" \/>\n<!-- \/ Yoast SEO plugin. -->","yoast_head_json":{"title":"En 2022 se crearon m\u00e1s de 750 mil empleos formales: IMSS - NOTICIAS","robots":{"index":"index","follow":"follow","max-snippet":"max-snippet:-1","max-image-preview":"max-image-preview:large","max-video-preview":"max-video-preview:-1"},"canonical":"https:\/\/laredsocial-noticias.com\/wp\/en-2022-se-crearon-mas-de-750-mil-empleos-formales-imss\/","og_locale":"es_ES","og_type":"article","og_title":"En 2022 se crearon m\u00e1s de 750 mil empleos formales: IMSS - NOTICIAS","og_description":"La econom\u00eda mexicana cre\u00f3 752 mil 748 empleos formales en 2022, el tercer mayor incremento anual desde que hay registro,...","og_url":"https:\/\/laredsocial-noticias.com\/wp\/en-2022-se-crearon-mas-de-750-mil-empleos-formales-imss\/","og_site_name":"NOTICIAS","article_published_time":"2023-01-05T23:34:52+00:00","article_modified_time":"2023-01-05T23:35:12+00:00","author":"Editor en Jefe","twitter_card":"summary_large_image","twitter_misc":{"Escrito por":"Editor en Jefe","Tiempo de lectura":"2 minutos"},"schema":{"@context":"https:\/\/schema.org","@graph":[{"@type":"WebPage","@id":"https:\/\/laredsocial-noticias.com\/wp\/en-2022-se-crearon-mas-de-750-mil-empleos-formales-imss\/","url":"https:\/\/laredsocial-noticias.com\/wp\/en-2022-se-crearon-mas-de-750-mil-empleos-formales-imss\/","name":"En 2022 se crearon m\u00e1s de 750 mil empleos formales: IMSS - NOTICIAS","isPartOf":{"@id":"https:\/\/laredsocial-noticias.com\/wp\/#website"},"datePublished":"2023-01-05T23:34:52+00:00","dateModified":"2023-01-05T23:35:12+00:00","author":{"@id":"https:\/\/laredsocial-noticias.com\/wp\/#\/schema\/person\/0ce78643f2de7aae6f6ef10e8453a6e0"},"breadcrumb":{"@id":"https:\/\/laredsocial-noticias.com\/wp\/en-2022-se-crearon-mas-de-750-mil-empleos-formales-imss\/#breadcrumb"},"inLanguage":"es","potentialAction":[{"@type":"ReadAction","target":["https:\/\/laredsocial-noticias.com\/wp\/en-2022-se-crearon-mas-de-750-mil-empleos-formales-imss\/"]}]},{"@type":"BreadcrumbList","@id":"https:\/\/laredsocial-noticias.com\/wp\/en-2022-se-crearon-mas-de-750-mil-empleos-formales-imss\/#breadcrumb","itemListElement":[{"@type":"ListItem","position":1,"name":"Portada","item":"https:\/\/laredsocial-noticias.com\/wp\/"},{"@type":"ListItem","position":2,"name":"En 2022 se crearon m\u00e1s de 750 mil empleos formales: IMSS"}]},{"@type":"WebSite","@id":"https:\/\/laredsocial-noticias.com\/wp\/#website","url":"https:\/\/laredsocial-noticias.com\/wp\/","name":"NOTICIAS","description":"Lo que se ve y se dice en las redes sociales","potentialAction":[{"@type":"SearchAction","target":{"@type":"EntryPoint","urlTemplate":"https:\/\/laredsocial-noticias.com\/wp\/?s={search_term_string}"},"query-input":{"@type":"PropertyValueSpecification","valueRequired":true,"valueName":"search_term_string"}}],"inLanguage":"es"},{"@type":"Person","@id":"https:\/\/laredsocial-noticias.com\/wp\/#\/schema\/person\/0ce78643f2de7aae6f6ef10e8453a6e0","name":"Editor en Jefe","url":"https:\/\/laredsocial-noticias.com\/wp\/author\/jorgeochoa\/"}]}},"_links":{"self":[{"href":"https:\/\/laredsocial-noticias.com\/wp\/wp-json\/wp\/v2\/posts\/186427","targetHints":{"allow":["GET"]}}],"collection":[{"href":"https:\/\/laredsocial-noticias.com\/wp\/wp-json\/wp\/v2\/posts"}],"about":[{"href":"https:\/\/laredsocial-noticias.com\/wp\/wp-json\/wp\/v2\/types\/post"}],"author":[{"embeddable":true,"href":"https:\/\/laredsocial-noticias.com\/wp\/wp-json\/wp\/v2\/users\/1"}],"replies":[{"embeddable":true,"href":"https:\/\/laredsocial-noticias.com\/wp\/wp-json\/wp\/v2\/comments?post=186427"}],"version-history":[{"count":1,"href":"https:\/\/laredsocial-noticias.com\/wp\/wp-json\/wp\/v2\/posts\/186427\/revisions"}],"predecessor-version":[{"id":186428,"href":"https:\/\/laredsocial-noticias.com\/wp\/wp-json\/wp\/v2\/posts\/186427\/revisions\/186428"}],"wp:attachment":[{"href":"https:\/\/laredsocial-noticias.com\/wp\/wp-json\/wp\/v2\/media?parent=186427"}],"wp:term":[{"taxonomy":"category","embeddable":true,"href":"https:\/\/laredsocial-noticias.com\/wp\/wp-json\/wp\/v2\/categories?post=186427"},{"taxonomy":"post_tag","embeddable":true,"href":"https:\/\/laredsocial-noticias.com\/wp\/wp-json\/wp\/v2\/tags?post=186427"}],"curies":[{"name":"wp","href":"https:\/\/api.w.org\/{rel}","templated":true}]}}