{"id":186686,"date":"2023-01-09T12:13:10","date_gmt":"2023-01-09T18:13:10","guid":{"rendered":"https:\/\/laredsocial-noticias.com\/wp\/?p=186686"},"modified":"2023-01-09T12:14:35","modified_gmt":"2023-01-09T18:14:35","slug":"analizan-cajas-negras-de-trenes-de-linea-3-y-definen-plan-de-investigacion","status":"publish","type":"post","link":"https:\/\/laredsocial-noticias.com\/wp\/analizan-cajas-negras-de-trenes-de-linea-3-y-definen-plan-de-investigacion\/","title":{"rendered":"Analizan cajas negras de trenes de L\u00ednea 3 y definen plan de investigaci\u00f3n"},"content":{"rendered":"<p>La Fiscal\u00eda General de Justicia de la Ciudad de M\u00e9xico elabor\u00f3 un plan de investigaci\u00f3n para obtener conclusiones y establecer responsabilidades penales en los hechos registrados en la L\u00ednea 3 del Metro el pasado s\u00e1bado, asegur\u00f3 Ernestina Godoy, titular de la instituci\u00f3n.<\/p>\n<p>Hemos elaborado de inmediato un plan de investigaci\u00f3n que se sustenta en evidencia cient\u00edfica, en el rigor t\u00e9cnico y en el apego a la Ley, que tiene como finalidad presentar a la brevedad las primeras conclusiones&#8221;.<\/p>\n<p>El plan de investigaci\u00f3n que hemos desarrollado, busca establecer claramente las responsabilidades penales, una vez que se hayan agotado todas las l\u00edneas de investigaci\u00f3n existentes; la reparaci\u00f3n integral del da\u00f1o que atienda la compensaci\u00f3n y rehabilitaci\u00f3n necesaria para las v\u00edctimas; as\u00ed como establecer las medidas para que estos hechos no se repitan&#8221;, dijo la funcionaria.<\/p>\n<p>En un mensaje a medios de comunicaci\u00f3n, la abogada capitalina se\u00f1al\u00f3 que como parte de dicho plan, conformaron un grupo multidisciplinario de expertos de la Coordinaci\u00f3n General de Investigaci\u00f3n Forense y Servicios Periciales, especialistas en materia de criminal\u00edstica, fotograf\u00eda, video, qu\u00edmica, medicina, seguridad industrial, mec\u00e1nica, electricidad, arquitectura, topograf\u00eda, ingenier\u00eda, valuaci\u00f3n, inform\u00e1tica y electricidad.<\/p>\n<p>En su intervenci\u00f3n, Ulises Lara, vocero de la Fiscal\u00eda, indic\u00f3 que en el lugar de los hechos ya se realizaron las primeras diligencias.<\/p>\n<p>Se llev\u00f3 a cabo la inspecci\u00f3n f\u00edsica del \u00e1rea, adem\u00e1s de que se fijaron fotograf\u00edas y video; respecto a los vagones, tambi\u00e9n se realiz\u00f3 su inspecci\u00f3n f\u00edsica, as\u00ed como la fijaci\u00f3n de material gr\u00e1fico y la supervisi\u00f3n de las maniobras de retiro hacia los talleres ubicados en Ticom\u00e1n; se hizo la revisi\u00f3n y valuaci\u00f3n de los da\u00f1os; adem\u00e1s de que se aseguraron las cajas negras del tren impactado y el tren que colision\u00f3, cuyo contenido ya ha sido debidamente interpretado y analizado por expertos en la materia y ha aportado importantes avances en la investigaci\u00f3n&#8221;, indic\u00f3.<\/p>\n","protected":false},"excerpt":{"rendered":"<p>La Fiscal\u00eda General de Justicia de la Ciudad de M\u00e9xico elabor\u00f3 un plan de investigaci\u00f3n para obtener conclusiones y establecer&#8230;<\/p>\n","protected":false},"author":1,"featured_media":0,"comment_status":"open","ping_status":"closed","sticky":false,"template":"","format":"standard","meta":{"footnotes":""},"categories":[91,6026,73],"tags":[13633,1188,13634,77],"class_list":["post-186686","post","type-post","status-publish","format-standard","hentry","category-cdmx","category-portada","category-principal","tag-cajas-negras-de-trenes-de-linea-3","tag-choque","tag-linea-de-investigacion","tag-principal"],"yoast_head":"<!-- This site is optimized with the Yoast SEO plugin v26.5 - https:\/\/yoast.com\/wordpress\/plugins\/seo\/ -->\n<title>Analizan cajas negras de trenes de L\u00ednea 3 y definen plan de investigaci\u00f3n - NOTICIAS<\/title>\n<meta name=\"robots\" content=\"index, follow, max-snippet:-1, max-image-preview:large, max-video-preview:-1\" \/>\n<link rel=\"canonical\" href=\"https:\/\/laredsocial-noticias.com\/wp\/analizan-cajas-negras-de-trenes-de-linea-3-y-definen-plan-de-investigacion\/\" \/>\n<meta property=\"og:locale\" content=\"es_ES\" \/>\n<meta property=\"og:type\" content=\"article\" \/>\n<meta property=\"og:title\" content=\"Analizan cajas negras de trenes de L\u00ednea 3 y definen plan de investigaci\u00f3n - NOTICIAS\" \/>\n<meta property=\"og:description\" content=\"La Fiscal\u00eda General de Justicia de la Ciudad de M\u00e9xico elabor\u00f3 un plan de investigaci\u00f3n para obtener conclusiones y establecer...\" \/>\n<meta property=\"og:url\" content=\"https:\/\/laredsocial-noticias.com\/wp\/analizan-cajas-negras-de-trenes-de-linea-3-y-definen-plan-de-investigacion\/\" \/>\n<meta property=\"og:site_name\" content=\"NOTICIAS\" \/>\n<meta property=\"article:published_time\" content=\"2023-01-09T18:13:10+00:00\" \/>\n<meta property=\"article:modified_time\" content=\"2023-01-09T18:14:35+00:00\" \/>\n<meta name=\"author\" content=\"Editor en Jefe\" \/>\n<meta name=\"twitter:card\" content=\"summary_large_image\" \/>\n<meta name=\"twitter:label1\" content=\"Escrito por\" \/>\n\t<meta name=\"twitter:data1\" content=\"Editor en Jefe\" \/>\n\t<meta name=\"twitter:label2\" content=\"Tiempo de lectura\" \/>\n\t<meta name=\"twitter:data2\" content=\"2 minutos\" \/>\n<!-- \/ Yoast SEO plugin. -->","yoast_head_json":{"title":"Analizan cajas negras de trenes de L\u00ednea 3 y definen plan de investigaci\u00f3n - NOTICIAS","robots":{"index":"index","follow":"follow","max-snippet":"max-snippet:-1","max-image-preview":"max-image-preview:large","max-video-preview":"max-video-preview:-1"},"canonical":"https:\/\/laredsocial-noticias.com\/wp\/analizan-cajas-negras-de-trenes-de-linea-3-y-definen-plan-de-investigacion\/","og_locale":"es_ES","og_type":"article","og_title":"Analizan cajas negras de trenes de L\u00ednea 3 y definen plan de investigaci\u00f3n - NOTICIAS","og_description":"La Fiscal\u00eda General de Justicia de la Ciudad de M\u00e9xico elabor\u00f3 un plan de investigaci\u00f3n para obtener conclusiones y establecer...","og_url":"https:\/\/laredsocial-noticias.com\/wp\/analizan-cajas-negras-de-trenes-de-linea-3-y-definen-plan-de-investigacion\/","og_site_name":"NOTICIAS","article_published_time":"2023-01-09T18:13:10+00:00","article_modified_time":"2023-01-09T18:14:35+00:00","author":"Editor en Jefe","twitter_card":"summary_large_image","twitter_misc":{"Escrito por":"Editor en Jefe","Tiempo de lectura":"2 minutos"},"schema":{"@context":"https:\/\/schema.org","@graph":[{"@type":"WebPage","@id":"https:\/\/laredsocial-noticias.com\/wp\/analizan-cajas-negras-de-trenes-de-linea-3-y-definen-plan-de-investigacion\/","url":"https:\/\/laredsocial-noticias.com\/wp\/analizan-cajas-negras-de-trenes-de-linea-3-y-definen-plan-de-investigacion\/","name":"Analizan cajas negras de trenes de L\u00ednea 3 y definen plan de investigaci\u00f3n - NOTICIAS","isPartOf":{"@id":"https:\/\/laredsocial-noticias.com\/wp\/#website"},"datePublished":"2023-01-09T18:13:10+00:00","dateModified":"2023-01-09T18:14:35+00:00","author":{"@id":"https:\/\/laredsocial-noticias.com\/wp\/#\/schema\/person\/0ce78643f2de7aae6f6ef10e8453a6e0"},"breadcrumb":{"@id":"https:\/\/laredsocial-noticias.com\/wp\/analizan-cajas-negras-de-trenes-de-linea-3-y-definen-plan-de-investigacion\/#breadcrumb"},"inLanguage":"es","potentialAction":[{"@type":"ReadAction","target":["https:\/\/laredsocial-noticias.com\/wp\/analizan-cajas-negras-de-trenes-de-linea-3-y-definen-plan-de-investigacion\/"]}]},{"@type":"BreadcrumbList","@id":"https:\/\/laredsocial-noticias.com\/wp\/analizan-cajas-negras-de-trenes-de-linea-3-y-definen-plan-de-investigacion\/#breadcrumb","itemListElement":[{"@type":"ListItem","position":1,"name":"Portada","item":"https:\/\/laredsocial-noticias.com\/wp\/"},{"@type":"ListItem","position":2,"name":"Analizan cajas negras de trenes de L\u00ednea 3 y definen plan de investigaci\u00f3n"}]},{"@type":"WebSite","@id":"https:\/\/laredsocial-noticias.com\/wp\/#website","url":"https:\/\/laredsocial-noticias.com\/wp\/","name":"NOTICIAS","description":"Lo que se ve y se dice en las redes sociales","potentialAction":[{"@type":"SearchAction","target":{"@type":"EntryPoint","urlTemplate":"https:\/\/laredsocial-noticias.com\/wp\/?s={search_term_string}"},"query-input":{"@type":"PropertyValueSpecification","valueRequired":true,"valueName":"search_term_string"}}],"inLanguage":"es"},{"@type":"Person","@id":"https:\/\/laredsocial-noticias.com\/wp\/#\/schema\/person\/0ce78643f2de7aae6f6ef10e8453a6e0","name":"Editor en Jefe","url":"https:\/\/laredsocial-noticias.com\/wp\/author\/jorgeochoa\/"}]}},"_links":{"self":[{"href":"https:\/\/laredsocial-noticias.com\/wp\/wp-json\/wp\/v2\/posts\/186686","targetHints":{"allow":["GET"]}}],"collection":[{"href":"https:\/\/laredsocial-noticias.com\/wp\/wp-json\/wp\/v2\/posts"}],"about":[{"href":"https:\/\/laredsocial-noticias.com\/wp\/wp-json\/wp\/v2\/types\/post"}],"author":[{"embeddable":true,"href":"https:\/\/laredsocial-noticias.com\/wp\/wp-json\/wp\/v2\/users\/1"}],"replies":[{"embeddable":true,"href":"https:\/\/laredsocial-noticias.com\/wp\/wp-json\/wp\/v2\/comments?post=186686"}],"version-history":[{"count":1,"href":"https:\/\/laredsocial-noticias.com\/wp\/wp-json\/wp\/v2\/posts\/186686\/revisions"}],"predecessor-version":[{"id":186687,"href":"https:\/\/laredsocial-noticias.com\/wp\/wp-json\/wp\/v2\/posts\/186686\/revisions\/186687"}],"wp:attachment":[{"href":"https:\/\/laredsocial-noticias.com\/wp\/wp-json\/wp\/v2\/media?parent=186686"}],"wp:term":[{"taxonomy":"category","embeddable":true,"href":"https:\/\/laredsocial-noticias.com\/wp\/wp-json\/wp\/v2\/categories?post=186686"},{"taxonomy":"post_tag","embeddable":true,"href":"https:\/\/laredsocial-noticias.com\/wp\/wp-json\/wp\/v2\/tags?post=186686"}],"curies":[{"name":"wp","href":"https:\/\/api.w.org\/{rel}","templated":true}]}}