{"id":186751,"date":"2023-01-09T18:30:42","date_gmt":"2023-01-10T00:30:42","guid":{"rendered":"https:\/\/laredsocial-noticias.com\/wp\/?p=186751"},"modified":"2023-01-09T19:00:22","modified_gmt":"2023-01-10T01:00:22","slug":"encapuchados-toman-instalaciones-de-prepa-8-de-la-unam-suspenden-las-clases","status":"publish","type":"post","link":"https:\/\/laredsocial-noticias.com\/wp\/encapuchados-toman-instalaciones-de-prepa-8-de-la-unam-suspenden-las-clases\/","title":{"rendered":"Encapuchados toman instalaciones de Prepa 8 de la UNAM; suspenden las clases"},"content":{"rendered":"<p>Las instalaciones de la\u00a0Escuela Nacional Preparatoria n\u00famero 8 de la UNAM,\u00a0fueron tomadas la ma\u00f1ana de este lunes por un grupo de encapuchados, lo que provoc\u00f3 que los estudiantes que se encontraban al interior del plantel tuvieran que ser desalojados.<\/p>\n<p>Los inconformes se\u00f1alaron que el cierre del plantel es para demandar a las autoridades universitarias que den soluci\u00f3n a los presuntos casos de acoso.<\/p>\n<p>Por su parte, la direcci\u00f3n del plantel inform\u00f3 que ya se estableci\u00f3 una mesa de di\u00e1logo con los manifestantes. Sin embargo, este lunes fueron suspendidas las clases en el turno vespertino.<\/p>\n<blockquote class=\"wp-block-quote\"><p>\u201cSe informa que el d\u00eda de hoy varios estudiantes embozados decidieron tomar las instalaciones del plantel a las 11 horas. Por tal motivo se suspenden las clases del turno vespertino. Se establecer\u00e1 una mesa de di\u00e1logo y se les solicita estar atentos a la informaci\u00f3n que se emita en los medios oficiales\u201d, detall\u00f3 la instituci\u00f3n en un comunicado.<\/p><\/blockquote>\n<p>De igual forma, la direcci\u00f3n del plantel asegur\u00f3 que se encuentran abiertos al di\u00e1logo \u201crespetuoso y en beneficio de todos\u201d.<\/p>\n<p>Cabe se\u00f1alar que este lunes reanudaron clases las preparatorias de la UNAM, tras el periodo vacacional de invierno.<\/p>\n","protected":false},"excerpt":{"rendered":"<p>Las instalaciones de la\u00a0Escuela Nacional Preparatoria n\u00famero 8 de la UNAM,\u00a0fueron tomadas la ma\u00f1ana de este lunes por un grupo&#8230;<\/p>\n","protected":false},"author":1,"featured_media":0,"comment_status":"open","ping_status":"closed","sticky":false,"template":"","format":"standard","meta":{"footnotes":""},"categories":[91,6026],"tags":[261,1469,4959,77],"class_list":["post-186751","post","type-post","status-publish","format-standard","hentry","category-cdmx","category-portada","tag-cdmx","tag-ciudad-de-mexico","tag-featured","tag-principal"],"yoast_head":"<!-- This site is optimized with the Yoast SEO plugin v26.5 - https:\/\/yoast.com\/wordpress\/plugins\/seo\/ -->\n<title>Encapuchados toman instalaciones de Prepa 8 de la UNAM; suspenden las clases - NOTICIAS<\/title>\n<meta name=\"robots\" content=\"index, follow, max-snippet:-1, max-image-preview:large, max-video-preview:-1\" \/>\n<link rel=\"canonical\" href=\"https:\/\/laredsocial-noticias.com\/wp\/encapuchados-toman-instalaciones-de-prepa-8-de-la-unam-suspenden-las-clases\/\" \/>\n<meta property=\"og:locale\" content=\"es_ES\" \/>\n<meta property=\"og:type\" content=\"article\" \/>\n<meta property=\"og:title\" content=\"Encapuchados toman instalaciones de Prepa 8 de la UNAM; suspenden las clases - NOTICIAS\" \/>\n<meta property=\"og:description\" content=\"Las instalaciones de la\u00a0Escuela Nacional Preparatoria n\u00famero 8 de la UNAM,\u00a0fueron tomadas la ma\u00f1ana de este lunes por un grupo...\" \/>\n<meta property=\"og:url\" content=\"https:\/\/laredsocial-noticias.com\/wp\/encapuchados-toman-instalaciones-de-prepa-8-de-la-unam-suspenden-las-clases\/\" \/>\n<meta property=\"og:site_name\" content=\"NOTICIAS\" \/>\n<meta property=\"article:published_time\" content=\"2023-01-10T00:30:42+00:00\" \/>\n<meta property=\"article:modified_time\" content=\"2023-01-10T01:00:22+00:00\" \/>\n<meta name=\"author\" content=\"Editor en Jefe\" \/>\n<meta name=\"twitter:card\" content=\"summary_large_image\" \/>\n<meta name=\"twitter:label1\" content=\"Escrito por\" \/>\n\t<meta name=\"twitter:data1\" content=\"Editor en Jefe\" \/>\n\t<meta name=\"twitter:label2\" content=\"Tiempo de lectura\" \/>\n\t<meta name=\"twitter:data2\" content=\"1 minuto\" \/>\n<!-- \/ Yoast SEO plugin. -->","yoast_head_json":{"title":"Encapuchados toman instalaciones de Prepa 8 de la UNAM; suspenden las clases - NOTICIAS","robots":{"index":"index","follow":"follow","max-snippet":"max-snippet:-1","max-image-preview":"max-image-preview:large","max-video-preview":"max-video-preview:-1"},"canonical":"https:\/\/laredsocial-noticias.com\/wp\/encapuchados-toman-instalaciones-de-prepa-8-de-la-unam-suspenden-las-clases\/","og_locale":"es_ES","og_type":"article","og_title":"Encapuchados toman instalaciones de Prepa 8 de la UNAM; suspenden las clases - NOTICIAS","og_description":"Las instalaciones de la\u00a0Escuela Nacional Preparatoria n\u00famero 8 de la UNAM,\u00a0fueron tomadas la ma\u00f1ana de este lunes por un grupo...","og_url":"https:\/\/laredsocial-noticias.com\/wp\/encapuchados-toman-instalaciones-de-prepa-8-de-la-unam-suspenden-las-clases\/","og_site_name":"NOTICIAS","article_published_time":"2023-01-10T00:30:42+00:00","article_modified_time":"2023-01-10T01:00:22+00:00","author":"Editor en Jefe","twitter_card":"summary_large_image","twitter_misc":{"Escrito por":"Editor en Jefe","Tiempo de lectura":"1 minuto"},"schema":{"@context":"https:\/\/schema.org","@graph":[{"@type":"WebPage","@id":"https:\/\/laredsocial-noticias.com\/wp\/encapuchados-toman-instalaciones-de-prepa-8-de-la-unam-suspenden-las-clases\/","url":"https:\/\/laredsocial-noticias.com\/wp\/encapuchados-toman-instalaciones-de-prepa-8-de-la-unam-suspenden-las-clases\/","name":"Encapuchados toman instalaciones de Prepa 8 de la UNAM; suspenden las clases - NOTICIAS","isPartOf":{"@id":"https:\/\/laredsocial-noticias.com\/wp\/#website"},"datePublished":"2023-01-10T00:30:42+00:00","dateModified":"2023-01-10T01:00:22+00:00","author":{"@id":"https:\/\/laredsocial-noticias.com\/wp\/#\/schema\/person\/0ce78643f2de7aae6f6ef10e8453a6e0"},"breadcrumb":{"@id":"https:\/\/laredsocial-noticias.com\/wp\/encapuchados-toman-instalaciones-de-prepa-8-de-la-unam-suspenden-las-clases\/#breadcrumb"},"inLanguage":"es","potentialAction":[{"@type":"ReadAction","target":["https:\/\/laredsocial-noticias.com\/wp\/encapuchados-toman-instalaciones-de-prepa-8-de-la-unam-suspenden-las-clases\/"]}]},{"@type":"BreadcrumbList","@id":"https:\/\/laredsocial-noticias.com\/wp\/encapuchados-toman-instalaciones-de-prepa-8-de-la-unam-suspenden-las-clases\/#breadcrumb","itemListElement":[{"@type":"ListItem","position":1,"name":"Portada","item":"https:\/\/laredsocial-noticias.com\/wp\/"},{"@type":"ListItem","position":2,"name":"Encapuchados toman instalaciones de Prepa 8 de la UNAM; suspenden las clases"}]},{"@type":"WebSite","@id":"https:\/\/laredsocial-noticias.com\/wp\/#website","url":"https:\/\/laredsocial-noticias.com\/wp\/","name":"NOTICIAS","description":"Lo que se ve y se dice en las redes sociales","potentialAction":[{"@type":"SearchAction","target":{"@type":"EntryPoint","urlTemplate":"https:\/\/laredsocial-noticias.com\/wp\/?s={search_term_string}"},"query-input":{"@type":"PropertyValueSpecification","valueRequired":true,"valueName":"search_term_string"}}],"inLanguage":"es"},{"@type":"Person","@id":"https:\/\/laredsocial-noticias.com\/wp\/#\/schema\/person\/0ce78643f2de7aae6f6ef10e8453a6e0","name":"Editor en Jefe","url":"https:\/\/laredsocial-noticias.com\/wp\/author\/jorgeochoa\/"}]}},"_links":{"self":[{"href":"https:\/\/laredsocial-noticias.com\/wp\/wp-json\/wp\/v2\/posts\/186751","targetHints":{"allow":["GET"]}}],"collection":[{"href":"https:\/\/laredsocial-noticias.com\/wp\/wp-json\/wp\/v2\/posts"}],"about":[{"href":"https:\/\/laredsocial-noticias.com\/wp\/wp-json\/wp\/v2\/types\/post"}],"author":[{"embeddable":true,"href":"https:\/\/laredsocial-noticias.com\/wp\/wp-json\/wp\/v2\/users\/1"}],"replies":[{"embeddable":true,"href":"https:\/\/laredsocial-noticias.com\/wp\/wp-json\/wp\/v2\/comments?post=186751"}],"version-history":[{"count":1,"href":"https:\/\/laredsocial-noticias.com\/wp\/wp-json\/wp\/v2\/posts\/186751\/revisions"}],"predecessor-version":[{"id":186752,"href":"https:\/\/laredsocial-noticias.com\/wp\/wp-json\/wp\/v2\/posts\/186751\/revisions\/186752"}],"wp:attachment":[{"href":"https:\/\/laredsocial-noticias.com\/wp\/wp-json\/wp\/v2\/media?parent=186751"}],"wp:term":[{"taxonomy":"category","embeddable":true,"href":"https:\/\/laredsocial-noticias.com\/wp\/wp-json\/wp\/v2\/categories?post=186751"},{"taxonomy":"post_tag","embeddable":true,"href":"https:\/\/laredsocial-noticias.com\/wp\/wp-json\/wp\/v2\/tags?post=186751"}],"curies":[{"name":"wp","href":"https:\/\/api.w.org\/{rel}","templated":true}]}}