{"id":187417,"date":"2023-01-14T18:58:34","date_gmt":"2023-01-15T00:58:34","guid":{"rendered":"https:\/\/laredsocial-noticias.com\/wp\/?p=187417"},"modified":"2023-01-14T18:59:19","modified_gmt":"2023-01-15T00:59:19","slug":"denuncian-danos-a-las-instalaciones-al-metro-a-pesar-de-la-presencia-de-la-guardia-nacional","status":"publish","type":"post","link":"https:\/\/laredsocial-noticias.com\/wp\/denuncian-danos-a-las-instalaciones-al-metro-a-pesar-de-la-presencia-de-la-guardia-nacional\/","title":{"rendered":"Denuncian da\u00f1os a las instalaciones al metro a pesar de la presencia de la Guardia Nacional"},"content":{"rendered":"<p>El Sistema de Transporte Colectivo ha presentado tres denuncias ante la Fiscal\u00eda General de Justicia de la Ciudad de M\u00e9xico por hechos \u201cat\u00edpicos o intencionales\u201d que da\u00f1aron las instalaciones del Metro.<\/p>\n<p>Dos de los incidentes ocurrieron a pesar de la presencia de la Guardia Nacional en las \u00faltimas 48 horas.<\/p>\n<p>Guillermo Calder\u00f3n, director del STC, inform\u00f3 que uno de los hechos \u201cat\u00edpicos o intencionales\u201d ocurri\u00f3 en la L\u00ednea 3 cuando fue cortado un cable el\u00e9ctrico que golpe\u00f3 y da\u00f1\u00f3 el parabrisas de un tren.<\/p>\n<p>Las autoridades presumieron que para accesar al t\u00fanel de la interestaci\u00f3n La Raza-Potrero los responsables tambi\u00e9n cortaron rejillas de ventilaci\u00f3n.<\/p>\n<p>Otro hecho \u201cat\u00edpico o intencional\u201d denunciado fueron los da\u00f1os a un aparato de cambio de v\u00eda en Ermita de la L\u00ednea 12. Calder\u00f3n indic\u00f3 que el aparato presenta un golpe inusual en la operaci\u00f3n de los trenes.<\/p>\n<p>Garantiz\u00f3 la seguridad ante el reinicio de operaciones del tramo subterr\u00e1neo de la L\u00ednea Dorada este domingo.<\/p>\n<p>El tercer incidente denunciado fue que una mujer avent\u00f3 unas aspas de lavadora las v\u00edas en la L\u00ednea 9.<\/p>\n<p>En conferencia de prensa conjunta Calder\u00f3n y el secretario de Gobierno, Mart\u00ed Batres, informaron que ocurri\u00f3 otro evento, aunque no fue denunciado, si lo consideraron \u201cat\u00edpico o inusual\u201d cuando una persona arroj\u00f3 una alta de cerveza hacia las v\u00edas, lo que requiri\u00f3, incluso, la presencia del Ej\u00e9rcito para descartar un incidente mayor.<\/p>\n<p>Calder\u00f3n y Batres rechazaron \u201cespecular\u201d calificando estos hechos como \u201csabotaje\u201d y dijeron que ser\u00eda la fiscal\u00eda quien deslinde responsabilidades.<\/p>\n<p>&nbsp;<\/p>\n","protected":false},"excerpt":{"rendered":"<p>El Sistema de Transporte Colectivo ha presentado tres denuncias ante la Fiscal\u00eda General de Justicia de la Ciudad de M\u00e9xico&#8230;<\/p>\n","protected":false},"author":1,"featured_media":0,"comment_status":"open","ping_status":"closed","sticky":false,"template":"","format":"standard","meta":{"footnotes":""},"categories":[91,6026,73],"tags":[261,463,6712,916,77],"class_list":["post-187417","post","type-post","status-publish","format-standard","hentry","category-cdmx","category-portada","category-principal","tag-cdmx","tag-danos","tag-guardia-nacional","tag-metro","tag-principal"],"yoast_head":"<!-- This site is optimized with the Yoast SEO plugin v26.5 - https:\/\/yoast.com\/wordpress\/plugins\/seo\/ -->\n<title>Denuncian da\u00f1os a las instalaciones al metro a pesar de la presencia de la Guardia Nacional - NOTICIAS<\/title>\n<meta name=\"robots\" content=\"index, follow, max-snippet:-1, max-image-preview:large, max-video-preview:-1\" \/>\n<link rel=\"canonical\" href=\"https:\/\/laredsocial-noticias.com\/wp\/denuncian-danos-a-las-instalaciones-al-metro-a-pesar-de-la-presencia-de-la-guardia-nacional\/\" \/>\n<meta property=\"og:locale\" content=\"es_ES\" \/>\n<meta property=\"og:type\" content=\"article\" \/>\n<meta property=\"og:title\" content=\"Denuncian da\u00f1os a las instalaciones al metro a pesar de la presencia de la Guardia Nacional - NOTICIAS\" \/>\n<meta property=\"og:description\" content=\"El Sistema de Transporte Colectivo ha presentado tres denuncias ante la Fiscal\u00eda General de Justicia de la Ciudad de M\u00e9xico...\" \/>\n<meta property=\"og:url\" content=\"https:\/\/laredsocial-noticias.com\/wp\/denuncian-danos-a-las-instalaciones-al-metro-a-pesar-de-la-presencia-de-la-guardia-nacional\/\" \/>\n<meta property=\"og:site_name\" content=\"NOTICIAS\" \/>\n<meta property=\"article:published_time\" content=\"2023-01-15T00:58:34+00:00\" \/>\n<meta property=\"article:modified_time\" content=\"2023-01-15T00:59:19+00:00\" \/>\n<meta name=\"author\" content=\"Editor en Jefe\" \/>\n<meta name=\"twitter:card\" content=\"summary_large_image\" \/>\n<meta name=\"twitter:label1\" content=\"Escrito por\" \/>\n\t<meta name=\"twitter:data1\" content=\"Editor en Jefe\" \/>\n\t<meta name=\"twitter:label2\" content=\"Tiempo de lectura\" \/>\n\t<meta name=\"twitter:data2\" content=\"1 minuto\" \/>\n<!-- \/ Yoast SEO plugin. -->","yoast_head_json":{"title":"Denuncian da\u00f1os a las instalaciones al metro a pesar de la presencia de la Guardia Nacional - NOTICIAS","robots":{"index":"index","follow":"follow","max-snippet":"max-snippet:-1","max-image-preview":"max-image-preview:large","max-video-preview":"max-video-preview:-1"},"canonical":"https:\/\/laredsocial-noticias.com\/wp\/denuncian-danos-a-las-instalaciones-al-metro-a-pesar-de-la-presencia-de-la-guardia-nacional\/","og_locale":"es_ES","og_type":"article","og_title":"Denuncian da\u00f1os a las instalaciones al metro a pesar de la presencia de la Guardia Nacional - NOTICIAS","og_description":"El Sistema de Transporte Colectivo ha presentado tres denuncias ante la Fiscal\u00eda General de Justicia de la Ciudad de M\u00e9xico...","og_url":"https:\/\/laredsocial-noticias.com\/wp\/denuncian-danos-a-las-instalaciones-al-metro-a-pesar-de-la-presencia-de-la-guardia-nacional\/","og_site_name":"NOTICIAS","article_published_time":"2023-01-15T00:58:34+00:00","article_modified_time":"2023-01-15T00:59:19+00:00","author":"Editor en Jefe","twitter_card":"summary_large_image","twitter_misc":{"Escrito por":"Editor en Jefe","Tiempo de lectura":"1 minuto"},"schema":{"@context":"https:\/\/schema.org","@graph":[{"@type":"WebPage","@id":"https:\/\/laredsocial-noticias.com\/wp\/denuncian-danos-a-las-instalaciones-al-metro-a-pesar-de-la-presencia-de-la-guardia-nacional\/","url":"https:\/\/laredsocial-noticias.com\/wp\/denuncian-danos-a-las-instalaciones-al-metro-a-pesar-de-la-presencia-de-la-guardia-nacional\/","name":"Denuncian da\u00f1os a las instalaciones al metro a pesar de la presencia de la Guardia Nacional - NOTICIAS","isPartOf":{"@id":"https:\/\/laredsocial-noticias.com\/wp\/#website"},"datePublished":"2023-01-15T00:58:34+00:00","dateModified":"2023-01-15T00:59:19+00:00","author":{"@id":"https:\/\/laredsocial-noticias.com\/wp\/#\/schema\/person\/0ce78643f2de7aae6f6ef10e8453a6e0"},"breadcrumb":{"@id":"https:\/\/laredsocial-noticias.com\/wp\/denuncian-danos-a-las-instalaciones-al-metro-a-pesar-de-la-presencia-de-la-guardia-nacional\/#breadcrumb"},"inLanguage":"es","potentialAction":[{"@type":"ReadAction","target":["https:\/\/laredsocial-noticias.com\/wp\/denuncian-danos-a-las-instalaciones-al-metro-a-pesar-de-la-presencia-de-la-guardia-nacional\/"]}]},{"@type":"BreadcrumbList","@id":"https:\/\/laredsocial-noticias.com\/wp\/denuncian-danos-a-las-instalaciones-al-metro-a-pesar-de-la-presencia-de-la-guardia-nacional\/#breadcrumb","itemListElement":[{"@type":"ListItem","position":1,"name":"Portada","item":"https:\/\/laredsocial-noticias.com\/wp\/"},{"@type":"ListItem","position":2,"name":"Denuncian da\u00f1os a las instalaciones al metro a pesar de la presencia de la Guardia Nacional"}]},{"@type":"WebSite","@id":"https:\/\/laredsocial-noticias.com\/wp\/#website","url":"https:\/\/laredsocial-noticias.com\/wp\/","name":"NOTICIAS","description":"Lo que se ve y se dice en las redes sociales","potentialAction":[{"@type":"SearchAction","target":{"@type":"EntryPoint","urlTemplate":"https:\/\/laredsocial-noticias.com\/wp\/?s={search_term_string}"},"query-input":{"@type":"PropertyValueSpecification","valueRequired":true,"valueName":"search_term_string"}}],"inLanguage":"es"},{"@type":"Person","@id":"https:\/\/laredsocial-noticias.com\/wp\/#\/schema\/person\/0ce78643f2de7aae6f6ef10e8453a6e0","name":"Editor en Jefe","url":"https:\/\/laredsocial-noticias.com\/wp\/author\/jorgeochoa\/"}]}},"_links":{"self":[{"href":"https:\/\/laredsocial-noticias.com\/wp\/wp-json\/wp\/v2\/posts\/187417","targetHints":{"allow":["GET"]}}],"collection":[{"href":"https:\/\/laredsocial-noticias.com\/wp\/wp-json\/wp\/v2\/posts"}],"about":[{"href":"https:\/\/laredsocial-noticias.com\/wp\/wp-json\/wp\/v2\/types\/post"}],"author":[{"embeddable":true,"href":"https:\/\/laredsocial-noticias.com\/wp\/wp-json\/wp\/v2\/users\/1"}],"replies":[{"embeddable":true,"href":"https:\/\/laredsocial-noticias.com\/wp\/wp-json\/wp\/v2\/comments?post=187417"}],"version-history":[{"count":1,"href":"https:\/\/laredsocial-noticias.com\/wp\/wp-json\/wp\/v2\/posts\/187417\/revisions"}],"predecessor-version":[{"id":187418,"href":"https:\/\/laredsocial-noticias.com\/wp\/wp-json\/wp\/v2\/posts\/187417\/revisions\/187418"}],"wp:attachment":[{"href":"https:\/\/laredsocial-noticias.com\/wp\/wp-json\/wp\/v2\/media?parent=187417"}],"wp:term":[{"taxonomy":"category","embeddable":true,"href":"https:\/\/laredsocial-noticias.com\/wp\/wp-json\/wp\/v2\/categories?post=187417"},{"taxonomy":"post_tag","embeddable":true,"href":"https:\/\/laredsocial-noticias.com\/wp\/wp-json\/wp\/v2\/tags?post=187417"}],"curies":[{"name":"wp","href":"https:\/\/api.w.org\/{rel}","templated":true}]}}