{"id":187473,"date":"2023-01-15T16:10:53","date_gmt":"2023-01-15T22:10:53","guid":{"rendered":"https:\/\/laredsocial-noticias.com\/wp\/?p=187473"},"modified":"2023-01-15T16:11:29","modified_gmt":"2023-01-15T22:11:29","slug":"memo-ochoa-recibe-goleada-historica-pierde-8-2-con-el-salernitana","status":"publish","type":"post","link":"https:\/\/laredsocial-noticias.com\/wp\/memo-ochoa-recibe-goleada-historica-pierde-8-2-con-el-salernitana\/","title":{"rendered":"Memo Ochoa recibe goleada hist\u00f3rica; pierde 8-2 con el Salernitana"},"content":{"rendered":"<p>El arquero mexicano\u00a0Guillermo \u201cMemo\u201d Ochoa\u00a0recibi\u00f3 este domingo lo que es la peor goleada de toda su carrera, al perder 8 \u2013 2 con su equipo\u00a0Salernitana\u00a0contra el\u00a0Atalanta\u00a0de la Serie A del futbol italiano.<\/p>\n<p>Este es un nuevo r\u00e9cord para Ochoa, ya que nunca hab\u00eda recibido tantos goles en su carrera en un mismo partido, adem\u00e1s de que los primeros 5 del Atalanta fueron en los primeros\u00a045 minutos.<\/p>\n<p>Su r\u00e9cord de goles no parados hab\u00edan sido 7, la primera ocasi\u00f3n contra\u00a0Chile\u00a0en la Copa Am\u00e9rica en\u00a02016\u00a0y la segunda en Europa cuando recibi\u00f3 7 goles contra el\u00a0Atl\u00e9tico de Madrid, tambi\u00e9n en 2016.<\/p>\n<p>Se trata del\u00a0tercer partido\u00a0que Ochoa, de 37 a\u00f1os, juega con el\u00a0Salernitana, equipo con el que se comprometi\u00f3 el pasado 23 de diciembre hasta el final de temporada.<\/p>\n<p>Es de destacar que el marcador 8-2 de Salernitana contra Atalanta tambi\u00e9n es la primera vez que un equipo de la Serie A de italia marca tantos goles desde\u00a01996.<\/p>\n<h2 id=\"h-memes-para-ochoa\">Memes para Ochoa<\/h2>\n<p>La goleada de 8 tantos que recibi\u00f3 Memo Ochoa se volvi\u00f3 tendencia r\u00e1pidamente en redes sociales, donde los usuarios aprovecharon para crear varios\u00a0memes\u00a0al respecto.<\/p>\n<p>Primero los aficionados del futbol recordaron cuando Ochoa se burl\u00f3 de la goleada 7-0 que el Am\u00e9rica le hizo al Cruz Azul en donde el mexicano puso es redes sociales \u201cHIS7ORICO\u201d.<\/p>\n<p>Pero ese fue solo el comienzo, aqu\u00ed te dejamos algunos de los mejores memes que se compartieron en\u00a0redes sociales.<\/p>\n","protected":false},"excerpt":{"rendered":"<p>El arquero mexicano\u00a0Guillermo \u201cMemo\u201d Ochoa\u00a0recibi\u00f3 este domingo lo que es la peor goleada de toda su carrera, al perder 8&#8230;<\/p>\n","protected":false},"author":1,"featured_media":0,"comment_status":"open","ping_status":"closed","sticky":false,"template":"","format":"standard","meta":{"footnotes":""},"categories":[337,6026],"tags":[4959,77],"class_list":["post-187473","post","type-post","status-publish","format-standard","hentry","category-deportes","category-portada","tag-featured","tag-principal"],"yoast_head":"<!-- This site is optimized with the Yoast SEO plugin v26.5 - https:\/\/yoast.com\/wordpress\/plugins\/seo\/ -->\n<title>Memo Ochoa recibe goleada hist\u00f3rica; pierde 8-2 con el Salernitana - NOTICIAS<\/title>\n<meta name=\"robots\" content=\"index, follow, max-snippet:-1, max-image-preview:large, max-video-preview:-1\" \/>\n<link rel=\"canonical\" href=\"https:\/\/laredsocial-noticias.com\/wp\/memo-ochoa-recibe-goleada-historica-pierde-8-2-con-el-salernitana\/\" \/>\n<meta property=\"og:locale\" content=\"es_ES\" \/>\n<meta property=\"og:type\" content=\"article\" \/>\n<meta property=\"og:title\" content=\"Memo Ochoa recibe goleada hist\u00f3rica; pierde 8-2 con el Salernitana - NOTICIAS\" \/>\n<meta property=\"og:description\" content=\"El arquero mexicano\u00a0Guillermo \u201cMemo\u201d Ochoa\u00a0recibi\u00f3 este domingo lo que es la peor goleada de toda su carrera, al perder 8...\" \/>\n<meta property=\"og:url\" content=\"https:\/\/laredsocial-noticias.com\/wp\/memo-ochoa-recibe-goleada-historica-pierde-8-2-con-el-salernitana\/\" \/>\n<meta property=\"og:site_name\" content=\"NOTICIAS\" \/>\n<meta property=\"article:published_time\" content=\"2023-01-15T22:10:53+00:00\" \/>\n<meta property=\"article:modified_time\" content=\"2023-01-15T22:11:29+00:00\" \/>\n<meta name=\"author\" content=\"Editor en Jefe\" \/>\n<meta name=\"twitter:card\" content=\"summary_large_image\" \/>\n<meta name=\"twitter:label1\" content=\"Escrito por\" \/>\n\t<meta name=\"twitter:data1\" content=\"Editor en Jefe\" \/>\n\t<meta name=\"twitter:label2\" content=\"Tiempo de lectura\" \/>\n\t<meta name=\"twitter:data2\" content=\"1 minuto\" \/>\n<!-- \/ Yoast SEO plugin. -->","yoast_head_json":{"title":"Memo Ochoa recibe goleada hist\u00f3rica; pierde 8-2 con el Salernitana - NOTICIAS","robots":{"index":"index","follow":"follow","max-snippet":"max-snippet:-1","max-image-preview":"max-image-preview:large","max-video-preview":"max-video-preview:-1"},"canonical":"https:\/\/laredsocial-noticias.com\/wp\/memo-ochoa-recibe-goleada-historica-pierde-8-2-con-el-salernitana\/","og_locale":"es_ES","og_type":"article","og_title":"Memo Ochoa recibe goleada hist\u00f3rica; pierde 8-2 con el Salernitana - NOTICIAS","og_description":"El arquero mexicano\u00a0Guillermo \u201cMemo\u201d Ochoa\u00a0recibi\u00f3 este domingo lo que es la peor goleada de toda su carrera, al perder 8...","og_url":"https:\/\/laredsocial-noticias.com\/wp\/memo-ochoa-recibe-goleada-historica-pierde-8-2-con-el-salernitana\/","og_site_name":"NOTICIAS","article_published_time":"2023-01-15T22:10:53+00:00","article_modified_time":"2023-01-15T22:11:29+00:00","author":"Editor en Jefe","twitter_card":"summary_large_image","twitter_misc":{"Escrito por":"Editor en Jefe","Tiempo de lectura":"1 minuto"},"schema":{"@context":"https:\/\/schema.org","@graph":[{"@type":"WebPage","@id":"https:\/\/laredsocial-noticias.com\/wp\/memo-ochoa-recibe-goleada-historica-pierde-8-2-con-el-salernitana\/","url":"https:\/\/laredsocial-noticias.com\/wp\/memo-ochoa-recibe-goleada-historica-pierde-8-2-con-el-salernitana\/","name":"Memo Ochoa recibe goleada hist\u00f3rica; pierde 8-2 con el Salernitana - NOTICIAS","isPartOf":{"@id":"https:\/\/laredsocial-noticias.com\/wp\/#website"},"datePublished":"2023-01-15T22:10:53+00:00","dateModified":"2023-01-15T22:11:29+00:00","author":{"@id":"https:\/\/laredsocial-noticias.com\/wp\/#\/schema\/person\/0ce78643f2de7aae6f6ef10e8453a6e0"},"breadcrumb":{"@id":"https:\/\/laredsocial-noticias.com\/wp\/memo-ochoa-recibe-goleada-historica-pierde-8-2-con-el-salernitana\/#breadcrumb"},"inLanguage":"es","potentialAction":[{"@type":"ReadAction","target":["https:\/\/laredsocial-noticias.com\/wp\/memo-ochoa-recibe-goleada-historica-pierde-8-2-con-el-salernitana\/"]}]},{"@type":"BreadcrumbList","@id":"https:\/\/laredsocial-noticias.com\/wp\/memo-ochoa-recibe-goleada-historica-pierde-8-2-con-el-salernitana\/#breadcrumb","itemListElement":[{"@type":"ListItem","position":1,"name":"Portada","item":"https:\/\/laredsocial-noticias.com\/wp\/"},{"@type":"ListItem","position":2,"name":"Memo Ochoa recibe goleada hist\u00f3rica; pierde 8-2 con el Salernitana"}]},{"@type":"WebSite","@id":"https:\/\/laredsocial-noticias.com\/wp\/#website","url":"https:\/\/laredsocial-noticias.com\/wp\/","name":"NOTICIAS","description":"Lo que se ve y se dice en las redes sociales","potentialAction":[{"@type":"SearchAction","target":{"@type":"EntryPoint","urlTemplate":"https:\/\/laredsocial-noticias.com\/wp\/?s={search_term_string}"},"query-input":{"@type":"PropertyValueSpecification","valueRequired":true,"valueName":"search_term_string"}}],"inLanguage":"es"},{"@type":"Person","@id":"https:\/\/laredsocial-noticias.com\/wp\/#\/schema\/person\/0ce78643f2de7aae6f6ef10e8453a6e0","name":"Editor en Jefe","url":"https:\/\/laredsocial-noticias.com\/wp\/author\/jorgeochoa\/"}]}},"_links":{"self":[{"href":"https:\/\/laredsocial-noticias.com\/wp\/wp-json\/wp\/v2\/posts\/187473","targetHints":{"allow":["GET"]}}],"collection":[{"href":"https:\/\/laredsocial-noticias.com\/wp\/wp-json\/wp\/v2\/posts"}],"about":[{"href":"https:\/\/laredsocial-noticias.com\/wp\/wp-json\/wp\/v2\/types\/post"}],"author":[{"embeddable":true,"href":"https:\/\/laredsocial-noticias.com\/wp\/wp-json\/wp\/v2\/users\/1"}],"replies":[{"embeddable":true,"href":"https:\/\/laredsocial-noticias.com\/wp\/wp-json\/wp\/v2\/comments?post=187473"}],"version-history":[{"count":1,"href":"https:\/\/laredsocial-noticias.com\/wp\/wp-json\/wp\/v2\/posts\/187473\/revisions"}],"predecessor-version":[{"id":187474,"href":"https:\/\/laredsocial-noticias.com\/wp\/wp-json\/wp\/v2\/posts\/187473\/revisions\/187474"}],"wp:attachment":[{"href":"https:\/\/laredsocial-noticias.com\/wp\/wp-json\/wp\/v2\/media?parent=187473"}],"wp:term":[{"taxonomy":"category","embeddable":true,"href":"https:\/\/laredsocial-noticias.com\/wp\/wp-json\/wp\/v2\/categories?post=187473"},{"taxonomy":"post_tag","embeddable":true,"href":"https:\/\/laredsocial-noticias.com\/wp\/wp-json\/wp\/v2\/tags?post=187473"}],"curies":[{"name":"wp","href":"https:\/\/api.w.org\/{rel}","templated":true}]}}