{"id":187764,"date":"2023-01-19T13:25:12","date_gmt":"2023-01-19T19:25:12","guid":{"rendered":"https:\/\/laredsocial-noticias.com\/wp\/?p=187764"},"modified":"2023-01-19T13:28:45","modified_gmt":"2023-01-19T19:28:45","slug":"impulsa-gobierno-del-estado-vivienda-digna-en-guanajuato","status":"publish","type":"post","link":"https:\/\/laredsocial-noticias.com\/wp\/impulsa-gobierno-del-estado-vivienda-digna-en-guanajuato\/","title":{"rendered":"Impulsa Gobierno del Estado vivienda digna en Guanajuato"},"content":{"rendered":"<p>El Gobernador del Estado, Diego Sinhue Rodr\u00edguez Vallejo, garantiz\u00f3 suficiencia presupuestal para el subsidio de vivienda en Guanajuato, as\u00ed lo anunci\u00f3 al inaugurar el Foro Regional de Vivienda en el Baj\u00edo.<br \/>\nEste subsidio tiene el prop\u00f3sito de detonar la construcci\u00f3n de vivienda econ\u00f3mica y de calidad con un valor de hasta 495 mil pesos en Le\u00f3n, Irapuato y Celaya, en una primera etapa, pues son las ciudades que presentan una mayor demanda de vivienda a nivel estatal.<\/p>\n<p>&#8220;El Programa Impulso a la Vivienda no tendr\u00e1 un l\u00edmite presupuestal mientras se sigan haciendo las cosas bien, seguiremos apoyando a la vivienda econ\u00f3mica, porque es la que hoy demandan nuestros trabajadores, la gente que m\u00e1s se esfuerza, a la que menos le alcanza, es a la que necesitamos apoyar\u201d, dijo Diego Sinhue Rodr\u00edguez Vallejo.<\/p>\n<p>Con este convenio, los guanajuatenses se ven beneficiados al obtener, hasta 100 mil pesos de subsidio para la adquisici\u00f3n de sus casas a trav\u00e9s de los institutos municipales de vivienda de Le\u00f3n, Irapuato y Celaya.<\/p>\n<p>El 28 de abril de 2020, el Gobierno del Estado, a trav\u00e9s de la Secretar\u00eda de Desarrollo Social y Humano, firm\u00f3 un convenio con la CANADEVI para destinar un subsidio de 100 millones de pesos para la vivienda en beneficio de las familias guanajuatenses.<\/p>\n<p>De acuerdo con las reglas de operaci\u00f3n, para el ejercicio 2023 se prev\u00e9 beneficiar hasta 600 personas con un subsidio de hasta 100 mil pesos para la adquisici\u00f3n de vivienda nueva.<\/p>\n<p>\u201cSi los municipios siguen apoyando bajo el mismo esquema, el Gobierno del Estado estar\u00e1 buscando recursos para tener suficiencia presupuestal en estos fondos y que los trabajadores puedan seguir teniendo ese apoyo\u201d.<\/p>\n<p>Expres\u00f3 el Gobernador durante este foro, que tiene como objetivo, ser un espacio de encuentro para actualizar conocimientos y encontrar estrategias para afrontar los retos de la industria de la vivienda en este 2023.<\/p>\n<p>Este primer Foro Regional de Vivienda en el Baj\u00edo es organizado por la C\u00e1mara Nacional de la Industria de Desarrollo y Promoci\u00f3n de Vivienda (CANADEVI) Le\u00f3n, dentro de una coyuntura mundial que es vol\u00e1til y cambiante, despu\u00e9s de la pandemia COVID-19.<\/p>\n<p>Como parte de este evento, las delegaciones de CANADEVI for\u00e1neas vienen a Guanajuato para conocer el funcionamiento y operaci\u00f3n del Programa Impulso a la Vivienda (hoy llamado Mi Vivienda Gto, Contigo S\u00ed), a cargo de la SEDESHU.<\/p>\n<p>Este programa trabaja en coordinaci\u00f3n con las autoridades municipales mediante los Institutos Municipales de Vivienda y con la labor de los desarrolladores de vivienda, en este caso de la CANADEVI Delegaci\u00f3n Guanajuato a trav\u00e9s de la empresa PROVIDE.<\/p>\n<p>Cabe destacar que este esquema es \u00fanico en el pa\u00eds y los resultados han llamado la atenci\u00f3n de otras delegaciones de la CANADEVI, con el objetivo de replicar dicho esquema, que ha sido favorable para las familias guanajuatenses.<\/p>\n<p>Al foro acuden las delegaciones de la CANADEVI provenientes de Nuevo Leo\u0301n, Yucat\u00e1n y Tamaulipas, entre otras.<\/p>\n<p>En la inauguraci\u00f3n foro estuvo presente Luis Alberto Moreno G\u00f3mez, Presidente Nacional de CANADEVI; Alejandra Guti\u00e9rrez Campos, Presidenta Municipal de Le\u00f3n; Ismael Plascencia N\u00fa\u00f1ez, Coordinador Regional de CONCAMIN Baj\u00edo; y V\u00edctor Manuel Franco Vargas, Presidente de CANADEVI Delegaci\u00f3n Guanajuato.<\/p>\n<p>Tambi\u00e9n asisti\u00f3 Ram\u00f3n Alfaro G\u00f3mez, Secretario de Desarrollo Econ\u00f3mico Sustentable del Estado de Guanajuato; Jes\u00fas Oviedo Herrera, Secretario de Desarrollo Social y Humano del Estado de Guanajuato; Luis Mariano Hern\u00e1ndez Duarte, Secretario de Consejo de CANADEVI Delegaci\u00f3n Guanajuato; y Jos\u00e9 Erandi Berm\u00fadez M\u00e9ndez, Senador de la Rep\u00fablica.<\/p>\n","protected":false},"excerpt":{"rendered":"<p>El Gobernador del Estado, Diego Sinhue Rodr\u00edguez Vallejo, garantiz\u00f3 suficiencia presupuestal para el subsidio de vivienda en Guanajuato, as\u00ed lo&#8230;<\/p>\n","protected":false},"author":1,"featured_media":0,"comment_status":"open","ping_status":"closed","sticky":false,"template":"","format":"standard","meta":{"footnotes":""},"categories":[78],"tags":[],"class_list":["post-187764","post","type-post","status-publish","format-standard","hentry","category-nacional"],"yoast_head":"<!-- This site is optimized with the Yoast SEO plugin v26.5 - https:\/\/yoast.com\/wordpress\/plugins\/seo\/ -->\n<title>Impulsa Gobierno del Estado vivienda digna en Guanajuato - NOTICIAS<\/title>\n<meta name=\"robots\" content=\"index, follow, max-snippet:-1, max-image-preview:large, max-video-preview:-1\" \/>\n<link rel=\"canonical\" href=\"https:\/\/laredsocial-noticias.com\/wp\/impulsa-gobierno-del-estado-vivienda-digna-en-guanajuato\/\" \/>\n<meta property=\"og:locale\" content=\"es_ES\" \/>\n<meta property=\"og:type\" content=\"article\" \/>\n<meta property=\"og:title\" content=\"Impulsa Gobierno del Estado vivienda digna en Guanajuato - NOTICIAS\" \/>\n<meta property=\"og:description\" content=\"El Gobernador del Estado, Diego Sinhue Rodr\u00edguez Vallejo, garantiz\u00f3 suficiencia presupuestal para el subsidio de vivienda en Guanajuato, as\u00ed lo...\" \/>\n<meta property=\"og:url\" content=\"https:\/\/laredsocial-noticias.com\/wp\/impulsa-gobierno-del-estado-vivienda-digna-en-guanajuato\/\" \/>\n<meta property=\"og:site_name\" content=\"NOTICIAS\" \/>\n<meta property=\"article:published_time\" content=\"2023-01-19T19:25:12+00:00\" \/>\n<meta property=\"article:modified_time\" content=\"2023-01-19T19:28:45+00:00\" \/>\n<meta name=\"author\" content=\"Editor en Jefe\" \/>\n<meta name=\"twitter:card\" content=\"summary_large_image\" \/>\n<meta name=\"twitter:label1\" content=\"Escrito por\" \/>\n\t<meta name=\"twitter:data1\" content=\"Editor en Jefe\" \/>\n\t<meta name=\"twitter:label2\" content=\"Tiempo de lectura\" \/>\n\t<meta name=\"twitter:data2\" content=\"3 minutos\" \/>\n<!-- \/ Yoast SEO plugin. -->","yoast_head_json":{"title":"Impulsa Gobierno del Estado vivienda digna en Guanajuato - NOTICIAS","robots":{"index":"index","follow":"follow","max-snippet":"max-snippet:-1","max-image-preview":"max-image-preview:large","max-video-preview":"max-video-preview:-1"},"canonical":"https:\/\/laredsocial-noticias.com\/wp\/impulsa-gobierno-del-estado-vivienda-digna-en-guanajuato\/","og_locale":"es_ES","og_type":"article","og_title":"Impulsa Gobierno del Estado vivienda digna en Guanajuato - NOTICIAS","og_description":"El Gobernador del Estado, Diego Sinhue Rodr\u00edguez Vallejo, garantiz\u00f3 suficiencia presupuestal para el subsidio de vivienda en Guanajuato, as\u00ed lo...","og_url":"https:\/\/laredsocial-noticias.com\/wp\/impulsa-gobierno-del-estado-vivienda-digna-en-guanajuato\/","og_site_name":"NOTICIAS","article_published_time":"2023-01-19T19:25:12+00:00","article_modified_time":"2023-01-19T19:28:45+00:00","author":"Editor en Jefe","twitter_card":"summary_large_image","twitter_misc":{"Escrito por":"Editor en Jefe","Tiempo de lectura":"3 minutos"},"schema":{"@context":"https:\/\/schema.org","@graph":[{"@type":"WebPage","@id":"https:\/\/laredsocial-noticias.com\/wp\/impulsa-gobierno-del-estado-vivienda-digna-en-guanajuato\/","url":"https:\/\/laredsocial-noticias.com\/wp\/impulsa-gobierno-del-estado-vivienda-digna-en-guanajuato\/","name":"Impulsa Gobierno del Estado vivienda digna en Guanajuato - NOTICIAS","isPartOf":{"@id":"https:\/\/laredsocial-noticias.com\/wp\/#website"},"datePublished":"2023-01-19T19:25:12+00:00","dateModified":"2023-01-19T19:28:45+00:00","author":{"@id":"https:\/\/laredsocial-noticias.com\/wp\/#\/schema\/person\/0ce78643f2de7aae6f6ef10e8453a6e0"},"breadcrumb":{"@id":"https:\/\/laredsocial-noticias.com\/wp\/impulsa-gobierno-del-estado-vivienda-digna-en-guanajuato\/#breadcrumb"},"inLanguage":"es","potentialAction":[{"@type":"ReadAction","target":["https:\/\/laredsocial-noticias.com\/wp\/impulsa-gobierno-del-estado-vivienda-digna-en-guanajuato\/"]}]},{"@type":"BreadcrumbList","@id":"https:\/\/laredsocial-noticias.com\/wp\/impulsa-gobierno-del-estado-vivienda-digna-en-guanajuato\/#breadcrumb","itemListElement":[{"@type":"ListItem","position":1,"name":"Portada","item":"https:\/\/laredsocial-noticias.com\/wp\/"},{"@type":"ListItem","position":2,"name":"Impulsa Gobierno del Estado vivienda digna en Guanajuato"}]},{"@type":"WebSite","@id":"https:\/\/laredsocial-noticias.com\/wp\/#website","url":"https:\/\/laredsocial-noticias.com\/wp\/","name":"NOTICIAS","description":"Lo que se ve y se dice en las redes sociales","potentialAction":[{"@type":"SearchAction","target":{"@type":"EntryPoint","urlTemplate":"https:\/\/laredsocial-noticias.com\/wp\/?s={search_term_string}"},"query-input":{"@type":"PropertyValueSpecification","valueRequired":true,"valueName":"search_term_string"}}],"inLanguage":"es"},{"@type":"Person","@id":"https:\/\/laredsocial-noticias.com\/wp\/#\/schema\/person\/0ce78643f2de7aae6f6ef10e8453a6e0","name":"Editor en Jefe","url":"https:\/\/laredsocial-noticias.com\/wp\/author\/jorgeochoa\/"}]}},"_links":{"self":[{"href":"https:\/\/laredsocial-noticias.com\/wp\/wp-json\/wp\/v2\/posts\/187764","targetHints":{"allow":["GET"]}}],"collection":[{"href":"https:\/\/laredsocial-noticias.com\/wp\/wp-json\/wp\/v2\/posts"}],"about":[{"href":"https:\/\/laredsocial-noticias.com\/wp\/wp-json\/wp\/v2\/types\/post"}],"author":[{"embeddable":true,"href":"https:\/\/laredsocial-noticias.com\/wp\/wp-json\/wp\/v2\/users\/1"}],"replies":[{"embeddable":true,"href":"https:\/\/laredsocial-noticias.com\/wp\/wp-json\/wp\/v2\/comments?post=187764"}],"version-history":[{"count":1,"href":"https:\/\/laredsocial-noticias.com\/wp\/wp-json\/wp\/v2\/posts\/187764\/revisions"}],"predecessor-version":[{"id":187765,"href":"https:\/\/laredsocial-noticias.com\/wp\/wp-json\/wp\/v2\/posts\/187764\/revisions\/187765"}],"wp:attachment":[{"href":"https:\/\/laredsocial-noticias.com\/wp\/wp-json\/wp\/v2\/media?parent=187764"}],"wp:term":[{"taxonomy":"category","embeddable":true,"href":"https:\/\/laredsocial-noticias.com\/wp\/wp-json\/wp\/v2\/categories?post=187764"},{"taxonomy":"post_tag","embeddable":true,"href":"https:\/\/laredsocial-noticias.com\/wp\/wp-json\/wp\/v2\/tags?post=187764"}],"curies":[{"name":"wp","href":"https:\/\/api.w.org\/{rel}","templated":true}]}}