{"id":189121,"date":"2023-02-08T18:20:59","date_gmt":"2023-02-09T00:20:59","guid":{"rendered":"https:\/\/laredsocial-noticias.com\/wp\/?p=189121"},"modified":"2023-02-08T16:35:14","modified_gmt":"2023-02-08T22:35:14","slug":"desde-prision-roberto-sandoval-se-defiende-ante-acusaciones-de-veytia","status":"publish","type":"post","link":"https:\/\/laredsocial-noticias.com\/wp\/desde-prision-roberto-sandoval-se-defiende-ante-acusaciones-de-veytia\/","title":{"rendered":"Desde prisi\u00f3n, Roberto Sandoval se defiende ante acusaciones de Veytia"},"content":{"rendered":"<p>Desde el Centro Federal de Readaptaci\u00f3n Social (Cefereso) \u2018El Rinc\u00f3n\u2019, en Tepic, Nayarit, el exgobernador Roberto Sandoval, rechaz\u00f3 las acusaciones que realiz\u00f3 el exfiscal\u00a0\u00c9dgar Veytia durante el juicio contra Genaro Garc\u00eda Luna.<\/p>\n<p>Su esposa Ana Lilia L\u00f3pez dio a conocer la respuesta del exmandatario, despu\u00e9s de que Veytia lo acusara de haber recibido dinero del narcotr\u00e1fico para financiar su campa\u00f1a en 2011.<\/p>\n<blockquote class=\"wp-block-quote\"><p>\u201cContundentemente rechazo que mi campa\u00f1a o mi persona haya tenido relaci\u00f3n con grupos del narcotr\u00e1fico\u201d, dijo.<\/p><\/blockquote>\n<p>Seg\u00fan el testimonio del exfiscal de Nayarit, durante una reuni\u00f3n en la Ciudad de M\u00e9xico recibi\u00f3 la indicaci\u00f3n de apoyar al C\u00e1rtel de Sinaloa, cuando supuestamente Sandoval recib\u00eda dinero de los Beltr\u00e1n Leyva.<\/p>\n<p>Ante ello, el exgobernador neg\u00f3 que durante su campa\u00f1a se manejara dinero del narcotr\u00e1fico, adem\u00e1s de insistir en que no tiene relaci\u00f3n alguna con la delincuencia.<\/p>\n<div class=\"wp-block-dnp-circular  dnp-circular-news\">\n<div class=\"dnp-circular-container\">\n<div id=\"media\"><\/div>\n<\/div>\n<\/div>\n<blockquote class=\"wp-block-quote\"><p>\u201cDespu\u00e9s de cinco a\u00f1os de investigaci\u00f3n profunda, la Fiscal\u00eda General de la Rep\u00fablica (FGR), basada en el an\u00e1lisis de la funci\u00f3n p\u00fablica, determin\u00f3 que en mi caso no hay indicios de enriquecimiento il\u00edcito ni peculado\u201d, indic\u00f3.<\/p><\/blockquote>\n<p>Insisti\u00f3 en que se ha avanzado en la defensa de su caso, lo cual dijo se ve reflejado en la inocencia de su hija Lidy Alejandra y en la liberaci\u00f3n de sus cuentas bancarias.<\/p>\n<p>Finalmente, Roberto Sandoval reiter\u00f3 que es inocente y conf\u00eda en el proceso legal que enfrenta: \u201cme mantiene fuerte la verdad y la realidad de los hechos\u201d, a\u00f1adi\u00f3.<\/p>\n","protected":false},"excerpt":{"rendered":"<p>Desde el Centro Federal de Readaptaci\u00f3n Social (Cefereso) \u2018El Rinc\u00f3n\u2019, en Tepic, Nayarit, el exgobernador Roberto Sandoval, rechaz\u00f3 las acusaciones&#8230;<\/p>\n","protected":false},"author":1,"featured_media":0,"comment_status":"open","ping_status":"closed","sticky":false,"template":"","format":"standard","meta":{"footnotes":""},"categories":[78,6026],"tags":[4959,77],"class_list":["post-189121","post","type-post","status-publish","format-standard","hentry","category-nacional","category-portada","tag-featured","tag-principal"],"yoast_head":"<!-- This site is optimized with the Yoast SEO plugin v26.5 - https:\/\/yoast.com\/wordpress\/plugins\/seo\/ -->\n<title>Desde prisi\u00f3n, Roberto Sandoval se defiende ante acusaciones de Veytia - NOTICIAS<\/title>\n<meta name=\"robots\" content=\"index, follow, max-snippet:-1, max-image-preview:large, max-video-preview:-1\" \/>\n<link rel=\"canonical\" href=\"https:\/\/laredsocial-noticias.com\/wp\/desde-prision-roberto-sandoval-se-defiende-ante-acusaciones-de-veytia\/\" \/>\n<meta property=\"og:locale\" content=\"es_ES\" \/>\n<meta property=\"og:type\" content=\"article\" \/>\n<meta property=\"og:title\" content=\"Desde prisi\u00f3n, Roberto Sandoval se defiende ante acusaciones de Veytia - NOTICIAS\" \/>\n<meta property=\"og:description\" content=\"Desde el Centro Federal de Readaptaci\u00f3n Social (Cefereso) \u2018El Rinc\u00f3n\u2019, en Tepic, Nayarit, el exgobernador Roberto Sandoval, rechaz\u00f3 las acusaciones...\" \/>\n<meta property=\"og:url\" content=\"https:\/\/laredsocial-noticias.com\/wp\/desde-prision-roberto-sandoval-se-defiende-ante-acusaciones-de-veytia\/\" \/>\n<meta property=\"og:site_name\" content=\"NOTICIAS\" \/>\n<meta property=\"article:published_time\" content=\"2023-02-09T00:20:59+00:00\" \/>\n<meta property=\"og:image\" content=\"https:\/\/laredsocial-noticias.com\/wp\/wp-content\/uploads\/2023\/02\/Roberto-Sandoval-acusaciones-Veytia.jpg\" \/>\n\t<meta property=\"og:image:width\" content=\"1280\" \/>\n\t<meta property=\"og:image:height\" content=\"720\" \/>\n\t<meta property=\"og:image:type\" content=\"image\/jpeg\" \/>\n<meta name=\"author\" content=\"Editor en Jefe\" \/>\n<meta name=\"twitter:card\" content=\"summary_large_image\" \/>\n<meta name=\"twitter:label1\" content=\"Escrito por\" \/>\n\t<meta name=\"twitter:data1\" content=\"Editor en Jefe\" \/>\n\t<meta name=\"twitter:label2\" content=\"Tiempo de lectura\" \/>\n\t<meta name=\"twitter:data2\" content=\"1 minuto\" \/>\n<!-- \/ Yoast SEO plugin. -->","yoast_head_json":{"title":"Desde prisi\u00f3n, Roberto Sandoval se defiende ante acusaciones de Veytia - NOTICIAS","robots":{"index":"index","follow":"follow","max-snippet":"max-snippet:-1","max-image-preview":"max-image-preview:large","max-video-preview":"max-video-preview:-1"},"canonical":"https:\/\/laredsocial-noticias.com\/wp\/desde-prision-roberto-sandoval-se-defiende-ante-acusaciones-de-veytia\/","og_locale":"es_ES","og_type":"article","og_title":"Desde prisi\u00f3n, Roberto Sandoval se defiende ante acusaciones de Veytia - NOTICIAS","og_description":"Desde el Centro Federal de Readaptaci\u00f3n Social (Cefereso) \u2018El Rinc\u00f3n\u2019, en Tepic, Nayarit, el exgobernador Roberto Sandoval, rechaz\u00f3 las acusaciones...","og_url":"https:\/\/laredsocial-noticias.com\/wp\/desde-prision-roberto-sandoval-se-defiende-ante-acusaciones-de-veytia\/","og_site_name":"NOTICIAS","article_published_time":"2023-02-09T00:20:59+00:00","og_image":[{"width":1280,"height":720,"url":"https:\/\/laredsocial-noticias.com\/wp\/wp-content\/uploads\/2023\/02\/Roberto-Sandoval-acusaciones-Veytia.jpg","type":"image\/jpeg"}],"author":"Editor en Jefe","twitter_card":"summary_large_image","twitter_misc":{"Escrito por":"Editor en Jefe","Tiempo de lectura":"1 minuto"},"schema":{"@context":"https:\/\/schema.org","@graph":[{"@type":"WebPage","@id":"https:\/\/laredsocial-noticias.com\/wp\/desde-prision-roberto-sandoval-se-defiende-ante-acusaciones-de-veytia\/","url":"https:\/\/laredsocial-noticias.com\/wp\/desde-prision-roberto-sandoval-se-defiende-ante-acusaciones-de-veytia\/","name":"Desde prisi\u00f3n, Roberto Sandoval se defiende ante acusaciones de Veytia - NOTICIAS","isPartOf":{"@id":"https:\/\/laredsocial-noticias.com\/wp\/#website"},"datePublished":"2023-02-09T00:20:59+00:00","author":{"@id":"https:\/\/laredsocial-noticias.com\/wp\/#\/schema\/person\/0ce78643f2de7aae6f6ef10e8453a6e0"},"breadcrumb":{"@id":"https:\/\/laredsocial-noticias.com\/wp\/desde-prision-roberto-sandoval-se-defiende-ante-acusaciones-de-veytia\/#breadcrumb"},"inLanguage":"es","potentialAction":[{"@type":"ReadAction","target":["https:\/\/laredsocial-noticias.com\/wp\/desde-prision-roberto-sandoval-se-defiende-ante-acusaciones-de-veytia\/"]}]},{"@type":"BreadcrumbList","@id":"https:\/\/laredsocial-noticias.com\/wp\/desde-prision-roberto-sandoval-se-defiende-ante-acusaciones-de-veytia\/#breadcrumb","itemListElement":[{"@type":"ListItem","position":1,"name":"Portada","item":"https:\/\/laredsocial-noticias.com\/wp\/"},{"@type":"ListItem","position":2,"name":"Desde prisi\u00f3n, Roberto Sandoval se defiende ante acusaciones de Veytia"}]},{"@type":"WebSite","@id":"https:\/\/laredsocial-noticias.com\/wp\/#website","url":"https:\/\/laredsocial-noticias.com\/wp\/","name":"NOTICIAS","description":"Lo que se ve y se dice en las redes sociales","potentialAction":[{"@type":"SearchAction","target":{"@type":"EntryPoint","urlTemplate":"https:\/\/laredsocial-noticias.com\/wp\/?s={search_term_string}"},"query-input":{"@type":"PropertyValueSpecification","valueRequired":true,"valueName":"search_term_string"}}],"inLanguage":"es"},{"@type":"Person","@id":"https:\/\/laredsocial-noticias.com\/wp\/#\/schema\/person\/0ce78643f2de7aae6f6ef10e8453a6e0","name":"Editor en Jefe","url":"https:\/\/laredsocial-noticias.com\/wp\/author\/jorgeochoa\/"}]}},"_links":{"self":[{"href":"https:\/\/laredsocial-noticias.com\/wp\/wp-json\/wp\/v2\/posts\/189121","targetHints":{"allow":["GET"]}}],"collection":[{"href":"https:\/\/laredsocial-noticias.com\/wp\/wp-json\/wp\/v2\/posts"}],"about":[{"href":"https:\/\/laredsocial-noticias.com\/wp\/wp-json\/wp\/v2\/types\/post"}],"author":[{"embeddable":true,"href":"https:\/\/laredsocial-noticias.com\/wp\/wp-json\/wp\/v2\/users\/1"}],"replies":[{"embeddable":true,"href":"https:\/\/laredsocial-noticias.com\/wp\/wp-json\/wp\/v2\/comments?post=189121"}],"version-history":[{"count":1,"href":"https:\/\/laredsocial-noticias.com\/wp\/wp-json\/wp\/v2\/posts\/189121\/revisions"}],"predecessor-version":[{"id":189122,"href":"https:\/\/laredsocial-noticias.com\/wp\/wp-json\/wp\/v2\/posts\/189121\/revisions\/189122"}],"wp:attachment":[{"href":"https:\/\/laredsocial-noticias.com\/wp\/wp-json\/wp\/v2\/media?parent=189121"}],"wp:term":[{"taxonomy":"category","embeddable":true,"href":"https:\/\/laredsocial-noticias.com\/wp\/wp-json\/wp\/v2\/categories?post=189121"},{"taxonomy":"post_tag","embeddable":true,"href":"https:\/\/laredsocial-noticias.com\/wp\/wp-json\/wp\/v2\/tags?post=189121"}],"curies":[{"name":"wp","href":"https:\/\/api.w.org\/{rel}","templated":true}]}}