{"id":18920,"date":"2016-07-22T11:47:46","date_gmt":"2016-07-22T16:47:46","guid":{"rendered":"http:\/\/laredsocial-noticias.com\/wp\/?p=18920"},"modified":"2016-07-22T11:39:41","modified_gmt":"2016-07-22T16:39:41","slug":"barajas-toma-cartas-contra-3-gobernadores","status":"publish","type":"post","link":"https:\/\/laredsocial-noticias.com\/wp\/barajas-toma-cartas-contra-3-gobernadores\/","title":{"rendered":"Barajas toma \u2018cartas\u2019 contra 3 gobernadores"},"content":{"rendered":"<p><strong>CIUDAD DE M\u00c9XICO, 22 de julio, (MENSAJE POL\u00cdTICO \/ C\u00cdRCULO DIGITAL).-\u00a0<\/strong>Luego de que el\u00a0consejero nacional del PRI,<strong>\u00a0Armando Barajas,<\/strong> pidi\u00f3 al presidente de la Comisi\u00f3n Nacional de Justicia Partidaria, Fernando El\u00edas Calles, iniciar un procedimiento con miras a la expulsi\u00f3n de C\u00e9sar Duarte, Roberto Borge y Javier Duarte, hoy, se\u00f1al\u00f3\u00a0que el \u201cTricolor\u201d\u00a0debe hacer valer el principio de justicia social, traducido en la transparencia y rendici\u00f3n de cuentas.<\/p>\n<p><strong>\u201cSe deben de ir todos los funcionarios p\u00fablicos que emanan de nuestro instituto pol\u00edtico y que tienen conductas contrarias a los documentos b\u00e1sicos en nuestro partido, ese es el motivo del cual nos da a nosotros la inquietud de presentar esta denuncia en contra de estos tres personajes\u201d.<\/strong><\/p>\n<p>En entrevista par Radio F\u00f3rmula Barajas Ruiz, precis\u00f3 que\u00a0gobernador veracruzano, Javier Duarte, \u00a0tiene 26\u00a0averiguaciones en su contra\u00a0por denuncias presentadas por la Auditor\u00eda Superior de la Federaci\u00f3n ante el Ministerio P\u00fablico Federal ante la Procuradur\u00eda General de la Rep\u00fablica.<\/p>\n<p>Adem\u00e1s de 32 denuncias que el\u00a0Sistema de Administraci\u00f3n Tributaria present\u00f3 ante la PGR por contratos que celebraron dependencias de la administraci\u00f3n estatal con empresas \u2018 fantasmas\u2019.<\/p>\n<p>El jueves, Armando Barajas present\u00f3 un\u00a0escrito solicitando la\u00a0\u201csuspensi\u00f3n temporal\u201d de los derechos partidarios de los actuales gobernadores de Veracruz, Javier Duarte de Ochoa; de Chihuahua, C\u00e9sar Duarte J\u00e1quez, y de Quintana Roo, Roberto Borge Angulo, se\u00f1alando\u00a0presuntas irregularidades cometidas por los tres mandatarios, todas ellas\u00a0<strong>relacionadas con el uso de recursos p\u00fablicos.<\/strong><\/p>\n<p>Respecto a C\u00e9sar Duarte J\u00e1quez, el documento expone que tiene 17 denuncias en su contra por irregularidades detectadas por la Auditor\u00eda Superior de la Federaci\u00f3n, lo cual constituye un hecho p\u00fablico notorio, \u201cas\u00ed como el impacto negativo que ello tuvo en las campa\u00f1as\u201d.<\/p>\n<p>De Borge Angulo mencion\u00f3 que el Congreso de la Uni\u00f3n solicit\u00f3 a la Auditor\u00eda Superior investigar los recursos federales entregados en 2015 al gobierno de Quintana Roo, por m\u00e1s de 16 mil 700 millones de pesos, a trav\u00e9s de los ramos 28, 23 y 33.<\/p>\n<p>En su entrevista para el programa\u00a0\u201cF\u00f3rmula Detr\u00e1s de la Noticia\u201d, \u00a0el consejero explic\u00f3 que tras la denuncia que present\u00f3, <strong>la Comisi\u00f3n Nacional de Justicia Partidaria deber\u00e1 llamar a los tres gobernadores a una audiencia de ley para presentar pruebas y alegatos<\/strong>, y en caso de ser sancionados, deber\u00e1n ser expulsados del PRI, sentenci\u00f3.<\/p>\n","protected":false},"excerpt":{"rendered":"<p>CIUDAD DE M\u00c9XICO, 22 de julio, (MENSAJE POL\u00cdTICO \/ C\u00cdRCULO DIGITAL).-\u00a0Luego de que el\u00a0consejero nacional del PRI,\u00a0Armando Barajas, pidi\u00f3 al&#8230;<\/p>\n","protected":false},"author":1,"featured_media":0,"comment_status":"closed","ping_status":"closed","sticky":false,"template":"","format":"standard","meta":{"footnotes":""},"categories":[1796,73],"tags":[332,77],"class_list":["post-18920","post","type-post","status-publish","format-standard","hentry","category-circulodigital","category-principal","tag-mexico","tag-principal"],"yoast_head":"<!-- This site is optimized with the Yoast SEO plugin v26.5 - https:\/\/yoast.com\/wordpress\/plugins\/seo\/ -->\n<title>Barajas toma \u2018cartas\u2019 contra 3 gobernadores - NOTICIAS<\/title>\n<meta name=\"robots\" content=\"index, follow, max-snippet:-1, max-image-preview:large, max-video-preview:-1\" \/>\n<link rel=\"canonical\" href=\"https:\/\/laredsocial-noticias.com\/wp\/barajas-toma-cartas-contra-3-gobernadores\/\" \/>\n<meta property=\"og:locale\" content=\"es_ES\" \/>\n<meta property=\"og:type\" content=\"article\" \/>\n<meta property=\"og:title\" content=\"Barajas toma \u2018cartas\u2019 contra 3 gobernadores - NOTICIAS\" \/>\n<meta property=\"og:description\" content=\"CIUDAD DE M\u00c9XICO, 22 de julio, (MENSAJE POL\u00cdTICO \/ C\u00cdRCULO DIGITAL).-\u00a0Luego de que el\u00a0consejero nacional del PRI,\u00a0Armando Barajas, pidi\u00f3 al...\" \/>\n<meta property=\"og:url\" content=\"https:\/\/laredsocial-noticias.com\/wp\/barajas-toma-cartas-contra-3-gobernadores\/\" \/>\n<meta property=\"og:site_name\" content=\"NOTICIAS\" \/>\n<meta property=\"article:published_time\" content=\"2016-07-22T16:47:46+00:00\" \/>\n<meta name=\"author\" content=\"Editor en Jefe\" \/>\n<meta name=\"twitter:card\" content=\"summary_large_image\" \/>\n<meta name=\"twitter:label1\" content=\"Escrito por\" \/>\n\t<meta name=\"twitter:data1\" content=\"Editor en Jefe\" \/>\n\t<meta name=\"twitter:label2\" content=\"Tiempo de lectura\" \/>\n\t<meta name=\"twitter:data2\" content=\"2 minutos\" \/>\n<!-- \/ Yoast SEO plugin. -->","yoast_head_json":{"title":"Barajas toma \u2018cartas\u2019 contra 3 gobernadores - NOTICIAS","robots":{"index":"index","follow":"follow","max-snippet":"max-snippet:-1","max-image-preview":"max-image-preview:large","max-video-preview":"max-video-preview:-1"},"canonical":"https:\/\/laredsocial-noticias.com\/wp\/barajas-toma-cartas-contra-3-gobernadores\/","og_locale":"es_ES","og_type":"article","og_title":"Barajas toma \u2018cartas\u2019 contra 3 gobernadores - NOTICIAS","og_description":"CIUDAD DE M\u00c9XICO, 22 de julio, (MENSAJE POL\u00cdTICO \/ C\u00cdRCULO DIGITAL).-\u00a0Luego de que el\u00a0consejero nacional del PRI,\u00a0Armando Barajas, pidi\u00f3 al...","og_url":"https:\/\/laredsocial-noticias.com\/wp\/barajas-toma-cartas-contra-3-gobernadores\/","og_site_name":"NOTICIAS","article_published_time":"2016-07-22T16:47:46+00:00","author":"Editor en Jefe","twitter_card":"summary_large_image","twitter_misc":{"Escrito por":"Editor en Jefe","Tiempo de lectura":"2 minutos"},"schema":{"@context":"https:\/\/schema.org","@graph":[{"@type":"WebPage","@id":"https:\/\/laredsocial-noticias.com\/wp\/barajas-toma-cartas-contra-3-gobernadores\/","url":"https:\/\/laredsocial-noticias.com\/wp\/barajas-toma-cartas-contra-3-gobernadores\/","name":"Barajas toma \u2018cartas\u2019 contra 3 gobernadores - NOTICIAS","isPartOf":{"@id":"https:\/\/laredsocial-noticias.com\/wp\/#website"},"datePublished":"2016-07-22T16:47:46+00:00","author":{"@id":"https:\/\/laredsocial-noticias.com\/wp\/#\/schema\/person\/0ce78643f2de7aae6f6ef10e8453a6e0"},"breadcrumb":{"@id":"https:\/\/laredsocial-noticias.com\/wp\/barajas-toma-cartas-contra-3-gobernadores\/#breadcrumb"},"inLanguage":"es","potentialAction":[{"@type":"ReadAction","target":["https:\/\/laredsocial-noticias.com\/wp\/barajas-toma-cartas-contra-3-gobernadores\/"]}]},{"@type":"BreadcrumbList","@id":"https:\/\/laredsocial-noticias.com\/wp\/barajas-toma-cartas-contra-3-gobernadores\/#breadcrumb","itemListElement":[{"@type":"ListItem","position":1,"name":"Portada","item":"https:\/\/laredsocial-noticias.com\/wp\/"},{"@type":"ListItem","position":2,"name":"Barajas toma \u2018cartas\u2019 contra 3 gobernadores"}]},{"@type":"WebSite","@id":"https:\/\/laredsocial-noticias.com\/wp\/#website","url":"https:\/\/laredsocial-noticias.com\/wp\/","name":"NOTICIAS","description":"Lo que se ve y se dice en las redes sociales","potentialAction":[{"@type":"SearchAction","target":{"@type":"EntryPoint","urlTemplate":"https:\/\/laredsocial-noticias.com\/wp\/?s={search_term_string}"},"query-input":{"@type":"PropertyValueSpecification","valueRequired":true,"valueName":"search_term_string"}}],"inLanguage":"es"},{"@type":"Person","@id":"https:\/\/laredsocial-noticias.com\/wp\/#\/schema\/person\/0ce78643f2de7aae6f6ef10e8453a6e0","name":"Editor en Jefe","url":"https:\/\/laredsocial-noticias.com\/wp\/author\/jorgeochoa\/"}]}},"_links":{"self":[{"href":"https:\/\/laredsocial-noticias.com\/wp\/wp-json\/wp\/v2\/posts\/18920","targetHints":{"allow":["GET"]}}],"collection":[{"href":"https:\/\/laredsocial-noticias.com\/wp\/wp-json\/wp\/v2\/posts"}],"about":[{"href":"https:\/\/laredsocial-noticias.com\/wp\/wp-json\/wp\/v2\/types\/post"}],"author":[{"embeddable":true,"href":"https:\/\/laredsocial-noticias.com\/wp\/wp-json\/wp\/v2\/users\/1"}],"replies":[{"embeddable":true,"href":"https:\/\/laredsocial-noticias.com\/wp\/wp-json\/wp\/v2\/comments?post=18920"}],"version-history":[{"count":1,"href":"https:\/\/laredsocial-noticias.com\/wp\/wp-json\/wp\/v2\/posts\/18920\/revisions"}],"predecessor-version":[{"id":18921,"href":"https:\/\/laredsocial-noticias.com\/wp\/wp-json\/wp\/v2\/posts\/18920\/revisions\/18921"}],"wp:attachment":[{"href":"https:\/\/laredsocial-noticias.com\/wp\/wp-json\/wp\/v2\/media?parent=18920"}],"wp:term":[{"taxonomy":"category","embeddable":true,"href":"https:\/\/laredsocial-noticias.com\/wp\/wp-json\/wp\/v2\/categories?post=18920"},{"taxonomy":"post_tag","embeddable":true,"href":"https:\/\/laredsocial-noticias.com\/wp\/wp-json\/wp\/v2\/tags?post=18920"}],"curies":[{"name":"wp","href":"https:\/\/api.w.org\/{rel}","templated":true}]}}