{"id":189724,"date":"2023-02-17T15:10:45","date_gmt":"2023-02-17T21:10:45","guid":{"rendered":"https:\/\/laredsocial-noticias.com\/wp\/?p=189724"},"modified":"2023-02-17T15:32:30","modified_gmt":"2023-02-17T21:32:30","slug":"sigue-en-pie-gira-de-amlo-por-sudamerica","status":"publish","type":"post","link":"https:\/\/laredsocial-noticias.com\/wp\/sigue-en-pie-gira-de-amlo-por-sudamerica\/","title":{"rendered":"Sigue en pie gira de AMLO por Sudam\u00e9rica"},"content":{"rendered":"<p>El presidente de M\u00e9xico, Andr\u00e9s Manuel L\u00f3pez Obrador, confirm\u00f3 que se mantiene su plan de viajar a Sudam\u00e9rica en septiembre pr\u00f3ximo, con motivo del 50 aniversario del asesinato del presidente chileno Salvador Allende (1970-1973).<\/p>\n<blockquote class=\"wp-block-quote\"><p>\u201cTengo pensando hacer un viaje para Am\u00e9rica del Sur, para visitar algunos pa\u00edses, pero creo que va a ser muy cerca al 50 aniversario del asesinato del presidente Allende en Chile\u201d, inform\u00f3 L\u00f3pez Obrador.<\/p><\/blockquote>\n<p>Durante su conferencia matutina en Hermosillo, Sonora, L\u00f3pez Obrador adelant\u00f3 que esta gira podr\u00eda producirse en septiembre pr\u00f3ximo y explic\u00f3 que aprovechar\u00e1 para ir a otros pa\u00edses como Colombia, Argentina, Brasil y Chile, aunque evit\u00f3 dar mayores detalles.<\/p>\n<p>El mandatario mexicano record\u00f3 que, actualmente, tiene comunicaci\u00f3n con los presidentes Gustavo Petro, de Colombia; Alberto Fern\u00e1ndez, de Argentina; y Lula da Silva, de Brasil.<\/p>\n<div class=\"wp-block-dnp-circular  dnp-circular-news\">\n<div class=\"dnp-circular-container\">\n<div id=\"media\"><\/div>\n<\/div>\n<\/div>\n<p>\u201cEs probable que hable hoy con el presidente Lula sobre algunos asuntos que estamos tratando, sobre exportaci\u00f3n e importaci\u00f3n de alimentos, lo que tiene que ver con enfrentar de manera conjunta el problema inflacionario\u201d, revel\u00f3.<\/p>\n<p>Esta ser\u00eda la primera vez que L\u00f3pez Obrador visite Sudam\u00e9rica como mandatario, pues desde su llegada al poder solo ha ido en cuatro ocasiones a Washington, Estados Unidos, mientras que en 2022 realiz\u00f3 una gira breve para visitar de manera oficial Guatemala, El Salvador, Belice y La Habana, Cuba.<\/p>\n","protected":false},"excerpt":{"rendered":"<p>El presidente de M\u00e9xico, Andr\u00e9s Manuel L\u00f3pez Obrador, confirm\u00f3 que se mantiene su plan de viajar a Sudam\u00e9rica en septiembre&#8230;<\/p>\n","protected":false},"author":1,"featured_media":0,"comment_status":"open","ping_status":"closed","sticky":false,"template":"","format":"standard","meta":{"footnotes":""},"categories":[78,6026],"tags":[4959,77],"class_list":["post-189724","post","type-post","status-publish","format-standard","hentry","category-nacional","category-portada","tag-featured","tag-principal"],"yoast_head":"<!-- This site is optimized with the Yoast SEO plugin v26.5 - https:\/\/yoast.com\/wordpress\/plugins\/seo\/ -->\n<title>Sigue en pie gira de AMLO por Sudam\u00e9rica - NOTICIAS<\/title>\n<meta name=\"robots\" content=\"index, follow, max-snippet:-1, max-image-preview:large, max-video-preview:-1\" \/>\n<link rel=\"canonical\" href=\"https:\/\/laredsocial-noticias.com\/wp\/sigue-en-pie-gira-de-amlo-por-sudamerica\/\" \/>\n<meta property=\"og:locale\" content=\"es_ES\" \/>\n<meta property=\"og:type\" content=\"article\" \/>\n<meta property=\"og:title\" content=\"Sigue en pie gira de AMLO por Sudam\u00e9rica - NOTICIAS\" \/>\n<meta property=\"og:description\" content=\"El presidente de M\u00e9xico, Andr\u00e9s Manuel L\u00f3pez Obrador, confirm\u00f3 que se mantiene su plan de viajar a Sudam\u00e9rica en septiembre...\" \/>\n<meta property=\"og:url\" content=\"https:\/\/laredsocial-noticias.com\/wp\/sigue-en-pie-gira-de-amlo-por-sudamerica\/\" \/>\n<meta property=\"og:site_name\" content=\"NOTICIAS\" \/>\n<meta property=\"article:published_time\" content=\"2023-02-17T21:10:45+00:00\" \/>\n<meta property=\"article:modified_time\" content=\"2023-02-17T21:32:30+00:00\" \/>\n<meta name=\"author\" content=\"Editor en Jefe\" \/>\n<meta name=\"twitter:card\" content=\"summary_large_image\" \/>\n<meta name=\"twitter:label1\" content=\"Escrito por\" \/>\n\t<meta name=\"twitter:data1\" content=\"Editor en Jefe\" \/>\n\t<meta name=\"twitter:label2\" content=\"Tiempo de lectura\" \/>\n\t<meta name=\"twitter:data2\" content=\"1 minuto\" \/>\n<!-- \/ Yoast SEO plugin. -->","yoast_head_json":{"title":"Sigue en pie gira de AMLO por Sudam\u00e9rica - NOTICIAS","robots":{"index":"index","follow":"follow","max-snippet":"max-snippet:-1","max-image-preview":"max-image-preview:large","max-video-preview":"max-video-preview:-1"},"canonical":"https:\/\/laredsocial-noticias.com\/wp\/sigue-en-pie-gira-de-amlo-por-sudamerica\/","og_locale":"es_ES","og_type":"article","og_title":"Sigue en pie gira de AMLO por Sudam\u00e9rica - NOTICIAS","og_description":"El presidente de M\u00e9xico, Andr\u00e9s Manuel L\u00f3pez Obrador, confirm\u00f3 que se mantiene su plan de viajar a Sudam\u00e9rica en septiembre...","og_url":"https:\/\/laredsocial-noticias.com\/wp\/sigue-en-pie-gira-de-amlo-por-sudamerica\/","og_site_name":"NOTICIAS","article_published_time":"2023-02-17T21:10:45+00:00","article_modified_time":"2023-02-17T21:32:30+00:00","author":"Editor en Jefe","twitter_card":"summary_large_image","twitter_misc":{"Escrito por":"Editor en Jefe","Tiempo de lectura":"1 minuto"},"schema":{"@context":"https:\/\/schema.org","@graph":[{"@type":"WebPage","@id":"https:\/\/laredsocial-noticias.com\/wp\/sigue-en-pie-gira-de-amlo-por-sudamerica\/","url":"https:\/\/laredsocial-noticias.com\/wp\/sigue-en-pie-gira-de-amlo-por-sudamerica\/","name":"Sigue en pie gira de AMLO por Sudam\u00e9rica - NOTICIAS","isPartOf":{"@id":"https:\/\/laredsocial-noticias.com\/wp\/#website"},"datePublished":"2023-02-17T21:10:45+00:00","dateModified":"2023-02-17T21:32:30+00:00","author":{"@id":"https:\/\/laredsocial-noticias.com\/wp\/#\/schema\/person\/0ce78643f2de7aae6f6ef10e8453a6e0"},"breadcrumb":{"@id":"https:\/\/laredsocial-noticias.com\/wp\/sigue-en-pie-gira-de-amlo-por-sudamerica\/#breadcrumb"},"inLanguage":"es","potentialAction":[{"@type":"ReadAction","target":["https:\/\/laredsocial-noticias.com\/wp\/sigue-en-pie-gira-de-amlo-por-sudamerica\/"]}]},{"@type":"BreadcrumbList","@id":"https:\/\/laredsocial-noticias.com\/wp\/sigue-en-pie-gira-de-amlo-por-sudamerica\/#breadcrumb","itemListElement":[{"@type":"ListItem","position":1,"name":"Portada","item":"https:\/\/laredsocial-noticias.com\/wp\/"},{"@type":"ListItem","position":2,"name":"Sigue en pie gira de AMLO por Sudam\u00e9rica"}]},{"@type":"WebSite","@id":"https:\/\/laredsocial-noticias.com\/wp\/#website","url":"https:\/\/laredsocial-noticias.com\/wp\/","name":"NOTICIAS","description":"Lo que se ve y se dice en las redes sociales","potentialAction":[{"@type":"SearchAction","target":{"@type":"EntryPoint","urlTemplate":"https:\/\/laredsocial-noticias.com\/wp\/?s={search_term_string}"},"query-input":{"@type":"PropertyValueSpecification","valueRequired":true,"valueName":"search_term_string"}}],"inLanguage":"es"},{"@type":"Person","@id":"https:\/\/laredsocial-noticias.com\/wp\/#\/schema\/person\/0ce78643f2de7aae6f6ef10e8453a6e0","name":"Editor en Jefe","url":"https:\/\/laredsocial-noticias.com\/wp\/author\/jorgeochoa\/"}]}},"_links":{"self":[{"href":"https:\/\/laredsocial-noticias.com\/wp\/wp-json\/wp\/v2\/posts\/189724","targetHints":{"allow":["GET"]}}],"collection":[{"href":"https:\/\/laredsocial-noticias.com\/wp\/wp-json\/wp\/v2\/posts"}],"about":[{"href":"https:\/\/laredsocial-noticias.com\/wp\/wp-json\/wp\/v2\/types\/post"}],"author":[{"embeddable":true,"href":"https:\/\/laredsocial-noticias.com\/wp\/wp-json\/wp\/v2\/users\/1"}],"replies":[{"embeddable":true,"href":"https:\/\/laredsocial-noticias.com\/wp\/wp-json\/wp\/v2\/comments?post=189724"}],"version-history":[{"count":1,"href":"https:\/\/laredsocial-noticias.com\/wp\/wp-json\/wp\/v2\/posts\/189724\/revisions"}],"predecessor-version":[{"id":189725,"href":"https:\/\/laredsocial-noticias.com\/wp\/wp-json\/wp\/v2\/posts\/189724\/revisions\/189725"}],"wp:attachment":[{"href":"https:\/\/laredsocial-noticias.com\/wp\/wp-json\/wp\/v2\/media?parent=189724"}],"wp:term":[{"taxonomy":"category","embeddable":true,"href":"https:\/\/laredsocial-noticias.com\/wp\/wp-json\/wp\/v2\/categories?post=189724"},{"taxonomy":"post_tag","embeddable":true,"href":"https:\/\/laredsocial-noticias.com\/wp\/wp-json\/wp\/v2\/tags?post=189724"}],"curies":[{"name":"wp","href":"https:\/\/api.w.org\/{rel}","templated":true}]}}