{"id":189861,"date":"2023-02-20T12:00:30","date_gmt":"2023-02-20T18:00:30","guid":{"rendered":"https:\/\/laredsocial-noticias.com\/wp\/?p=189861"},"modified":"2023-02-20T09:32:22","modified_gmt":"2023-02-20T15:32:22","slug":"por-programas-de-bienestar-la-gente-tiene-para-lo-basico-y-un-poco-mas-amlo","status":"publish","type":"post","link":"https:\/\/laredsocial-noticias.com\/wp\/por-programas-de-bienestar-la-gente-tiene-para-lo-basico-y-un-poco-mas-amlo\/","title":{"rendered":"Por programas de Bienestar \u201cla gente tiene para lo b\u00e1sico y un poco m\u00e1s\u201d: AMLO"},"content":{"rendered":"<p>El presidente Andr\u00e9s Manuel L\u00f3pez Obrador\u00a0asisti\u00f3 al estado de\u00a0Sonora\u00a0este domingo, para supervisar los avances en la construcci\u00f3n de un acueducto que suministrar\u00e1 de agua a los pueblos yaquis, y afirm\u00f3 que gracias a los programas para el Bienestar \u201cla gente tiene para lo b\u00e1sico y a veces para m\u00e1s\u201d.<\/p>\n<p>Durante el evento, que se llev\u00f3 a cabo en el municipio de Cajeme, el mandatario federal neg\u00f3 que exista una crisis de consumo actualmente y asegur\u00f3 que en su gobierno no habr\u00e1 obras inconclusas, por lo que dijo que los corruptos no regresar\u00e1n al gobierno \u201caunque est\u00e9n haci\u00e9ndose ilusiones\u201d.<\/p>\n<p>Asimismo, asever\u00f3 que se est\u00e1 iniciando una etapa nueva en la que se \u201cest\u00e1 haciendo justicia\u201d y se\u00f1al\u00f3 que se est\u00e1 haciendo con el pueblo yaqui, y \u201ccon todos los pobres de M\u00e9xico\u201d, \u201ccon la gente m\u00e1s necesitada\u201d.<\/p>\n<blockquote class=\"wp-block-quote\"><p>\u201cEstamos trabajando para que mejoren las condiciones de vida, de trabajo, para que podamos sacar a millones de mexicanos de la pobreza y estamos destinando el presupuesto p\u00fablico a ese prop\u00f3sito. Antes el presupuesto p\u00fablico se lo robaban, quedaba en unas cuantas manos. Ahora el presupuesto se distribuye con justicia\u201d, afirm\u00f3.<\/p><\/blockquote>\n<p>De igual manera, asegur\u00f3 que actualmente est\u00e1n recibiendo alg\u00fan apoyo del presupuesto p\u00fablico\u00a025 millones de familias\u00a0en el pa\u00eds, de 35 millones de familias que se estima que existen en\u00a0M\u00e9xico, mientras que otros 5 millones de mexicanos reciben un apoyo indirecto del presupuesto p\u00fablico, al ser m\u00e9dicos, maestros y funcionarios p\u00fablicos.<\/p>\n<p>Finalmente, agreg\u00f3 que al beneficiarse \u201clos de abajo\u201d tambi\u00e9n se benefician \u201clos de arriba\u201d, pues cuando las personas tienen la solvencia para cubrir sus necesidades b\u00e1sicas el comercio y la industria se ven beneficiados.<\/p>\n<p>Reiter\u00f3 que \u201cno existe una crisis de consumo, la gente tiene para lo b\u00e1sico y a veces un poco m\u00e1s\u201d, al verse beneficiados con los programas del Bienestar, entre los que destacan las pensiones para los adultos mayores, las becas escolares, pensiones a discapacitados y apoyo a los j\u00f3venes, entre otros.<\/p>\n","protected":false},"excerpt":{"rendered":"<p>El presidente Andr\u00e9s Manuel L\u00f3pez Obrador\u00a0asisti\u00f3 al estado de\u00a0Sonora\u00a0este domingo, para supervisar los avances en la construcci\u00f3n de un acueducto&#8230;<\/p>\n","protected":false},"author":1,"featured_media":0,"comment_status":"open","ping_status":"closed","sticky":false,"template":"","format":"standard","meta":{"footnotes":""},"categories":[78,6026],"tags":[4959,77],"class_list":["post-189861","post","type-post","status-publish","format-standard","hentry","category-nacional","category-portada","tag-featured","tag-principal"],"yoast_head":"<!-- This site is optimized with the Yoast SEO plugin v26.5 - https:\/\/yoast.com\/wordpress\/plugins\/seo\/ -->\n<title>Por programas de Bienestar \u201cla gente tiene para lo b\u00e1sico y un poco m\u00e1s\u201d: AMLO - NOTICIAS<\/title>\n<meta name=\"robots\" content=\"index, follow, max-snippet:-1, max-image-preview:large, max-video-preview:-1\" \/>\n<link rel=\"canonical\" href=\"https:\/\/laredsocial-noticias.com\/wp\/por-programas-de-bienestar-la-gente-tiene-para-lo-basico-y-un-poco-mas-amlo\/\" \/>\n<meta property=\"og:locale\" content=\"es_ES\" \/>\n<meta property=\"og:type\" content=\"article\" \/>\n<meta property=\"og:title\" content=\"Por programas de Bienestar \u201cla gente tiene para lo b\u00e1sico y un poco m\u00e1s\u201d: AMLO - NOTICIAS\" \/>\n<meta property=\"og:description\" content=\"El presidente Andr\u00e9s Manuel L\u00f3pez Obrador\u00a0asisti\u00f3 al estado de\u00a0Sonora\u00a0este domingo, para supervisar los avances en la construcci\u00f3n de un acueducto...\" \/>\n<meta property=\"og:url\" content=\"https:\/\/laredsocial-noticias.com\/wp\/por-programas-de-bienestar-la-gente-tiene-para-lo-basico-y-un-poco-mas-amlo\/\" \/>\n<meta property=\"og:site_name\" content=\"NOTICIAS\" \/>\n<meta property=\"article:published_time\" content=\"2023-02-20T18:00:30+00:00\" \/>\n<meta name=\"author\" content=\"Editor en Jefe\" \/>\n<meta name=\"twitter:card\" content=\"summary_large_image\" \/>\n<meta name=\"twitter:label1\" content=\"Escrito por\" \/>\n\t<meta name=\"twitter:data1\" content=\"Editor en Jefe\" \/>\n\t<meta name=\"twitter:label2\" content=\"Tiempo de lectura\" \/>\n\t<meta name=\"twitter:data2\" content=\"2 minutos\" \/>\n<!-- \/ Yoast SEO plugin. -->","yoast_head_json":{"title":"Por programas de Bienestar \u201cla gente tiene para lo b\u00e1sico y un poco m\u00e1s\u201d: AMLO - NOTICIAS","robots":{"index":"index","follow":"follow","max-snippet":"max-snippet:-1","max-image-preview":"max-image-preview:large","max-video-preview":"max-video-preview:-1"},"canonical":"https:\/\/laredsocial-noticias.com\/wp\/por-programas-de-bienestar-la-gente-tiene-para-lo-basico-y-un-poco-mas-amlo\/","og_locale":"es_ES","og_type":"article","og_title":"Por programas de Bienestar \u201cla gente tiene para lo b\u00e1sico y un poco m\u00e1s\u201d: AMLO - NOTICIAS","og_description":"El presidente Andr\u00e9s Manuel L\u00f3pez Obrador\u00a0asisti\u00f3 al estado de\u00a0Sonora\u00a0este domingo, para supervisar los avances en la construcci\u00f3n de un acueducto...","og_url":"https:\/\/laredsocial-noticias.com\/wp\/por-programas-de-bienestar-la-gente-tiene-para-lo-basico-y-un-poco-mas-amlo\/","og_site_name":"NOTICIAS","article_published_time":"2023-02-20T18:00:30+00:00","author":"Editor en Jefe","twitter_card":"summary_large_image","twitter_misc":{"Escrito por":"Editor en Jefe","Tiempo de lectura":"2 minutos"},"schema":{"@context":"https:\/\/schema.org","@graph":[{"@type":"WebPage","@id":"https:\/\/laredsocial-noticias.com\/wp\/por-programas-de-bienestar-la-gente-tiene-para-lo-basico-y-un-poco-mas-amlo\/","url":"https:\/\/laredsocial-noticias.com\/wp\/por-programas-de-bienestar-la-gente-tiene-para-lo-basico-y-un-poco-mas-amlo\/","name":"Por programas de Bienestar \u201cla gente tiene para lo b\u00e1sico y un poco m\u00e1s\u201d: AMLO - NOTICIAS","isPartOf":{"@id":"https:\/\/laredsocial-noticias.com\/wp\/#website"},"datePublished":"2023-02-20T18:00:30+00:00","author":{"@id":"https:\/\/laredsocial-noticias.com\/wp\/#\/schema\/person\/0ce78643f2de7aae6f6ef10e8453a6e0"},"breadcrumb":{"@id":"https:\/\/laredsocial-noticias.com\/wp\/por-programas-de-bienestar-la-gente-tiene-para-lo-basico-y-un-poco-mas-amlo\/#breadcrumb"},"inLanguage":"es","potentialAction":[{"@type":"ReadAction","target":["https:\/\/laredsocial-noticias.com\/wp\/por-programas-de-bienestar-la-gente-tiene-para-lo-basico-y-un-poco-mas-amlo\/"]}]},{"@type":"BreadcrumbList","@id":"https:\/\/laredsocial-noticias.com\/wp\/por-programas-de-bienestar-la-gente-tiene-para-lo-basico-y-un-poco-mas-amlo\/#breadcrumb","itemListElement":[{"@type":"ListItem","position":1,"name":"Portada","item":"https:\/\/laredsocial-noticias.com\/wp\/"},{"@type":"ListItem","position":2,"name":"Por programas de Bienestar \u201cla gente tiene para lo b\u00e1sico y un poco m\u00e1s\u201d: AMLO"}]},{"@type":"WebSite","@id":"https:\/\/laredsocial-noticias.com\/wp\/#website","url":"https:\/\/laredsocial-noticias.com\/wp\/","name":"NOTICIAS","description":"Lo que se ve y se dice en las redes sociales","potentialAction":[{"@type":"SearchAction","target":{"@type":"EntryPoint","urlTemplate":"https:\/\/laredsocial-noticias.com\/wp\/?s={search_term_string}"},"query-input":{"@type":"PropertyValueSpecification","valueRequired":true,"valueName":"search_term_string"}}],"inLanguage":"es"},{"@type":"Person","@id":"https:\/\/laredsocial-noticias.com\/wp\/#\/schema\/person\/0ce78643f2de7aae6f6ef10e8453a6e0","name":"Editor en Jefe","url":"https:\/\/laredsocial-noticias.com\/wp\/author\/jorgeochoa\/"}]}},"_links":{"self":[{"href":"https:\/\/laredsocial-noticias.com\/wp\/wp-json\/wp\/v2\/posts\/189861","targetHints":{"allow":["GET"]}}],"collection":[{"href":"https:\/\/laredsocial-noticias.com\/wp\/wp-json\/wp\/v2\/posts"}],"about":[{"href":"https:\/\/laredsocial-noticias.com\/wp\/wp-json\/wp\/v2\/types\/post"}],"author":[{"embeddable":true,"href":"https:\/\/laredsocial-noticias.com\/wp\/wp-json\/wp\/v2\/users\/1"}],"replies":[{"embeddable":true,"href":"https:\/\/laredsocial-noticias.com\/wp\/wp-json\/wp\/v2\/comments?post=189861"}],"version-history":[{"count":1,"href":"https:\/\/laredsocial-noticias.com\/wp\/wp-json\/wp\/v2\/posts\/189861\/revisions"}],"predecessor-version":[{"id":189862,"href":"https:\/\/laredsocial-noticias.com\/wp\/wp-json\/wp\/v2\/posts\/189861\/revisions\/189862"}],"wp:attachment":[{"href":"https:\/\/laredsocial-noticias.com\/wp\/wp-json\/wp\/v2\/media?parent=189861"}],"wp:term":[{"taxonomy":"category","embeddable":true,"href":"https:\/\/laredsocial-noticias.com\/wp\/wp-json\/wp\/v2\/categories?post=189861"},{"taxonomy":"post_tag","embeddable":true,"href":"https:\/\/laredsocial-noticias.com\/wp\/wp-json\/wp\/v2\/tags?post=189861"}],"curies":[{"name":"wp","href":"https:\/\/api.w.org\/{rel}","templated":true}]}}