{"id":192150,"date":"2023-03-21T15:33:56","date_gmt":"2023-03-21T21:33:56","guid":{"rendered":"https:\/\/laredsocial-noticias.com\/wp\/?p=192150"},"modified":"2023-03-21T15:36:02","modified_gmt":"2023-03-21T21:36:02","slug":"secretarios-de-defensa-y-marina-podrian-comparecer-ante-el-senado","status":"publish","type":"post","link":"https:\/\/laredsocial-noticias.com\/wp\/secretarios-de-defensa-y-marina-podrian-comparecer-ante-el-senado\/","title":{"rendered":"Secretarios de Defensa y Marina podr\u00edan comparecer ante el Senado"},"content":{"rendered":"<blockquote><p>*Anuncia Ricardo Monreal que este mi\u00e9rcoles se instala Comisi\u00f3n Bicameral sobre seguridad*<\/p>\n<p>Con este organismo funcionando se podr\u00e1 citar a comparecer a los miembros del gabinete de seguridad, incluidos los secretarios de la Defensa y Marina_<\/p><\/blockquote>\n<p>Este mi\u00e9rcoles, en el Senado de Rep\u00fablica, queda instalada la Comisi\u00f3n Bicameral sobre seguridad.<\/p>\n<p>Las reuniones ser\u00e1n privadas porque hay que tener cuidado con los temas que afectan a la seguridad del pa\u00eds, dijo al respecto el coordinador de la bancada de mayor\u00eda, Ricardo Monreal.<\/p>\n<p>El tambi\u00e9n presidente de la Junta de Coordinaci\u00f3n Pol\u00edtica, se\u00f1al\u00f3 que en este per\u00edodo ordinario de sesiones se les citar\u00e1 a comparecer.<\/p>\n<p>Tambi\u00e9n se\u00f1al\u00f3 que se presentar\u00e1 al pleno el documento con el veto del presidente a los comisionados del INAI y se deber\u00e1 decidir como se elegir\u00e1 a los nuevos.<\/p>\n<p>Monreal \u00c1vila considera, por lo que ha platicado con los legisladores, que posiblemente se les seleccione a partir de los perfiles con los que ya cuentan.<\/p>\n<p>&nbsp;<\/p>\n<p>&nbsp;<\/p>\n<p>https:\/\/twitter.com\/laredsocialcom\/status\/1638291726828806151?s=46&#038;t=Hj6kWqf9Hxr0kFPczqJ9jQ<\/p>\n","protected":false},"excerpt":{"rendered":"<p>*Anuncia Ricardo Monreal que este mi\u00e9rcoles se instala Comisi\u00f3n Bicameral sobre seguridad* Con este organismo funcionando se podr\u00e1 citar a&#8230;<\/p>\n","protected":false},"author":1,"featured_media":0,"comment_status":"closed","ping_status":"closed","sticky":false,"template":"","format":"standard","meta":{"footnotes":""},"categories":[27,12044,3716,13,59],"tags":[],"class_list":["post-192150","post","type-post","status-publish","format-standard","hentry","category-congreso-de-la-union","category-seguridad","category-seguridad-interior","category-seguridad-nacional","category-senado"],"yoast_head":"<!-- This site is optimized with the Yoast SEO plugin v26.5 - https:\/\/yoast.com\/wordpress\/plugins\/seo\/ -->\n<title>Secretarios de Defensa y Marina podr\u00edan comparecer ante el Senado - NOTICIAS<\/title>\n<meta name=\"robots\" content=\"index, follow, max-snippet:-1, max-image-preview:large, max-video-preview:-1\" \/>\n<link rel=\"canonical\" href=\"https:\/\/laredsocial-noticias.com\/wp\/secretarios-de-defensa-y-marina-podrian-comparecer-ante-el-senado\/\" \/>\n<meta property=\"og:locale\" content=\"es_ES\" \/>\n<meta property=\"og:type\" content=\"article\" \/>\n<meta property=\"og:title\" content=\"Secretarios de Defensa y Marina podr\u00edan comparecer ante el Senado - NOTICIAS\" \/>\n<meta property=\"og:description\" content=\"*Anuncia Ricardo Monreal que este mi\u00e9rcoles se instala Comisi\u00f3n Bicameral sobre seguridad* Con este organismo funcionando se podr\u00e1 citar a...\" \/>\n<meta property=\"og:url\" content=\"https:\/\/laredsocial-noticias.com\/wp\/secretarios-de-defensa-y-marina-podrian-comparecer-ante-el-senado\/\" \/>\n<meta property=\"og:site_name\" content=\"NOTICIAS\" \/>\n<meta property=\"article:published_time\" content=\"2023-03-21T21:33:56+00:00\" \/>\n<meta property=\"article:modified_time\" content=\"2023-03-21T21:36:02+00:00\" \/>\n<meta property=\"og:image\" content=\"https:\/\/laredsocial-noticias.com\/wp\/wp-content\/uploads\/2023\/03\/9F3394B0-7F16-4115-A7DE-62AA263867E0.jpeg\" \/>\n\t<meta property=\"og:image:width\" content=\"1600\" \/>\n\t<meta property=\"og:image:height\" content=\"1200\" \/>\n\t<meta property=\"og:image:type\" content=\"image\/jpeg\" \/>\n<meta name=\"author\" content=\"Editor en Jefe\" \/>\n<meta name=\"twitter:card\" content=\"summary_large_image\" \/>\n<meta name=\"twitter:label1\" content=\"Escrito por\" \/>\n\t<meta name=\"twitter:data1\" content=\"Editor en Jefe\" \/>\n\t<meta name=\"twitter:label2\" content=\"Tiempo de lectura\" \/>\n\t<meta name=\"twitter:data2\" content=\"1 minuto\" \/>\n<!-- \/ Yoast SEO plugin. -->","yoast_head_json":{"title":"Secretarios de Defensa y Marina podr\u00edan comparecer ante el Senado - NOTICIAS","robots":{"index":"index","follow":"follow","max-snippet":"max-snippet:-1","max-image-preview":"max-image-preview:large","max-video-preview":"max-video-preview:-1"},"canonical":"https:\/\/laredsocial-noticias.com\/wp\/secretarios-de-defensa-y-marina-podrian-comparecer-ante-el-senado\/","og_locale":"es_ES","og_type":"article","og_title":"Secretarios de Defensa y Marina podr\u00edan comparecer ante el Senado - NOTICIAS","og_description":"*Anuncia Ricardo Monreal que este mi\u00e9rcoles se instala Comisi\u00f3n Bicameral sobre seguridad* Con este organismo funcionando se podr\u00e1 citar a...","og_url":"https:\/\/laredsocial-noticias.com\/wp\/secretarios-de-defensa-y-marina-podrian-comparecer-ante-el-senado\/","og_site_name":"NOTICIAS","article_published_time":"2023-03-21T21:33:56+00:00","article_modified_time":"2023-03-21T21:36:02+00:00","og_image":[{"width":1600,"height":1200,"url":"https:\/\/laredsocial-noticias.com\/wp\/wp-content\/uploads\/2023\/03\/9F3394B0-7F16-4115-A7DE-62AA263867E0.jpeg","type":"image\/jpeg"}],"author":"Editor en Jefe","twitter_card":"summary_large_image","twitter_misc":{"Escrito por":"Editor en Jefe","Tiempo de lectura":"1 minuto"},"schema":{"@context":"https:\/\/schema.org","@graph":[{"@type":"WebPage","@id":"https:\/\/laredsocial-noticias.com\/wp\/secretarios-de-defensa-y-marina-podrian-comparecer-ante-el-senado\/","url":"https:\/\/laredsocial-noticias.com\/wp\/secretarios-de-defensa-y-marina-podrian-comparecer-ante-el-senado\/","name":"Secretarios de Defensa y Marina podr\u00edan comparecer ante el Senado - NOTICIAS","isPartOf":{"@id":"https:\/\/laredsocial-noticias.com\/wp\/#website"},"datePublished":"2023-03-21T21:33:56+00:00","dateModified":"2023-03-21T21:36:02+00:00","author":{"@id":"https:\/\/laredsocial-noticias.com\/wp\/#\/schema\/person\/0ce78643f2de7aae6f6ef10e8453a6e0"},"breadcrumb":{"@id":"https:\/\/laredsocial-noticias.com\/wp\/secretarios-de-defensa-y-marina-podrian-comparecer-ante-el-senado\/#breadcrumb"},"inLanguage":"es","potentialAction":[{"@type":"ReadAction","target":["https:\/\/laredsocial-noticias.com\/wp\/secretarios-de-defensa-y-marina-podrian-comparecer-ante-el-senado\/"]}]},{"@type":"BreadcrumbList","@id":"https:\/\/laredsocial-noticias.com\/wp\/secretarios-de-defensa-y-marina-podrian-comparecer-ante-el-senado\/#breadcrumb","itemListElement":[{"@type":"ListItem","position":1,"name":"Portada","item":"https:\/\/laredsocial-noticias.com\/wp\/"},{"@type":"ListItem","position":2,"name":"Secretarios de Defensa y Marina podr\u00edan comparecer ante el Senado"}]},{"@type":"WebSite","@id":"https:\/\/laredsocial-noticias.com\/wp\/#website","url":"https:\/\/laredsocial-noticias.com\/wp\/","name":"NOTICIAS","description":"Lo que se ve y se dice en las redes sociales","potentialAction":[{"@type":"SearchAction","target":{"@type":"EntryPoint","urlTemplate":"https:\/\/laredsocial-noticias.com\/wp\/?s={search_term_string}"},"query-input":{"@type":"PropertyValueSpecification","valueRequired":true,"valueName":"search_term_string"}}],"inLanguage":"es"},{"@type":"Person","@id":"https:\/\/laredsocial-noticias.com\/wp\/#\/schema\/person\/0ce78643f2de7aae6f6ef10e8453a6e0","name":"Editor en Jefe","url":"https:\/\/laredsocial-noticias.com\/wp\/author\/jorgeochoa\/"}]}},"_links":{"self":[{"href":"https:\/\/laredsocial-noticias.com\/wp\/wp-json\/wp\/v2\/posts\/192150","targetHints":{"allow":["GET"]}}],"collection":[{"href":"https:\/\/laredsocial-noticias.com\/wp\/wp-json\/wp\/v2\/posts"}],"about":[{"href":"https:\/\/laredsocial-noticias.com\/wp\/wp-json\/wp\/v2\/types\/post"}],"author":[{"embeddable":true,"href":"https:\/\/laredsocial-noticias.com\/wp\/wp-json\/wp\/v2\/users\/1"}],"replies":[{"embeddable":true,"href":"https:\/\/laredsocial-noticias.com\/wp\/wp-json\/wp\/v2\/comments?post=192150"}],"version-history":[{"count":3,"href":"https:\/\/laredsocial-noticias.com\/wp\/wp-json\/wp\/v2\/posts\/192150\/revisions"}],"predecessor-version":[{"id":192154,"href":"https:\/\/laredsocial-noticias.com\/wp\/wp-json\/wp\/v2\/posts\/192150\/revisions\/192154"}],"wp:attachment":[{"href":"https:\/\/laredsocial-noticias.com\/wp\/wp-json\/wp\/v2\/media?parent=192150"}],"wp:term":[{"taxonomy":"category","embeddable":true,"href":"https:\/\/laredsocial-noticias.com\/wp\/wp-json\/wp\/v2\/categories?post=192150"},{"taxonomy":"post_tag","embeddable":true,"href":"https:\/\/laredsocial-noticias.com\/wp\/wp-json\/wp\/v2\/tags?post=192150"}],"curies":[{"name":"wp","href":"https:\/\/api.w.org\/{rel}","templated":true}]}}