{"id":192298,"date":"2023-03-23T18:00:23","date_gmt":"2023-03-24T00:00:23","guid":{"rendered":"https:\/\/laredsocial-noticias.com\/wp\/?p=192298"},"modified":"2023-03-23T18:29:04","modified_gmt":"2023-03-24T00:29:04","slug":"conceden-suspension-contra-orden-de-captura-a-exfuncionario-de-segalmex","status":"publish","type":"post","link":"https:\/\/laredsocial-noticias.com\/wp\/conceden-suspension-contra-orden-de-captura-a-exfuncionario-de-segalmex\/","title":{"rendered":"Conceden suspensi\u00f3n contra orden de captura a exfuncionario de Segalmex"},"content":{"rendered":"<p>Ren\u00e9 Gavira Segreste, ex director de Administraci\u00f3n y Finanzas en Seguridad Alimentaria Mexicana (Segalmex) obtuvo una suspensi\u00f3n definitiva para evitar ser detenido por su presunta responsabilidad en el defalco millonario contra la dependencia.<\/p>\n<p>Esto, luego de que el juez Enrique V\u00e1zquez P\u00e9rez, titular del juzgado sexto, le otorg\u00f3 la protecci\u00f3n de la justicia como parte del juicio de amparo que tramit\u00f3 el exfuncionario.<\/p>\n<p>El juzgado Sexto de Distrito en Materias de Amparo y Juicios Federales en el Estado de M\u00e9xico (Edomex) ratific\u00f3 el recurso promovido por el funcionario Gavira Segreste, quien habr\u00eda solicitado la suspensi\u00f3n definitiva contra la orden de aprehensi\u00f3n, detenci\u00f3n o arresto y su ejecuci\u00f3n, a pesar de ser considerado pr\u00f3fugo de la justicia.<\/p>\n<p>Cabe se\u00f1alar que el mismo juzgado le otorg\u00f3 al exdirector, hace una semana, la suspensi\u00f3n provisional contra la orden de captura.<\/p>\n<blockquote class=\"wp-block-quote\"><p>\u201cSe concede la suspensi\u00f3n definitiva solicitada, contra los actos y autoridades responsables precisados en los considerandos segundo y tercero de esta interlocutoria. SEGUNDO. Queda pendiente de resolver la audiencia incidental por las autoridades precisadas en el \u00faltimo considerando de esta resoluci\u00f3n, por las razones ah\u00ed expuestas. Notif\u00edquese\u201d, resolvi\u00f3 Enrique V\u00e1zquez P\u00e9rez, titular del juzgado sexto.<\/p><\/blockquote>\n<p>Gregorio S\u00e1nchez, juez de control del Centro de Justicia Penal Federa, en Almoloya de Ju\u00e1rez, hab\u00eda ordenado la detenci\u00f3n de las 21 personas por su presunta responsabilidad en el caso Segalmex, de los cuales, siete ya fueron encarceladas.<\/p>\n<p>Al exdirector de Segalmex se le acusa por participar en delitos de lavado de dinero, peculado y delincuencia organizada, a su vez, forma parte de los 22 servidores p\u00fablicos y particulares presuntamente involucrados por la compra simulada de 7.8 toneladas de az\u00facar, por la cantidad de 142 millones 440 mil 883 pesos.<\/p>\n<p>Hasta que se resuelva la suspensi\u00f3n definitiva, Gavira, en cuanto a su libertad personal, quedar\u00e1 a disposici\u00f3n del Juzgado de Distrito para la continuaci\u00f3n del procedimiento.<\/p>\n","protected":false},"excerpt":{"rendered":"<p>Ren\u00e9 Gavira Segreste, ex director de Administraci\u00f3n y Finanzas en Seguridad Alimentaria Mexicana (Segalmex) obtuvo una suspensi\u00f3n definitiva para evitar&#8230;<\/p>\n","protected":false},"author":1,"featured_media":0,"comment_status":"open","ping_status":"closed","sticky":false,"template":"","format":"standard","meta":{"footnotes":""},"categories":[78,6026],"tags":[4959,77],"class_list":["post-192298","post","type-post","status-publish","format-standard","hentry","category-nacional","category-portada","tag-featured","tag-principal"],"yoast_head":"<!-- This site is optimized with the Yoast SEO plugin v26.5 - https:\/\/yoast.com\/wordpress\/plugins\/seo\/ -->\n<title>Conceden suspensi\u00f3n contra orden de captura a exfuncionario de Segalmex - NOTICIAS<\/title>\n<meta name=\"robots\" content=\"index, follow, max-snippet:-1, max-image-preview:large, max-video-preview:-1\" \/>\n<link rel=\"canonical\" href=\"https:\/\/laredsocial-noticias.com\/wp\/conceden-suspension-contra-orden-de-captura-a-exfuncionario-de-segalmex\/\" \/>\n<meta property=\"og:locale\" content=\"es_ES\" \/>\n<meta property=\"og:type\" content=\"article\" \/>\n<meta property=\"og:title\" content=\"Conceden suspensi\u00f3n contra orden de captura a exfuncionario de Segalmex - NOTICIAS\" \/>\n<meta property=\"og:description\" content=\"Ren\u00e9 Gavira Segreste, ex director de Administraci\u00f3n y Finanzas en Seguridad Alimentaria Mexicana (Segalmex) obtuvo una suspensi\u00f3n definitiva para evitar...\" \/>\n<meta property=\"og:url\" content=\"https:\/\/laredsocial-noticias.com\/wp\/conceden-suspension-contra-orden-de-captura-a-exfuncionario-de-segalmex\/\" \/>\n<meta property=\"og:site_name\" content=\"NOTICIAS\" \/>\n<meta property=\"article:published_time\" content=\"2023-03-24T00:00:23+00:00\" \/>\n<meta property=\"article:modified_time\" content=\"2023-03-24T00:29:04+00:00\" \/>\n<meta name=\"author\" content=\"Editor en Jefe\" \/>\n<meta name=\"twitter:card\" content=\"summary_large_image\" \/>\n<meta name=\"twitter:label1\" content=\"Escrito por\" \/>\n\t<meta name=\"twitter:data1\" content=\"Editor en Jefe\" \/>\n\t<meta name=\"twitter:label2\" content=\"Tiempo de lectura\" \/>\n\t<meta name=\"twitter:data2\" content=\"2 minutos\" \/>\n<!-- \/ Yoast SEO plugin. -->","yoast_head_json":{"title":"Conceden suspensi\u00f3n contra orden de captura a exfuncionario de Segalmex - NOTICIAS","robots":{"index":"index","follow":"follow","max-snippet":"max-snippet:-1","max-image-preview":"max-image-preview:large","max-video-preview":"max-video-preview:-1"},"canonical":"https:\/\/laredsocial-noticias.com\/wp\/conceden-suspension-contra-orden-de-captura-a-exfuncionario-de-segalmex\/","og_locale":"es_ES","og_type":"article","og_title":"Conceden suspensi\u00f3n contra orden de captura a exfuncionario de Segalmex - NOTICIAS","og_description":"Ren\u00e9 Gavira Segreste, ex director de Administraci\u00f3n y Finanzas en Seguridad Alimentaria Mexicana (Segalmex) obtuvo una suspensi\u00f3n definitiva para evitar...","og_url":"https:\/\/laredsocial-noticias.com\/wp\/conceden-suspension-contra-orden-de-captura-a-exfuncionario-de-segalmex\/","og_site_name":"NOTICIAS","article_published_time":"2023-03-24T00:00:23+00:00","article_modified_time":"2023-03-24T00:29:04+00:00","author":"Editor en Jefe","twitter_card":"summary_large_image","twitter_misc":{"Escrito por":"Editor en Jefe","Tiempo de lectura":"2 minutos"},"schema":{"@context":"https:\/\/schema.org","@graph":[{"@type":"WebPage","@id":"https:\/\/laredsocial-noticias.com\/wp\/conceden-suspension-contra-orden-de-captura-a-exfuncionario-de-segalmex\/","url":"https:\/\/laredsocial-noticias.com\/wp\/conceden-suspension-contra-orden-de-captura-a-exfuncionario-de-segalmex\/","name":"Conceden suspensi\u00f3n contra orden de captura a exfuncionario de Segalmex - NOTICIAS","isPartOf":{"@id":"https:\/\/laredsocial-noticias.com\/wp\/#website"},"datePublished":"2023-03-24T00:00:23+00:00","dateModified":"2023-03-24T00:29:04+00:00","author":{"@id":"https:\/\/laredsocial-noticias.com\/wp\/#\/schema\/person\/0ce78643f2de7aae6f6ef10e8453a6e0"},"breadcrumb":{"@id":"https:\/\/laredsocial-noticias.com\/wp\/conceden-suspension-contra-orden-de-captura-a-exfuncionario-de-segalmex\/#breadcrumb"},"inLanguage":"es","potentialAction":[{"@type":"ReadAction","target":["https:\/\/laredsocial-noticias.com\/wp\/conceden-suspension-contra-orden-de-captura-a-exfuncionario-de-segalmex\/"]}]},{"@type":"BreadcrumbList","@id":"https:\/\/laredsocial-noticias.com\/wp\/conceden-suspension-contra-orden-de-captura-a-exfuncionario-de-segalmex\/#breadcrumb","itemListElement":[{"@type":"ListItem","position":1,"name":"Portada","item":"https:\/\/laredsocial-noticias.com\/wp\/"},{"@type":"ListItem","position":2,"name":"Conceden suspensi\u00f3n contra orden de captura a exfuncionario de Segalmex"}]},{"@type":"WebSite","@id":"https:\/\/laredsocial-noticias.com\/wp\/#website","url":"https:\/\/laredsocial-noticias.com\/wp\/","name":"NOTICIAS","description":"Lo que se ve y se dice en las redes sociales","potentialAction":[{"@type":"SearchAction","target":{"@type":"EntryPoint","urlTemplate":"https:\/\/laredsocial-noticias.com\/wp\/?s={search_term_string}"},"query-input":{"@type":"PropertyValueSpecification","valueRequired":true,"valueName":"search_term_string"}}],"inLanguage":"es"},{"@type":"Person","@id":"https:\/\/laredsocial-noticias.com\/wp\/#\/schema\/person\/0ce78643f2de7aae6f6ef10e8453a6e0","name":"Editor en Jefe","url":"https:\/\/laredsocial-noticias.com\/wp\/author\/jorgeochoa\/"}]}},"_links":{"self":[{"href":"https:\/\/laredsocial-noticias.com\/wp\/wp-json\/wp\/v2\/posts\/192298","targetHints":{"allow":["GET"]}}],"collection":[{"href":"https:\/\/laredsocial-noticias.com\/wp\/wp-json\/wp\/v2\/posts"}],"about":[{"href":"https:\/\/laredsocial-noticias.com\/wp\/wp-json\/wp\/v2\/types\/post"}],"author":[{"embeddable":true,"href":"https:\/\/laredsocial-noticias.com\/wp\/wp-json\/wp\/v2\/users\/1"}],"replies":[{"embeddable":true,"href":"https:\/\/laredsocial-noticias.com\/wp\/wp-json\/wp\/v2\/comments?post=192298"}],"version-history":[{"count":1,"href":"https:\/\/laredsocial-noticias.com\/wp\/wp-json\/wp\/v2\/posts\/192298\/revisions"}],"predecessor-version":[{"id":192299,"href":"https:\/\/laredsocial-noticias.com\/wp\/wp-json\/wp\/v2\/posts\/192298\/revisions\/192299"}],"wp:attachment":[{"href":"https:\/\/laredsocial-noticias.com\/wp\/wp-json\/wp\/v2\/media?parent=192298"}],"wp:term":[{"taxonomy":"category","embeddable":true,"href":"https:\/\/laredsocial-noticias.com\/wp\/wp-json\/wp\/v2\/categories?post=192298"},{"taxonomy":"post_tag","embeddable":true,"href":"https:\/\/laredsocial-noticias.com\/wp\/wp-json\/wp\/v2\/tags?post=192298"}],"curies":[{"name":"wp","href":"https:\/\/api.w.org\/{rel}","templated":true}]}}