{"id":192858,"date":"2023-03-30T18:20:29","date_gmt":"2023-03-31T00:20:29","guid":{"rendered":"https:\/\/laredsocial-noticias.com\/wp\/?p=192858"},"modified":"2023-03-30T16:09:30","modified_gmt":"2023-03-30T22:09:30","slug":"mujer-pierde-la-vida-por-ataque-de-abejas-africanas-en-tabasco","status":"publish","type":"post","link":"https:\/\/laredsocial-noticias.com\/wp\/mujer-pierde-la-vida-por-ataque-de-abejas-africanas-en-tabasco\/","title":{"rendered":"Mujer pierde la vida por ataque de abejas africanas en Tabasco"},"content":{"rendered":"<p>Un enjambre de abejas africanas atac\u00f3 a\u00a0alumnos, maestros y transe\u00fantes\u00a0de la primaria\u00a0Lazaro C\u00e1rdenas\u00a0en Villa Juan Aldama, en el municipio de\u00a0Teapa, Tabasco,\u00a0lo que cobr\u00f3 la vida de una mujer.<\/p>\n<p>El hecho sucedi\u00f3 por la ma\u00f1ana del pasado mi\u00e9rcoles, lo que provoc\u00f3 el desalojo de aproximadamente\u00a0400 alumnos del plantel\u00a0y el deceso de una persona, as\u00ed lo comunic\u00f3\u00a0Alma Espadas,\u00a0presidenta del municipio a trav\u00e9s de redes sociales.<\/p>\n<blockquote class=\"wp-block-quote\"><p>\u201cEs falso lo relativo a \u201cvarios fallecidos\u201d. Desafortunadamente solo una persona, una mujer, falleci\u00f3 en este inesperado suceso\u201d<\/p>\n<p><cite>EXPRES\u00d3 POR SU CUENTA DE FACEBOOK.\u00a0<\/cite><\/p><\/blockquote>\n<p>Al lugar llegaron agentes de\u00a0protecci\u00f3n civil\u00a0y elementos de seguridad p\u00fablica para acordonar la zona y atender a las personas que registraron picaduras, adem\u00e1s de intentar ahuyentar a los insectos con humo.<\/p>\n<p>En total se registraron cinco personas que presentaron heridas por picaduras, las cuales fueron trasladadas al Hospital General\u00a0\u201cRicardo Melo\u201d, pero esa misma noche, el municipio comunic\u00f3 que los lesionados estaban fuera de peligro.<\/p>\n<p>Por la tarde, el ayuntamiento de la Villa comunic\u00f3 a la poblaci\u00f3n que deb\u00eda resguardarse en sus casas para evitar ser atacado por los insectos y que se mantuviera al pendiente de informaci\u00f3n oficial.<\/p>\n","protected":false},"excerpt":{"rendered":"<p>Un enjambre de abejas africanas atac\u00f3 a\u00a0alumnos, maestros y transe\u00fantes\u00a0de la primaria\u00a0Lazaro C\u00e1rdenas\u00a0en Villa Juan Aldama, en el municipio de\u00a0Teapa,&#8230;<\/p>\n","protected":false},"author":1,"featured_media":0,"comment_status":"open","ping_status":"closed","sticky":false,"template":"","format":"standard","meta":{"footnotes":""},"categories":[2379,6026],"tags":[4959,77],"class_list":["post-192858","post","type-post","status-publish","format-standard","hentry","category-estados-2","category-portada","tag-featured","tag-principal"],"yoast_head":"<!-- This site is optimized with the Yoast SEO plugin v26.5 - https:\/\/yoast.com\/wordpress\/plugins\/seo\/ -->\n<title>Mujer pierde la vida por ataque de abejas africanas en Tabasco - NOTICIAS<\/title>\n<meta name=\"robots\" content=\"index, follow, max-snippet:-1, max-image-preview:large, max-video-preview:-1\" \/>\n<link rel=\"canonical\" href=\"https:\/\/laredsocial-noticias.com\/wp\/mujer-pierde-la-vida-por-ataque-de-abejas-africanas-en-tabasco\/\" \/>\n<meta property=\"og:locale\" content=\"es_ES\" \/>\n<meta property=\"og:type\" content=\"article\" \/>\n<meta property=\"og:title\" content=\"Mujer pierde la vida por ataque de abejas africanas en Tabasco - NOTICIAS\" \/>\n<meta property=\"og:description\" content=\"Un enjambre de abejas africanas atac\u00f3 a\u00a0alumnos, maestros y transe\u00fantes\u00a0de la primaria\u00a0Lazaro C\u00e1rdenas\u00a0en Villa Juan Aldama, en el municipio de\u00a0Teapa,...\" \/>\n<meta property=\"og:url\" content=\"https:\/\/laredsocial-noticias.com\/wp\/mujer-pierde-la-vida-por-ataque-de-abejas-africanas-en-tabasco\/\" \/>\n<meta property=\"og:site_name\" content=\"NOTICIAS\" \/>\n<meta property=\"article:published_time\" content=\"2023-03-31T00:20:29+00:00\" \/>\n<meta property=\"og:image\" content=\"https:\/\/laredsocial-noticias.com\/wp\/wp-content\/uploads\/2023\/03\/Mujer-Muere-Abejas-Tabasco.jpg\" \/>\n\t<meta property=\"og:image:width\" content=\"1280\" \/>\n\t<meta property=\"og:image:height\" content=\"720\" \/>\n\t<meta property=\"og:image:type\" content=\"image\/jpeg\" \/>\n<meta name=\"author\" content=\"Editor en Jefe\" \/>\n<meta name=\"twitter:card\" content=\"summary_large_image\" \/>\n<meta name=\"twitter:label1\" content=\"Escrito por\" \/>\n\t<meta name=\"twitter:data1\" content=\"Editor en Jefe\" \/>\n\t<meta name=\"twitter:label2\" content=\"Tiempo de lectura\" \/>\n\t<meta name=\"twitter:data2\" content=\"1 minuto\" \/>\n<!-- \/ Yoast SEO plugin. -->","yoast_head_json":{"title":"Mujer pierde la vida por ataque de abejas africanas en Tabasco - NOTICIAS","robots":{"index":"index","follow":"follow","max-snippet":"max-snippet:-1","max-image-preview":"max-image-preview:large","max-video-preview":"max-video-preview:-1"},"canonical":"https:\/\/laredsocial-noticias.com\/wp\/mujer-pierde-la-vida-por-ataque-de-abejas-africanas-en-tabasco\/","og_locale":"es_ES","og_type":"article","og_title":"Mujer pierde la vida por ataque de abejas africanas en Tabasco - NOTICIAS","og_description":"Un enjambre de abejas africanas atac\u00f3 a\u00a0alumnos, maestros y transe\u00fantes\u00a0de la primaria\u00a0Lazaro C\u00e1rdenas\u00a0en Villa Juan Aldama, en el municipio de\u00a0Teapa,...","og_url":"https:\/\/laredsocial-noticias.com\/wp\/mujer-pierde-la-vida-por-ataque-de-abejas-africanas-en-tabasco\/","og_site_name":"NOTICIAS","article_published_time":"2023-03-31T00:20:29+00:00","og_image":[{"width":1280,"height":720,"url":"https:\/\/laredsocial-noticias.com\/wp\/wp-content\/uploads\/2023\/03\/Mujer-Muere-Abejas-Tabasco.jpg","type":"image\/jpeg"}],"author":"Editor en Jefe","twitter_card":"summary_large_image","twitter_misc":{"Escrito por":"Editor en Jefe","Tiempo de lectura":"1 minuto"},"schema":{"@context":"https:\/\/schema.org","@graph":[{"@type":"WebPage","@id":"https:\/\/laredsocial-noticias.com\/wp\/mujer-pierde-la-vida-por-ataque-de-abejas-africanas-en-tabasco\/","url":"https:\/\/laredsocial-noticias.com\/wp\/mujer-pierde-la-vida-por-ataque-de-abejas-africanas-en-tabasco\/","name":"Mujer pierde la vida por ataque de abejas africanas en Tabasco - NOTICIAS","isPartOf":{"@id":"https:\/\/laredsocial-noticias.com\/wp\/#website"},"datePublished":"2023-03-31T00:20:29+00:00","author":{"@id":"https:\/\/laredsocial-noticias.com\/wp\/#\/schema\/person\/0ce78643f2de7aae6f6ef10e8453a6e0"},"breadcrumb":{"@id":"https:\/\/laredsocial-noticias.com\/wp\/mujer-pierde-la-vida-por-ataque-de-abejas-africanas-en-tabasco\/#breadcrumb"},"inLanguage":"es","potentialAction":[{"@type":"ReadAction","target":["https:\/\/laredsocial-noticias.com\/wp\/mujer-pierde-la-vida-por-ataque-de-abejas-africanas-en-tabasco\/"]}]},{"@type":"BreadcrumbList","@id":"https:\/\/laredsocial-noticias.com\/wp\/mujer-pierde-la-vida-por-ataque-de-abejas-africanas-en-tabasco\/#breadcrumb","itemListElement":[{"@type":"ListItem","position":1,"name":"Portada","item":"https:\/\/laredsocial-noticias.com\/wp\/"},{"@type":"ListItem","position":2,"name":"Mujer pierde la vida por ataque de abejas africanas en Tabasco"}]},{"@type":"WebSite","@id":"https:\/\/laredsocial-noticias.com\/wp\/#website","url":"https:\/\/laredsocial-noticias.com\/wp\/","name":"NOTICIAS","description":"Lo que se ve y se dice en las redes sociales","potentialAction":[{"@type":"SearchAction","target":{"@type":"EntryPoint","urlTemplate":"https:\/\/laredsocial-noticias.com\/wp\/?s={search_term_string}"},"query-input":{"@type":"PropertyValueSpecification","valueRequired":true,"valueName":"search_term_string"}}],"inLanguage":"es"},{"@type":"Person","@id":"https:\/\/laredsocial-noticias.com\/wp\/#\/schema\/person\/0ce78643f2de7aae6f6ef10e8453a6e0","name":"Editor en Jefe","url":"https:\/\/laredsocial-noticias.com\/wp\/author\/jorgeochoa\/"}]}},"_links":{"self":[{"href":"https:\/\/laredsocial-noticias.com\/wp\/wp-json\/wp\/v2\/posts\/192858","targetHints":{"allow":["GET"]}}],"collection":[{"href":"https:\/\/laredsocial-noticias.com\/wp\/wp-json\/wp\/v2\/posts"}],"about":[{"href":"https:\/\/laredsocial-noticias.com\/wp\/wp-json\/wp\/v2\/types\/post"}],"author":[{"embeddable":true,"href":"https:\/\/laredsocial-noticias.com\/wp\/wp-json\/wp\/v2\/users\/1"}],"replies":[{"embeddable":true,"href":"https:\/\/laredsocial-noticias.com\/wp\/wp-json\/wp\/v2\/comments?post=192858"}],"version-history":[{"count":1,"href":"https:\/\/laredsocial-noticias.com\/wp\/wp-json\/wp\/v2\/posts\/192858\/revisions"}],"predecessor-version":[{"id":192859,"href":"https:\/\/laredsocial-noticias.com\/wp\/wp-json\/wp\/v2\/posts\/192858\/revisions\/192859"}],"wp:attachment":[{"href":"https:\/\/laredsocial-noticias.com\/wp\/wp-json\/wp\/v2\/media?parent=192858"}],"wp:term":[{"taxonomy":"category","embeddable":true,"href":"https:\/\/laredsocial-noticias.com\/wp\/wp-json\/wp\/v2\/categories?post=192858"},{"taxonomy":"post_tag","embeddable":true,"href":"https:\/\/laredsocial-noticias.com\/wp\/wp-json\/wp\/v2\/tags?post=192858"}],"curies":[{"name":"wp","href":"https:\/\/api.w.org\/{rel}","templated":true}]}}