{"id":19304,"date":"2016-07-25T11:42:10","date_gmt":"2016-07-25T16:42:10","guid":{"rendered":"http:\/\/laredsocial-noticias.com\/wp\/?p=19304"},"modified":"2016-07-25T11:42:17","modified_gmt":"2016-07-25T16:42:17","slug":"oaxaca-se-llena-de-folclor-en-el-inicio-de-la-guelaguetza-2016","status":"publish","type":"post","link":"https:\/\/laredsocial-noticias.com\/wp\/oaxaca-se-llena-de-folclor-en-el-inicio-de-la-guelaguetza-2016\/","title":{"rendered":"Oaxaca se llena de folclor en el inicio de la Guelaguetza 2016"},"content":{"rendered":"<p><strong>OAXACA, 25 de julio, (NOTIMEX \/ C\u00cdRCULO DIGITAL).-\u00a0<\/strong><strong>Por Ashlei Espinoza Rodr\u00edguez.\u00a0<\/strong>El auditorio enclaustrado en el cerro del Fort\u00edn abre sus puertas para recibir la edici\u00f3n n\u00famero 84 de la Guelaguetza, donde est\u00e9 d\u00eda se presentar\u00e1n 22 delegaciones provenientes de las ocho regiones del estado.<\/p>\n<p>Antes de las 10:00 horas el recinto concentr\u00f3 a quienes disfrutar\u00e1n del misticismo y alegr\u00eda de los bailes de las comunidades ind\u00edgenas que como cada a\u00f1o, arriban a la capital para mostrar su repertorio de tradiciones, baile y m\u00fasica.<\/p>\n<p>La apertura de la funci\u00f3n estuvo cargo del convite de las Chinas Oaxaque\u00f1as, el cual fue seguido por la presentaci\u00f3n de Santiago Llano Grande, con la \u201cDanza de los Diablos\u201d y la delegaci\u00f3n de Tlacolula de Matamoros.<\/p>\n<p>M\u00e1s tarde las mujeres de la Cuenca del Papaloapan se har\u00e1n presente con la delegaci\u00f3n de San Juan Bautista Tuxtepec, que interpretar\u00e1n \u201cFlor de Pi\u00f1a\u201d, mientras que ejecutantes de la Villa de Zaachila, mostrar\u00e1n la Danza de la Pluma, misma que evoca la Conquista por parte de los espa\u00f1oles.<\/p>\n<p>Tambi\u00e9n abrir\u00e1n plaza las mujeres y hombres de Santa Mar\u00eda Huatulco, Miahuatl\u00e1n de Porfirio D\u00edaz, Huautla de Jim\u00e9nez, El Espinal, San Pedro y San Pablo Ayutla Mixe, San Pablo Macuiltianguis, Huajuapan de Le\u00f3n, Uni\u00f3n Hidalgo y Santiago Pinotepa Nacional.<\/p>\n<p>Se estima que la primera edici\u00f3n de la Guelaguetza concluya hacia las 14:00 horas, para dar paso a la segunda presentaci\u00f3n a partir de las 17:00 horas, en el mismo escenario.<\/p>\n","protected":false},"excerpt":{"rendered":"<p>OAXACA, 25 de julio, (NOTIMEX \/ C\u00cdRCULO DIGITAL).-\u00a0Por Ashlei Espinoza Rodr\u00edguez.\u00a0El auditorio enclaustrado en el cerro del Fort\u00edn abre sus&#8230;<\/p>\n","protected":false},"author":1,"featured_media":0,"comment_status":"closed","ping_status":"closed","sticky":false,"template":"","format":"standard","meta":{"footnotes":""},"categories":[1796,73],"tags":[242,77],"class_list":["post-19304","post","type-post","status-publish","format-standard","hentry","category-circulodigital","category-principal","tag-estados","tag-principal"],"yoast_head":"<!-- This site is optimized with the Yoast SEO plugin v26.5 - https:\/\/yoast.com\/wordpress\/plugins\/seo\/ -->\n<title>Oaxaca se llena de folclor en el inicio de la Guelaguetza 2016 - NOTICIAS<\/title>\n<meta name=\"robots\" content=\"index, follow, max-snippet:-1, max-image-preview:large, max-video-preview:-1\" \/>\n<link rel=\"canonical\" href=\"https:\/\/laredsocial-noticias.com\/wp\/oaxaca-se-llena-de-folclor-en-el-inicio-de-la-guelaguetza-2016\/\" \/>\n<meta property=\"og:locale\" content=\"es_ES\" \/>\n<meta property=\"og:type\" content=\"article\" \/>\n<meta property=\"og:title\" content=\"Oaxaca se llena de folclor en el inicio de la Guelaguetza 2016 - NOTICIAS\" \/>\n<meta property=\"og:description\" content=\"OAXACA, 25 de julio, (NOTIMEX \/ C\u00cdRCULO DIGITAL).-\u00a0Por Ashlei Espinoza Rodr\u00edguez.\u00a0El auditorio enclaustrado en el cerro del Fort\u00edn abre sus...\" \/>\n<meta property=\"og:url\" content=\"https:\/\/laredsocial-noticias.com\/wp\/oaxaca-se-llena-de-folclor-en-el-inicio-de-la-guelaguetza-2016\/\" \/>\n<meta property=\"og:site_name\" content=\"NOTICIAS\" \/>\n<meta property=\"article:published_time\" content=\"2016-07-25T16:42:10+00:00\" \/>\n<meta property=\"article:modified_time\" content=\"2016-07-25T16:42:17+00:00\" \/>\n<meta name=\"author\" content=\"Editor en Jefe\" \/>\n<meta name=\"twitter:card\" content=\"summary_large_image\" \/>\n<meta name=\"twitter:label1\" content=\"Escrito por\" \/>\n\t<meta name=\"twitter:data1\" content=\"Editor en Jefe\" \/>\n\t<meta name=\"twitter:label2\" content=\"Tiempo de lectura\" \/>\n\t<meta name=\"twitter:data2\" content=\"1 minuto\" \/>\n<!-- \/ Yoast SEO plugin. -->","yoast_head_json":{"title":"Oaxaca se llena de folclor en el inicio de la Guelaguetza 2016 - NOTICIAS","robots":{"index":"index","follow":"follow","max-snippet":"max-snippet:-1","max-image-preview":"max-image-preview:large","max-video-preview":"max-video-preview:-1"},"canonical":"https:\/\/laredsocial-noticias.com\/wp\/oaxaca-se-llena-de-folclor-en-el-inicio-de-la-guelaguetza-2016\/","og_locale":"es_ES","og_type":"article","og_title":"Oaxaca se llena de folclor en el inicio de la Guelaguetza 2016 - NOTICIAS","og_description":"OAXACA, 25 de julio, (NOTIMEX \/ C\u00cdRCULO DIGITAL).-\u00a0Por Ashlei Espinoza Rodr\u00edguez.\u00a0El auditorio enclaustrado en el cerro del Fort\u00edn abre sus...","og_url":"https:\/\/laredsocial-noticias.com\/wp\/oaxaca-se-llena-de-folclor-en-el-inicio-de-la-guelaguetza-2016\/","og_site_name":"NOTICIAS","article_published_time":"2016-07-25T16:42:10+00:00","article_modified_time":"2016-07-25T16:42:17+00:00","author":"Editor en Jefe","twitter_card":"summary_large_image","twitter_misc":{"Escrito por":"Editor en Jefe","Tiempo de lectura":"1 minuto"},"schema":{"@context":"https:\/\/schema.org","@graph":[{"@type":"WebPage","@id":"https:\/\/laredsocial-noticias.com\/wp\/oaxaca-se-llena-de-folclor-en-el-inicio-de-la-guelaguetza-2016\/","url":"https:\/\/laredsocial-noticias.com\/wp\/oaxaca-se-llena-de-folclor-en-el-inicio-de-la-guelaguetza-2016\/","name":"Oaxaca se llena de folclor en el inicio de la Guelaguetza 2016 - NOTICIAS","isPartOf":{"@id":"https:\/\/laredsocial-noticias.com\/wp\/#website"},"datePublished":"2016-07-25T16:42:10+00:00","dateModified":"2016-07-25T16:42:17+00:00","author":{"@id":"https:\/\/laredsocial-noticias.com\/wp\/#\/schema\/person\/0ce78643f2de7aae6f6ef10e8453a6e0"},"breadcrumb":{"@id":"https:\/\/laredsocial-noticias.com\/wp\/oaxaca-se-llena-de-folclor-en-el-inicio-de-la-guelaguetza-2016\/#breadcrumb"},"inLanguage":"es","potentialAction":[{"@type":"ReadAction","target":["https:\/\/laredsocial-noticias.com\/wp\/oaxaca-se-llena-de-folclor-en-el-inicio-de-la-guelaguetza-2016\/"]}]},{"@type":"BreadcrumbList","@id":"https:\/\/laredsocial-noticias.com\/wp\/oaxaca-se-llena-de-folclor-en-el-inicio-de-la-guelaguetza-2016\/#breadcrumb","itemListElement":[{"@type":"ListItem","position":1,"name":"Portada","item":"https:\/\/laredsocial-noticias.com\/wp\/"},{"@type":"ListItem","position":2,"name":"Oaxaca se llena de folclor en el inicio de la Guelaguetza 2016"}]},{"@type":"WebSite","@id":"https:\/\/laredsocial-noticias.com\/wp\/#website","url":"https:\/\/laredsocial-noticias.com\/wp\/","name":"NOTICIAS","description":"Lo que se ve y se dice en las redes sociales","potentialAction":[{"@type":"SearchAction","target":{"@type":"EntryPoint","urlTemplate":"https:\/\/laredsocial-noticias.com\/wp\/?s={search_term_string}"},"query-input":{"@type":"PropertyValueSpecification","valueRequired":true,"valueName":"search_term_string"}}],"inLanguage":"es"},{"@type":"Person","@id":"https:\/\/laredsocial-noticias.com\/wp\/#\/schema\/person\/0ce78643f2de7aae6f6ef10e8453a6e0","name":"Editor en Jefe","url":"https:\/\/laredsocial-noticias.com\/wp\/author\/jorgeochoa\/"}]}},"_links":{"self":[{"href":"https:\/\/laredsocial-noticias.com\/wp\/wp-json\/wp\/v2\/posts\/19304","targetHints":{"allow":["GET"]}}],"collection":[{"href":"https:\/\/laredsocial-noticias.com\/wp\/wp-json\/wp\/v2\/posts"}],"about":[{"href":"https:\/\/laredsocial-noticias.com\/wp\/wp-json\/wp\/v2\/types\/post"}],"author":[{"embeddable":true,"href":"https:\/\/laredsocial-noticias.com\/wp\/wp-json\/wp\/v2\/users\/1"}],"replies":[{"embeddable":true,"href":"https:\/\/laredsocial-noticias.com\/wp\/wp-json\/wp\/v2\/comments?post=19304"}],"version-history":[{"count":1,"href":"https:\/\/laredsocial-noticias.com\/wp\/wp-json\/wp\/v2\/posts\/19304\/revisions"}],"predecessor-version":[{"id":19305,"href":"https:\/\/laredsocial-noticias.com\/wp\/wp-json\/wp\/v2\/posts\/19304\/revisions\/19305"}],"wp:attachment":[{"href":"https:\/\/laredsocial-noticias.com\/wp\/wp-json\/wp\/v2\/media?parent=19304"}],"wp:term":[{"taxonomy":"category","embeddable":true,"href":"https:\/\/laredsocial-noticias.com\/wp\/wp-json\/wp\/v2\/categories?post=19304"},{"taxonomy":"post_tag","embeddable":true,"href":"https:\/\/laredsocial-noticias.com\/wp\/wp-json\/wp\/v2\/tags?post=19304"}],"curies":[{"name":"wp","href":"https:\/\/api.w.org\/{rel}","templated":true}]}}