{"id":193174,"date":"2023-04-04T18:23:00","date_gmt":"2023-04-04T23:23:00","guid":{"rendered":"https:\/\/laredsocial-noticias.com\/wp\/?p=193174"},"modified":"2023-04-04T18:23:00","modified_gmt":"2023-04-04T23:23:00","slug":"a-un-proyecto-de-nacion-y-nueva-alternativa-de-gobierno-deben-acompanarlo-lideres-natos-listos-a-servir-al-projimo-ricardo-monreal","status":"publish","type":"post","link":"https:\/\/laredsocial-noticias.com\/wp\/a-un-proyecto-de-nacion-y-nueva-alternativa-de-gobierno-deben-acompanarlo-lideres-natos-listos-a-servir-al-projimo-ricardo-monreal\/","title":{"rendered":"\u201cA un proyecto de naci\u00f3n y nueva alternativa de gobierno deben acompa\u00f1arlo l\u00edderes natos listos a servir al pr\u00f3jimo\u201d: Ricardo Monreal"},"content":{"rendered":"<p>Para convencer, generar un cambio social, impulsar un proyecto de naci\u00f3n y una alternativa de gobierno diferente, se requieren de liderazgos natos que se involucren y que su \u00fanica ambici\u00f3n sea el servir al pr\u00f3jimo, asever\u00f3 Ricardo Monreal.<\/p>\n<p>En M\u00e9xico existen muchos liderazgos con esas aptitudes. \u201cNuestro mosaico es muy amplio para poder convencer y para poder generar un movimiento social como el que ya se gener\u00f3 por el presidente L\u00f3pez Obrador, que son irrepetibles; pero que siempre transforman a la sociedad\u201d, afirm\u00f3 el senador en un video-mensaje de twitter.<\/p>\n<p>El coordinador de la mayor\u00eda senatorial, asegur\u00f3 que los liderazgos se forman, se van construyendo, no nacen ni se forman en la Universidad o en la Escuela. Hay liderazgos natos, un l\u00edder campesino, un l\u00edder de una colonia, una l\u00edder de una secci\u00f3n electoral que, sin haber estudiado o sin tener una preparaci\u00f3n suficientemente reconocida, son verdaderos dirigentes sociales en su comunidad. Se encargan de llevar servicios, de gestionar las demandas de la poblaci\u00f3n o de la regi\u00f3n, o del ejido o de la comunidad.<\/p>\n<p>\u201cConducir un proyecto y el ser jefe o el ser director o l\u00edder de un proyecto pol\u00edtico, tiene que tener con varias caracter\u00edsticas, una de ellas es cuidar su equipo. No maltratarlo y adem\u00e1s darles tareas espec\u00edficas y concretas en las que no se dupliquen las funciones\u201d, continu\u00f3.<\/p>\n<p>Subray\u00f3 que en un equipo de trascendencia nacional se requiere no s\u00f3lo la convicci\u00f3n, sino prepararse y tambi\u00e9n la disciplina dentro del equipo y la divisi\u00f3n de trabajo; haciendo cada uno lo que nos corresponde, siempre fructifica y siempre salen adelante los proyectos en los que creemos.<\/p>\n<p>Monreal \u00c1vila dijo que mucha gente quiere participar, pero no la atienden y no son corteses con ellos. Lo primero que hay que construir en un proyecto, explic\u00f3, es tener gente de confianza y tener gente de convicci\u00f3n; ellos nunca van a traicionar ni nunca van a abandonar.<\/p>\n<p>Consider\u00f3 que un proyecto de naci\u00f3n necesita de ellos. Son los que siempre est\u00e1n ah\u00ed, tocando puertas, convenciendo, generando reacciones positivas, corrientes de opini\u00f3n.<\/p>\n<p>\u201cEn nuestro pa\u00eds hay miles de l\u00edderes naturales en los j\u00f3venes, en las mujeres, en los adultos, en los l\u00edderes campesinos, en los l\u00edderes obreros; en los maestros. Incluso en asociaciones religiosas y ministros de culto religioso, que la ley les permite simplemente opinar sin meterse e involucrarse, yendo a actividades pol\u00edticas, finaliz\u00f3.<\/p>\n<p>VER VIDEO<\/p>\n<p><a href=\"https:\/\/fb.watch\/jIigo2pc1X\/?mibextid=qC1gEa\" target=\"_blank\" rel=\"noopener\">https:\/\/fb.watch\/jIigo2pc1X\/?mibextid=qC1gEa<\/a><\/p>\n<p>&nbsp;<\/p>\n<p><iframe loading=\"lazy\" title=\"Senado, desplazamiento forzado en Mexico\" width=\"740\" height=\"555\" src=\"https:\/\/www.youtube.com\/embed\/sOAs_lTh77s?feature=oembed\" frameborder=\"0\" allow=\"accelerometer; autoplay; clipboard-write; encrypted-media; gyroscope; picture-in-picture; web-share\" referrerpolicy=\"strict-origin-when-cross-origin\" allowfullscreen><\/iframe><\/p>\n","protected":false},"excerpt":{"rendered":"<p>Para convencer, generar un cambio social, impulsar un proyecto de naci\u00f3n y una alternativa de gobierno diferente, se requieren de&#8230;<\/p>\n","protected":false},"author":1,"featured_media":0,"comment_status":"closed","ping_status":"closed","sticky":false,"template":"","format":"standard","meta":{"footnotes":""},"categories":[27,59,11773],"tags":[],"class_list":["post-193174","post","type-post","status-publish","format-standard","hentry","category-congreso-de-la-union","category-senado","category-sucesion-presidencial"],"yoast_head":"<!-- This site is optimized with the Yoast SEO plugin v26.5 - https:\/\/yoast.com\/wordpress\/plugins\/seo\/ -->\n<title>\u201cA un proyecto de naci\u00f3n y nueva alternativa de gobierno deben acompa\u00f1arlo l\u00edderes natos listos a servir al pr\u00f3jimo\u201d: Ricardo Monreal - NOTICIAS<\/title>\n<meta name=\"robots\" content=\"index, follow, max-snippet:-1, max-image-preview:large, max-video-preview:-1\" \/>\n<link rel=\"canonical\" href=\"https:\/\/laredsocial-noticias.com\/wp\/a-un-proyecto-de-nacion-y-nueva-alternativa-de-gobierno-deben-acompanarlo-lideres-natos-listos-a-servir-al-projimo-ricardo-monreal\/\" \/>\n<meta property=\"og:locale\" content=\"es_ES\" \/>\n<meta property=\"og:type\" content=\"article\" \/>\n<meta property=\"og:title\" content=\"\u201cA un proyecto de naci\u00f3n y nueva alternativa de gobierno deben acompa\u00f1arlo l\u00edderes natos listos a servir al pr\u00f3jimo\u201d: Ricardo Monreal - NOTICIAS\" \/>\n<meta property=\"og:description\" content=\"Para convencer, generar un cambio social, impulsar un proyecto de naci\u00f3n y una alternativa de gobierno diferente, se requieren de...\" \/>\n<meta property=\"og:url\" content=\"https:\/\/laredsocial-noticias.com\/wp\/a-un-proyecto-de-nacion-y-nueva-alternativa-de-gobierno-deben-acompanarlo-lideres-natos-listos-a-servir-al-projimo-ricardo-monreal\/\" \/>\n<meta property=\"og:site_name\" content=\"NOTICIAS\" \/>\n<meta property=\"article:published_time\" content=\"2023-04-04T23:23:00+00:00\" \/>\n<meta property=\"og:image\" content=\"https:\/\/laredsocial-noticias.com\/wp\/wp-content\/uploads\/2023\/04\/07538551-9472-409F-8F8F-E27CDF439710.jpeg\" \/>\n\t<meta property=\"og:image:width\" content=\"1106\" \/>\n\t<meta property=\"og:image:height\" content=\"1592\" \/>\n\t<meta property=\"og:image:type\" content=\"image\/jpeg\" \/>\n<meta name=\"author\" content=\"Editor en Jefe\" \/>\n<meta name=\"twitter:card\" content=\"summary_large_image\" \/>\n<meta name=\"twitter:label1\" content=\"Escrito por\" \/>\n\t<meta name=\"twitter:data1\" content=\"Editor en Jefe\" \/>\n\t<meta name=\"twitter:label2\" content=\"Tiempo de lectura\" \/>\n\t<meta name=\"twitter:data2\" content=\"2 minutos\" \/>\n<!-- \/ Yoast SEO plugin. -->","yoast_head_json":{"title":"\u201cA un proyecto de naci\u00f3n y nueva alternativa de gobierno deben acompa\u00f1arlo l\u00edderes natos listos a servir al pr\u00f3jimo\u201d: Ricardo Monreal - NOTICIAS","robots":{"index":"index","follow":"follow","max-snippet":"max-snippet:-1","max-image-preview":"max-image-preview:large","max-video-preview":"max-video-preview:-1"},"canonical":"https:\/\/laredsocial-noticias.com\/wp\/a-un-proyecto-de-nacion-y-nueva-alternativa-de-gobierno-deben-acompanarlo-lideres-natos-listos-a-servir-al-projimo-ricardo-monreal\/","og_locale":"es_ES","og_type":"article","og_title":"\u201cA un proyecto de naci\u00f3n y nueva alternativa de gobierno deben acompa\u00f1arlo l\u00edderes natos listos a servir al pr\u00f3jimo\u201d: Ricardo Monreal - NOTICIAS","og_description":"Para convencer, generar un cambio social, impulsar un proyecto de naci\u00f3n y una alternativa de gobierno diferente, se requieren de...","og_url":"https:\/\/laredsocial-noticias.com\/wp\/a-un-proyecto-de-nacion-y-nueva-alternativa-de-gobierno-deben-acompanarlo-lideres-natos-listos-a-servir-al-projimo-ricardo-monreal\/","og_site_name":"NOTICIAS","article_published_time":"2023-04-04T23:23:00+00:00","og_image":[{"width":1106,"height":1592,"url":"https:\/\/laredsocial-noticias.com\/wp\/wp-content\/uploads\/2023\/04\/07538551-9472-409F-8F8F-E27CDF439710.jpeg","type":"image\/jpeg"}],"author":"Editor en Jefe","twitter_card":"summary_large_image","twitter_misc":{"Escrito por":"Editor en Jefe","Tiempo de lectura":"2 minutos"},"schema":{"@context":"https:\/\/schema.org","@graph":[{"@type":"WebPage","@id":"https:\/\/laredsocial-noticias.com\/wp\/a-un-proyecto-de-nacion-y-nueva-alternativa-de-gobierno-deben-acompanarlo-lideres-natos-listos-a-servir-al-projimo-ricardo-monreal\/","url":"https:\/\/laredsocial-noticias.com\/wp\/a-un-proyecto-de-nacion-y-nueva-alternativa-de-gobierno-deben-acompanarlo-lideres-natos-listos-a-servir-al-projimo-ricardo-monreal\/","name":"\u201cA un proyecto de naci\u00f3n y nueva alternativa de gobierno deben acompa\u00f1arlo l\u00edderes natos listos a servir al pr\u00f3jimo\u201d: Ricardo Monreal - NOTICIAS","isPartOf":{"@id":"https:\/\/laredsocial-noticias.com\/wp\/#website"},"datePublished":"2023-04-04T23:23:00+00:00","author":{"@id":"https:\/\/laredsocial-noticias.com\/wp\/#\/schema\/person\/0ce78643f2de7aae6f6ef10e8453a6e0"},"breadcrumb":{"@id":"https:\/\/laredsocial-noticias.com\/wp\/a-un-proyecto-de-nacion-y-nueva-alternativa-de-gobierno-deben-acompanarlo-lideres-natos-listos-a-servir-al-projimo-ricardo-monreal\/#breadcrumb"},"inLanguage":"es","potentialAction":[{"@type":"ReadAction","target":["https:\/\/laredsocial-noticias.com\/wp\/a-un-proyecto-de-nacion-y-nueva-alternativa-de-gobierno-deben-acompanarlo-lideres-natos-listos-a-servir-al-projimo-ricardo-monreal\/"]}]},{"@type":"BreadcrumbList","@id":"https:\/\/laredsocial-noticias.com\/wp\/a-un-proyecto-de-nacion-y-nueva-alternativa-de-gobierno-deben-acompanarlo-lideres-natos-listos-a-servir-al-projimo-ricardo-monreal\/#breadcrumb","itemListElement":[{"@type":"ListItem","position":1,"name":"Portada","item":"https:\/\/laredsocial-noticias.com\/wp\/"},{"@type":"ListItem","position":2,"name":"\u201cA un proyecto de naci\u00f3n y nueva alternativa de gobierno deben acompa\u00f1arlo l\u00edderes natos listos a servir al pr\u00f3jimo\u201d: Ricardo Monreal"}]},{"@type":"WebSite","@id":"https:\/\/laredsocial-noticias.com\/wp\/#website","url":"https:\/\/laredsocial-noticias.com\/wp\/","name":"NOTICIAS","description":"Lo que se ve y se dice en las redes sociales","potentialAction":[{"@type":"SearchAction","target":{"@type":"EntryPoint","urlTemplate":"https:\/\/laredsocial-noticias.com\/wp\/?s={search_term_string}"},"query-input":{"@type":"PropertyValueSpecification","valueRequired":true,"valueName":"search_term_string"}}],"inLanguage":"es"},{"@type":"Person","@id":"https:\/\/laredsocial-noticias.com\/wp\/#\/schema\/person\/0ce78643f2de7aae6f6ef10e8453a6e0","name":"Editor en Jefe","url":"https:\/\/laredsocial-noticias.com\/wp\/author\/jorgeochoa\/"}]}},"_links":{"self":[{"href":"https:\/\/laredsocial-noticias.com\/wp\/wp-json\/wp\/v2\/posts\/193174","targetHints":{"allow":["GET"]}}],"collection":[{"href":"https:\/\/laredsocial-noticias.com\/wp\/wp-json\/wp\/v2\/posts"}],"about":[{"href":"https:\/\/laredsocial-noticias.com\/wp\/wp-json\/wp\/v2\/types\/post"}],"author":[{"embeddable":true,"href":"https:\/\/laredsocial-noticias.com\/wp\/wp-json\/wp\/v2\/users\/1"}],"replies":[{"embeddable":true,"href":"https:\/\/laredsocial-noticias.com\/wp\/wp-json\/wp\/v2\/comments?post=193174"}],"version-history":[{"count":1,"href":"https:\/\/laredsocial-noticias.com\/wp\/wp-json\/wp\/v2\/posts\/193174\/revisions"}],"predecessor-version":[{"id":193176,"href":"https:\/\/laredsocial-noticias.com\/wp\/wp-json\/wp\/v2\/posts\/193174\/revisions\/193176"}],"wp:attachment":[{"href":"https:\/\/laredsocial-noticias.com\/wp\/wp-json\/wp\/v2\/media?parent=193174"}],"wp:term":[{"taxonomy":"category","embeddable":true,"href":"https:\/\/laredsocial-noticias.com\/wp\/wp-json\/wp\/v2\/categories?post=193174"},{"taxonomy":"post_tag","embeddable":true,"href":"https:\/\/laredsocial-noticias.com\/wp\/wp-json\/wp\/v2\/tags?post=193174"}],"curies":[{"name":"wp","href":"https:\/\/api.w.org\/{rel}","templated":true}]}}