{"id":193278,"date":"2023-04-05T15:30:16","date_gmt":"2023-04-05T20:30:16","guid":{"rendered":"https:\/\/laredsocial-noticias.com\/wp\/?p=193278"},"modified":"2023-04-05T17:34:17","modified_gmt":"2023-04-05T22:34:17","slug":"cierran-bar-cabaretito-tras-agresiones-a-comunidad-lgbtttiq","status":"publish","type":"post","link":"https:\/\/laredsocial-noticias.com\/wp\/cierran-bar-cabaretito-tras-agresiones-a-comunidad-lgbtttiq\/","title":{"rendered":"Cierran bar Cabaretito tras agresiones a comunidad LGBTTTIQ+"},"content":{"rendered":"<p>Despu\u00e9s de que fueran denunciados varios casos de violencia contra integrantes de la comunidad LGBTTTIQ+, autoridades de la alcald\u00eda Cuauht\u00e9moc clausuraron el bar Cabaretito Punto y Aparte, ubicado en Zona Rosa.<\/p>\n<p>La alcaldesa Sandra Cuevas inform\u00f3 a trav\u00e9s de redes sociales sobre la suspensi\u00f3n de actividades en este establecimiento debido a que personal de seguridad agredi\u00f3 f\u00edsicamente a clientes del bar.<\/p>\n<p>Cuevas dio a conocer que los due\u00f1os de Cabaretito ser\u00e1n castigados econ\u00f3micamente, adem\u00e1s de que dejar\u00e1n de tener utilidades por muchos a\u00f1os, advirti\u00f3.<\/p>\n<blockquote class=\"wp-block-quote has-background\"><p>\u201cQuiero dejarle muy claro a los empresarios que esto es un castigo y ustedes van a dejar de tener utilidades por mucho tiempo, ese va a ser su castigo porque no comprenden, no entienden que nosotros estamos obligados a cuidar a los comensales\u201d, dijo.<\/p><\/blockquote>\n<p>Asimismo, reiter\u00f3 que la Zona Rosa, conocida por sus bares y centros nocturnos, no puede ser un espacio que genere violencia y donde se trate mal a turistas.<\/p>\n<div class=\"wp-block-dnp-circular  dnp-circular-news\">\n<div class=\"dnp-circular-container\">\n<div id=\"media\"><\/div>\n<\/div>\n<\/div>\n<p>Tan solo este fin de semana un grupo de j\u00f3venes fueron golpeados por elementos de seguridad de Cabaretito, cuyas lesiones provocaron que terminaran en un hospital.<\/p>\n<p>De este caso se sabe que las v\u00edctimas fueron sacadas a golpes, pero la agresi\u00f3n continu\u00f3 a fuera del establecimiento, es decir, sobre calle Amberes y frente a testigos.<\/p>\n<p>D\u00edas antes una joven fue violada por dos militares a dentro de uno de los ba\u00f1os de este lugar, mismos que fueron detenidos por la Secretar\u00eda de Seguridad Ciudadana (SSC) tras la denuncia de la v\u00edctima.<\/p>\n","protected":false},"excerpt":{"rendered":"<p>Despu\u00e9s de que fueran denunciados varios casos de violencia contra integrantes de la comunidad LGBTTTIQ+, autoridades de la alcald\u00eda Cuauht\u00e9moc&#8230;<\/p>\n","protected":false},"author":1,"featured_media":0,"comment_status":"open","ping_status":"closed","sticky":false,"template":"","format":"standard","meta":{"footnotes":""},"categories":[91,6026],"tags":[261,1469,4959,77],"class_list":["post-193278","post","type-post","status-publish","format-standard","hentry","category-cdmx","category-portada","tag-cdmx","tag-ciudad-de-mexico","tag-featured","tag-principal"],"yoast_head":"<!-- This site is optimized with the Yoast SEO plugin v26.5 - https:\/\/yoast.com\/wordpress\/plugins\/seo\/ -->\n<title>Cierran bar Cabaretito tras agresiones a comunidad LGBTTTIQ+ - NOTICIAS<\/title>\n<meta name=\"robots\" content=\"index, follow, max-snippet:-1, max-image-preview:large, max-video-preview:-1\" \/>\n<link rel=\"canonical\" href=\"https:\/\/laredsocial-noticias.com\/wp\/cierran-bar-cabaretito-tras-agresiones-a-comunidad-lgbtttiq\/\" \/>\n<meta property=\"og:locale\" content=\"es_ES\" \/>\n<meta property=\"og:type\" content=\"article\" \/>\n<meta property=\"og:title\" content=\"Cierran bar Cabaretito tras agresiones a comunidad LGBTTTIQ+ - NOTICIAS\" \/>\n<meta property=\"og:description\" content=\"Despu\u00e9s de que fueran denunciados varios casos de violencia contra integrantes de la comunidad LGBTTTIQ+, autoridades de la alcald\u00eda Cuauht\u00e9moc...\" \/>\n<meta property=\"og:url\" content=\"https:\/\/laredsocial-noticias.com\/wp\/cierran-bar-cabaretito-tras-agresiones-a-comunidad-lgbtttiq\/\" \/>\n<meta property=\"og:site_name\" content=\"NOTICIAS\" \/>\n<meta property=\"article:published_time\" content=\"2023-04-05T20:30:16+00:00\" \/>\n<meta property=\"article:modified_time\" content=\"2023-04-05T22:34:17+00:00\" \/>\n<meta name=\"author\" content=\"Editor en Jefe\" \/>\n<meta name=\"twitter:card\" content=\"summary_large_image\" \/>\n<meta name=\"twitter:label1\" content=\"Escrito por\" \/>\n\t<meta name=\"twitter:data1\" content=\"Editor en Jefe\" \/>\n\t<meta name=\"twitter:label2\" content=\"Tiempo de lectura\" \/>\n\t<meta name=\"twitter:data2\" content=\"1 minuto\" \/>\n<!-- \/ Yoast SEO plugin. -->","yoast_head_json":{"title":"Cierran bar Cabaretito tras agresiones a comunidad LGBTTTIQ+ - NOTICIAS","robots":{"index":"index","follow":"follow","max-snippet":"max-snippet:-1","max-image-preview":"max-image-preview:large","max-video-preview":"max-video-preview:-1"},"canonical":"https:\/\/laredsocial-noticias.com\/wp\/cierran-bar-cabaretito-tras-agresiones-a-comunidad-lgbtttiq\/","og_locale":"es_ES","og_type":"article","og_title":"Cierran bar Cabaretito tras agresiones a comunidad LGBTTTIQ+ - NOTICIAS","og_description":"Despu\u00e9s de que fueran denunciados varios casos de violencia contra integrantes de la comunidad LGBTTTIQ+, autoridades de la alcald\u00eda Cuauht\u00e9moc...","og_url":"https:\/\/laredsocial-noticias.com\/wp\/cierran-bar-cabaretito-tras-agresiones-a-comunidad-lgbtttiq\/","og_site_name":"NOTICIAS","article_published_time":"2023-04-05T20:30:16+00:00","article_modified_time":"2023-04-05T22:34:17+00:00","author":"Editor en Jefe","twitter_card":"summary_large_image","twitter_misc":{"Escrito por":"Editor en Jefe","Tiempo de lectura":"1 minuto"},"schema":{"@context":"https:\/\/schema.org","@graph":[{"@type":"WebPage","@id":"https:\/\/laredsocial-noticias.com\/wp\/cierran-bar-cabaretito-tras-agresiones-a-comunidad-lgbtttiq\/","url":"https:\/\/laredsocial-noticias.com\/wp\/cierran-bar-cabaretito-tras-agresiones-a-comunidad-lgbtttiq\/","name":"Cierran bar Cabaretito tras agresiones a comunidad LGBTTTIQ+ - NOTICIAS","isPartOf":{"@id":"https:\/\/laredsocial-noticias.com\/wp\/#website"},"datePublished":"2023-04-05T20:30:16+00:00","dateModified":"2023-04-05T22:34:17+00:00","author":{"@id":"https:\/\/laredsocial-noticias.com\/wp\/#\/schema\/person\/0ce78643f2de7aae6f6ef10e8453a6e0"},"breadcrumb":{"@id":"https:\/\/laredsocial-noticias.com\/wp\/cierran-bar-cabaretito-tras-agresiones-a-comunidad-lgbtttiq\/#breadcrumb"},"inLanguage":"es","potentialAction":[{"@type":"ReadAction","target":["https:\/\/laredsocial-noticias.com\/wp\/cierran-bar-cabaretito-tras-agresiones-a-comunidad-lgbtttiq\/"]}]},{"@type":"BreadcrumbList","@id":"https:\/\/laredsocial-noticias.com\/wp\/cierran-bar-cabaretito-tras-agresiones-a-comunidad-lgbtttiq\/#breadcrumb","itemListElement":[{"@type":"ListItem","position":1,"name":"Portada","item":"https:\/\/laredsocial-noticias.com\/wp\/"},{"@type":"ListItem","position":2,"name":"Cierran bar Cabaretito tras agresiones a comunidad LGBTTTIQ+"}]},{"@type":"WebSite","@id":"https:\/\/laredsocial-noticias.com\/wp\/#website","url":"https:\/\/laredsocial-noticias.com\/wp\/","name":"NOTICIAS","description":"Lo que se ve y se dice en las redes sociales","potentialAction":[{"@type":"SearchAction","target":{"@type":"EntryPoint","urlTemplate":"https:\/\/laredsocial-noticias.com\/wp\/?s={search_term_string}"},"query-input":{"@type":"PropertyValueSpecification","valueRequired":true,"valueName":"search_term_string"}}],"inLanguage":"es"},{"@type":"Person","@id":"https:\/\/laredsocial-noticias.com\/wp\/#\/schema\/person\/0ce78643f2de7aae6f6ef10e8453a6e0","name":"Editor en Jefe","url":"https:\/\/laredsocial-noticias.com\/wp\/author\/jorgeochoa\/"}]}},"_links":{"self":[{"href":"https:\/\/laredsocial-noticias.com\/wp\/wp-json\/wp\/v2\/posts\/193278","targetHints":{"allow":["GET"]}}],"collection":[{"href":"https:\/\/laredsocial-noticias.com\/wp\/wp-json\/wp\/v2\/posts"}],"about":[{"href":"https:\/\/laredsocial-noticias.com\/wp\/wp-json\/wp\/v2\/types\/post"}],"author":[{"embeddable":true,"href":"https:\/\/laredsocial-noticias.com\/wp\/wp-json\/wp\/v2\/users\/1"}],"replies":[{"embeddable":true,"href":"https:\/\/laredsocial-noticias.com\/wp\/wp-json\/wp\/v2\/comments?post=193278"}],"version-history":[{"count":1,"href":"https:\/\/laredsocial-noticias.com\/wp\/wp-json\/wp\/v2\/posts\/193278\/revisions"}],"predecessor-version":[{"id":193279,"href":"https:\/\/laredsocial-noticias.com\/wp\/wp-json\/wp\/v2\/posts\/193278\/revisions\/193279"}],"wp:attachment":[{"href":"https:\/\/laredsocial-noticias.com\/wp\/wp-json\/wp\/v2\/media?parent=193278"}],"wp:term":[{"taxonomy":"category","embeddable":true,"href":"https:\/\/laredsocial-noticias.com\/wp\/wp-json\/wp\/v2\/categories?post=193278"},{"taxonomy":"post_tag","embeddable":true,"href":"https:\/\/laredsocial-noticias.com\/wp\/wp-json\/wp\/v2\/tags?post=193278"}],"curies":[{"name":"wp","href":"https:\/\/api.w.org\/{rel}","templated":true}]}}