{"id":19376,"date":"2016-07-25T15:40:56","date_gmt":"2016-07-25T20:40:56","guid":{"rendered":"http:\/\/laredsocial-noticias.com\/wp\/?p=19376"},"modified":"2016-07-25T15:41:48","modified_gmt":"2016-07-25T20:41:48","slug":"invertiran-200-millones-de-pesos-para-proyectos-productivos-de-prospera-en-nayarit","status":"publish","type":"post","link":"https:\/\/laredsocial-noticias.com\/wp\/invertiran-200-millones-de-pesos-para-proyectos-productivos-de-prospera-en-nayarit\/","title":{"rendered":"Invertir\u00e1n 200 millones de pesos para proyectos productivos de Prospera en Nayarit"},"content":{"rendered":"<p><img loading=\"lazy\" decoding=\"async\" class=\"aligncenter size-full wp-image-19380\" src=\"http:\/\/laredsocial-noticias.com\/wp\/wp-content\/uploads\/2016\/07\/FOTO-6-En-el-marco-de-la-Firma-de-Convenio-entre-la-Secretar\u00eda-de-Desarrollo-Social-Sedesol-y-la-Financiera-Nacional-de-Desarrollo-Agropecuario-Rural-Forestal-y-Pesquero-FND.jpg\" alt=\"FOTO 6 En el marco de la Firma de Convenio entre la Secretar\u00eda de Desarrollo Social (Sedesol) y la Financiera Nacional de Desarrollo Agropecuario, Rural, Forestal y Pesquero (FND)\" width=\"1197\" height=\"996\" data-wp-pid=\"19380\" \/><\/p>\n<ul>\n<li>El secretario de Desarrollo Social firm\u00f3 con el titular de la Financiera Nacional de Desarrollo un convenio parta apoyar la inclusi\u00f3n social de familias Prospera<\/li>\n<li>En el marco de una gira de trabajo, dio a conocer que se desplegar\u00e1 el Programa de Empleo Temporal para auxiliar a damnificados por lluvias torrenciales en la entidad<\/li>\n<\/ul>\n<blockquote><p>El secretario de Desarrollo Social, Jos\u00e9 Antonio Meade Kuribre\u00f1a, anunci\u00f3 una inversi\u00f3n conjunta de 200 millones de pesos, para apoyar proyectos productivos de familias del Programa Prospera y que ayudar\u00e1 a complementar sus ingresos y consolidar su proceso de inclusi\u00f3n.<\/p><\/blockquote>\n<p>En el marco de la Firma de Convenio entre la Secretar\u00eda de Desarrollo Social (Sedesol) y la Financiera Nacional de Desarrollo (FND), que encabeza Juan Carlos Cort\u00e9s Garc\u00eda, el secretario Meade explic\u00f3 que se trata de 20 millones de pesos \u201cque se van a multiplicar por diez. Por lo tanto, estos 200 millones nos servir\u00e1n para apoyar los proyectos productivos de las familias pertenecientes al Programa Prospera\u201d.<\/p>\n<p>En la Cancha de Basquetbol Agust\u00edn Toscano Bejarano, ubicada en el Parque La Loma del municipio de Tepic, el secretario Meade Kuribre\u00f1a, dio a conocer tambi\u00e9n que la dependencia a su cargo, junto con el gobierno de Nayarit, desplegar\u00e1 todo el apoyo posible para las familias afectadas por las recientes lluvias torrenciales.<\/p>\n<p>Para ello, dijo, se aplicar\u00e1n los beneficios federales del Programa de Empleo Temporal (PET), para apoyar los procesos de limpieza de las colonias afectadas por el temporal y reforzar la econom\u00eda familiar de quienes resultaron damnificados.<\/p>\n<p>El secretario Meade dijo que la Sedesol estar\u00e1 cerca y pendiente de las dificultades por las que atraviesan las familias afectadas por la lluvia, \u201clos vamos a acompa\u00f1ar de parte del presidente Enrique Pe\u00f1a Nieto, con este apoyo de Empleo Temporal para contribuir a construir parte de sus haberes y apoyarlos en los procesos de limpieza de la comunidad\u201d.<\/p>\n<p>Junto a este beneficio, el titular de la pol\u00edtica social del pa\u00eds anunci\u00f3 el compromiso del Gobierno de la Rep\u00fablica para otorgar cr\u00e9ditos en condiciones favorables y acompa\u00f1ar los sue\u00f1os y proyectos de los jefes y jefas de familia del estado que piensen establecer, desde un peque\u00f1o comercio, hasta un peque\u00f1o negocio agropecuario.<\/p>\n<p>\u201cEl cr\u00e9dito puede ser de hasta 270 mil pesos y el cr\u00e9dito promedio de la Financiera en el sector social es como de 170 mil pesos\u201d, resalt\u00f3 Meade Kuribre\u00f1a al se\u00f1alar que esta oportunidad es un \u201cbuen empuj\u00f3n\u201d para concretar un sue\u00f1o.<\/p>\n<p>Dijo que, aun cuando hay restricciones presupuestales, la Sedesol seguir\u00e1 acompa\u00f1ando a los nayaritas con programas como Prospera, Adultos Mayores, Seguro de Vida para Jefas de Familia y el despliegue peri\u00f3dico de Liconsa, Diconsa y las Estancias Infantiles, \u201cque nos permiten acompa\u00f1ar los esfuerzos que a diario realizan\u201d.<\/p>\n<p>En su gira de trabajo, el titular de la Sedesol tambi\u00e9n visit\u00f3 la Estancia Infantil Piccolo, donde suscribi\u00f3 un convenio con la Secretar\u00eda de Educaci\u00f3n P\u00fablica del estado de Nayarit, e hizo entrega de apoyos a las ocho nuevas responsables de Estancias Infantiles por un M\u00e9xico Incluyente.<\/p>\n<p><iframe loading=\"lazy\" title=\"Aspectos Estancia infantil y Firma\" width=\"740\" height=\"416\" src=\"https:\/\/www.youtube.com\/embed\/YStHs6m3p94?feature=oembed\" frameborder=\"0\" allow=\"accelerometer; autoplay; clipboard-write; encrypted-media; gyroscope; picture-in-picture; web-share\" referrerpolicy=\"strict-origin-when-cross-origin\" allowfullscreen><\/iframe><\/p>\n<p><iframe loading=\"lazy\" title=\"Entrevista a Medios JAM Nayarit 25julio16\" width=\"740\" height=\"416\" src=\"https:\/\/www.youtube.com\/embed\/cT9hV8dZ3Bo?feature=oembed\" frameborder=\"0\" allow=\"accelerometer; autoplay; clipboard-write; encrypted-media; gyroscope; picture-in-picture; web-share\" referrerpolicy=\"strict-origin-when-cross-origin\" allowfullscreen><\/iframe><\/p>\n<p>&nbsp;<\/p>\n<p>&nbsp;<\/p>\n","protected":false},"excerpt":{"rendered":"<p>El secretario de Desarrollo Social firm\u00f3 con el titular de la Financiera Nacional de Desarrollo un convenio parta apoyar la&#8230;<\/p>\n","protected":false},"author":1,"featured_media":0,"comment_status":"open","ping_status":"open","sticky":false,"template":"","format":"standard","meta":{"footnotes":""},"categories":[2379,19,1],"tags":[],"class_list":["post-19376","post","type-post","status-publish","format-standard","hentry","category-estados-2","category-laboral","category-uncategorized"],"yoast_head":"<!-- This site is optimized with the Yoast SEO plugin v26.5 - https:\/\/yoast.com\/wordpress\/plugins\/seo\/ -->\n<title>Invertir\u00e1n 200 millones de pesos para proyectos productivos de Prospera en Nayarit - NOTICIAS<\/title>\n<meta name=\"robots\" content=\"index, follow, max-snippet:-1, max-image-preview:large, max-video-preview:-1\" \/>\n<link rel=\"canonical\" href=\"https:\/\/laredsocial-noticias.com\/wp\/invertiran-200-millones-de-pesos-para-proyectos-productivos-de-prospera-en-nayarit\/\" \/>\n<meta property=\"og:locale\" content=\"es_ES\" \/>\n<meta property=\"og:type\" content=\"article\" \/>\n<meta property=\"og:title\" content=\"Invertir\u00e1n 200 millones de pesos para proyectos productivos de Prospera en Nayarit - NOTICIAS\" \/>\n<meta property=\"og:description\" content=\"El secretario de Desarrollo Social firm\u00f3 con el titular de la Financiera Nacional de Desarrollo un convenio parta apoyar la...\" \/>\n<meta property=\"og:url\" content=\"https:\/\/laredsocial-noticias.com\/wp\/invertiran-200-millones-de-pesos-para-proyectos-productivos-de-prospera-en-nayarit\/\" \/>\n<meta property=\"og:site_name\" content=\"NOTICIAS\" \/>\n<meta property=\"article:published_time\" content=\"2016-07-25T20:40:56+00:00\" \/>\n<meta property=\"article:modified_time\" content=\"2016-07-25T20:41:48+00:00\" \/>\n<meta property=\"og:image\" content=\"http:\/\/laredsocial-noticias.com\/wp\/wp-content\/uploads\/2016\/07\/FOTO-6-En-el-marco-de-la-Firma-de-Convenio-entre-la-Secretar\u00eda-de-Desarrollo-Social-Sedesol-y-la-Financiera-Nacional-de-Desarrollo-Agropecuario-Rural-Forestal-y-Pesquero-FND.jpg\" \/>\n<meta name=\"author\" content=\"Editor en Jefe\" \/>\n<meta name=\"twitter:card\" content=\"summary_large_image\" \/>\n<meta name=\"twitter:label1\" content=\"Escrito por\" \/>\n\t<meta name=\"twitter:data1\" content=\"Editor en Jefe\" \/>\n\t<meta name=\"twitter:label2\" content=\"Tiempo de lectura\" \/>\n\t<meta name=\"twitter:data2\" content=\"3 minutos\" \/>\n<!-- \/ Yoast SEO plugin. -->","yoast_head_json":{"title":"Invertir\u00e1n 200 millones de pesos para proyectos productivos de Prospera en Nayarit - NOTICIAS","robots":{"index":"index","follow":"follow","max-snippet":"max-snippet:-1","max-image-preview":"max-image-preview:large","max-video-preview":"max-video-preview:-1"},"canonical":"https:\/\/laredsocial-noticias.com\/wp\/invertiran-200-millones-de-pesos-para-proyectos-productivos-de-prospera-en-nayarit\/","og_locale":"es_ES","og_type":"article","og_title":"Invertir\u00e1n 200 millones de pesos para proyectos productivos de Prospera en Nayarit - NOTICIAS","og_description":"El secretario de Desarrollo Social firm\u00f3 con el titular de la Financiera Nacional de Desarrollo un convenio parta apoyar la...","og_url":"https:\/\/laredsocial-noticias.com\/wp\/invertiran-200-millones-de-pesos-para-proyectos-productivos-de-prospera-en-nayarit\/","og_site_name":"NOTICIAS","article_published_time":"2016-07-25T20:40:56+00:00","article_modified_time":"2016-07-25T20:41:48+00:00","og_image":[{"url":"http:\/\/laredsocial-noticias.com\/wp\/wp-content\/uploads\/2016\/07\/FOTO-6-En-el-marco-de-la-Firma-de-Convenio-entre-la-Secretar\u00eda-de-Desarrollo-Social-Sedesol-y-la-Financiera-Nacional-de-Desarrollo-Agropecuario-Rural-Forestal-y-Pesquero-FND.jpg","type":"","width":"","height":""}],"author":"Editor en Jefe","twitter_card":"summary_large_image","twitter_misc":{"Escrito por":"Editor en Jefe","Tiempo de lectura":"3 minutos"},"schema":{"@context":"https:\/\/schema.org","@graph":[{"@type":"WebPage","@id":"https:\/\/laredsocial-noticias.com\/wp\/invertiran-200-millones-de-pesos-para-proyectos-productivos-de-prospera-en-nayarit\/","url":"https:\/\/laredsocial-noticias.com\/wp\/invertiran-200-millones-de-pesos-para-proyectos-productivos-de-prospera-en-nayarit\/","name":"Invertir\u00e1n 200 millones de pesos para proyectos productivos de Prospera en Nayarit - NOTICIAS","isPartOf":{"@id":"https:\/\/laredsocial-noticias.com\/wp\/#website"},"datePublished":"2016-07-25T20:40:56+00:00","dateModified":"2016-07-25T20:41:48+00:00","author":{"@id":"https:\/\/laredsocial-noticias.com\/wp\/#\/schema\/person\/0ce78643f2de7aae6f6ef10e8453a6e0"},"breadcrumb":{"@id":"https:\/\/laredsocial-noticias.com\/wp\/invertiran-200-millones-de-pesos-para-proyectos-productivos-de-prospera-en-nayarit\/#breadcrumb"},"inLanguage":"es","potentialAction":[{"@type":"ReadAction","target":["https:\/\/laredsocial-noticias.com\/wp\/invertiran-200-millones-de-pesos-para-proyectos-productivos-de-prospera-en-nayarit\/"]}]},{"@type":"BreadcrumbList","@id":"https:\/\/laredsocial-noticias.com\/wp\/invertiran-200-millones-de-pesos-para-proyectos-productivos-de-prospera-en-nayarit\/#breadcrumb","itemListElement":[{"@type":"ListItem","position":1,"name":"Portada","item":"https:\/\/laredsocial-noticias.com\/wp\/"},{"@type":"ListItem","position":2,"name":"Invertir\u00e1n 200 millones de pesos para proyectos productivos de Prospera en Nayarit"}]},{"@type":"WebSite","@id":"https:\/\/laredsocial-noticias.com\/wp\/#website","url":"https:\/\/laredsocial-noticias.com\/wp\/","name":"NOTICIAS","description":"Lo que se ve y se dice en las redes sociales","potentialAction":[{"@type":"SearchAction","target":{"@type":"EntryPoint","urlTemplate":"https:\/\/laredsocial-noticias.com\/wp\/?s={search_term_string}"},"query-input":{"@type":"PropertyValueSpecification","valueRequired":true,"valueName":"search_term_string"}}],"inLanguage":"es"},{"@type":"Person","@id":"https:\/\/laredsocial-noticias.com\/wp\/#\/schema\/person\/0ce78643f2de7aae6f6ef10e8453a6e0","name":"Editor en Jefe","url":"https:\/\/laredsocial-noticias.com\/wp\/author\/jorgeochoa\/"}]}},"_links":{"self":[{"href":"https:\/\/laredsocial-noticias.com\/wp\/wp-json\/wp\/v2\/posts\/19376","targetHints":{"allow":["GET"]}}],"collection":[{"href":"https:\/\/laredsocial-noticias.com\/wp\/wp-json\/wp\/v2\/posts"}],"about":[{"href":"https:\/\/laredsocial-noticias.com\/wp\/wp-json\/wp\/v2\/types\/post"}],"author":[{"embeddable":true,"href":"https:\/\/laredsocial-noticias.com\/wp\/wp-json\/wp\/v2\/users\/1"}],"replies":[{"embeddable":true,"href":"https:\/\/laredsocial-noticias.com\/wp\/wp-json\/wp\/v2\/comments?post=19376"}],"version-history":[{"count":3,"href":"https:\/\/laredsocial-noticias.com\/wp\/wp-json\/wp\/v2\/posts\/19376\/revisions"}],"predecessor-version":[{"id":19384,"href":"https:\/\/laredsocial-noticias.com\/wp\/wp-json\/wp\/v2\/posts\/19376\/revisions\/19384"}],"wp:attachment":[{"href":"https:\/\/laredsocial-noticias.com\/wp\/wp-json\/wp\/v2\/media?parent=19376"}],"wp:term":[{"taxonomy":"category","embeddable":true,"href":"https:\/\/laredsocial-noticias.com\/wp\/wp-json\/wp\/v2\/categories?post=19376"},{"taxonomy":"post_tag","embeddable":true,"href":"https:\/\/laredsocial-noticias.com\/wp\/wp-json\/wp\/v2\/tags?post=19376"}],"curies":[{"name":"wp","href":"https:\/\/api.w.org\/{rel}","templated":true}]}}