{"id":194834,"date":"2023-04-27T11:00:47","date_gmt":"2023-04-27T16:00:47","guid":{"rendered":"https:\/\/laredsocial-noticias.com\/wp\/?p=194834"},"modified":"2023-04-27T14:00:28","modified_gmt":"2023-04-27T20:00:28","slug":"segob-desconoce-indagatoria-de-andorra-contra-pena-nieto","status":"publish","type":"post","link":"https:\/\/laredsocial-noticias.com\/wp\/segob-desconoce-indagatoria-de-andorra-contra-pena-nieto\/","title":{"rendered":"Segob desconoce indagatoria de Andorra contra Pe\u00f1a Nieto"},"content":{"rendered":"<p>El secretario de Gobernaci\u00f3n, Ad\u00e1n Augusto L\u00f3pez Hern\u00e1ndez, asegur\u00f3 que\u00a0no tienen conocimiento de alguna investigaci\u00f3n de\u00a0Andorra en contra del expresidente Enrique Pe\u00f1a Nieto\u00a0por el caso del abogado Juan Collado.<\/p>\n<p>La respuesta de L\u00f3pez Hern\u00e1ndez llega un d\u00eda despu\u00e9s de que se difundiera que dicho pa\u00eds habr\u00eda solicitado informaci\u00f3n a Estados Unidos sobre los registros de vuelo de dos aeronaves propiedad del litigante.<\/p>\n<p>\u201cAl menos en la Secretar\u00eda de Gobernaci\u00f3n no tenemos conocimiento de alguna investigaci\u00f3n del gobierno de Andorra en contra de Pe\u00f1a Nieto. Derivado de un proceso en contra de Juan Collado hay una cantidad de dinero de su propiedad, es p\u00fablico, varios millones de euros, que est\u00e1n en proceso de congelamiento, as\u00ed lo solicit\u00f3 la instituci\u00f3n financiera de Andorra, est\u00e1n congelados en ese pa\u00eds y hay una investigaci\u00f3n en ese pa\u00eds en contra de Juan Collado, ac\u00e1 en M\u00e9xico est\u00e1 detenido por otros delitos\u201d, coment\u00f3.<\/p>\n<p>El diario El Pa\u00eds\u00a0difundi\u00f3 el d\u00eda de ayer, mi\u00e9rcoles, que Andorra solicit\u00f3 a las autoridades de Estados Unidos investigar los vuelos que realiz\u00f3 el expresidente\u00a0Enrique Pe\u00f1a Nieto en aviones del abogado Juan Collado,\u00a0quien actualmente permanece preso por el delito de lavado de dinero y delincuencia organizada.<\/p>\n<p>De acuerdo con el medio,\u00a0Pe\u00f1a Nieto habr\u00eda utilizado los aviones de Collado, mismo que tienen registro en Estados Unidos,\u00a0cuando concluy\u00f3 su administraci\u00f3n en M\u00e9xico.<\/p>\n<p>Declaraciones del propio mandatario citadas por\u00a0El Pa\u00eds,\u00a0indican que viaj\u00f3 tres veces en una aeronave perteneciente al abogado, adem\u00e1s de asegurar que no se us\u00f3 con fines personales.<\/p>\n","protected":false},"excerpt":{"rendered":"<p>El secretario de Gobernaci\u00f3n, Ad\u00e1n Augusto L\u00f3pez Hern\u00e1ndez, asegur\u00f3 que\u00a0no tienen conocimiento de alguna investigaci\u00f3n de\u00a0Andorra en contra del expresidente&#8230;<\/p>\n","protected":false},"author":1,"featured_media":0,"comment_status":"open","ping_status":"closed","sticky":false,"template":"","format":"standard","meta":{"footnotes":""},"categories":[78,6026],"tags":[4959,77],"class_list":["post-194834","post","type-post","status-publish","format-standard","hentry","category-nacional","category-portada","tag-featured","tag-principal"],"yoast_head":"<!-- This site is optimized with the Yoast SEO plugin v26.5 - https:\/\/yoast.com\/wordpress\/plugins\/seo\/ -->\n<title>Segob desconoce indagatoria de Andorra contra Pe\u00f1a Nieto - NOTICIAS<\/title>\n<meta name=\"robots\" content=\"index, follow, max-snippet:-1, max-image-preview:large, max-video-preview:-1\" \/>\n<link rel=\"canonical\" href=\"https:\/\/laredsocial-noticias.com\/wp\/segob-desconoce-indagatoria-de-andorra-contra-pena-nieto\/\" \/>\n<meta property=\"og:locale\" content=\"es_ES\" \/>\n<meta property=\"og:type\" content=\"article\" \/>\n<meta property=\"og:title\" content=\"Segob desconoce indagatoria de Andorra contra Pe\u00f1a Nieto - NOTICIAS\" \/>\n<meta property=\"og:description\" content=\"El secretario de Gobernaci\u00f3n, Ad\u00e1n Augusto L\u00f3pez Hern\u00e1ndez, asegur\u00f3 que\u00a0no tienen conocimiento de alguna investigaci\u00f3n de\u00a0Andorra en contra del expresidente...\" \/>\n<meta property=\"og:url\" content=\"https:\/\/laredsocial-noticias.com\/wp\/segob-desconoce-indagatoria-de-andorra-contra-pena-nieto\/\" \/>\n<meta property=\"og:site_name\" content=\"NOTICIAS\" \/>\n<meta property=\"article:published_time\" content=\"2023-04-27T16:00:47+00:00\" \/>\n<meta property=\"article:modified_time\" content=\"2023-04-27T20:00:28+00:00\" \/>\n<meta name=\"author\" content=\"Editor en Jefe\" \/>\n<meta name=\"twitter:card\" content=\"summary_large_image\" \/>\n<meta name=\"twitter:label1\" content=\"Escrito por\" \/>\n\t<meta name=\"twitter:data1\" content=\"Editor en Jefe\" \/>\n\t<meta name=\"twitter:label2\" content=\"Tiempo de lectura\" \/>\n\t<meta name=\"twitter:data2\" content=\"1 minuto\" \/>\n<!-- \/ Yoast SEO plugin. -->","yoast_head_json":{"title":"Segob desconoce indagatoria de Andorra contra Pe\u00f1a Nieto - NOTICIAS","robots":{"index":"index","follow":"follow","max-snippet":"max-snippet:-1","max-image-preview":"max-image-preview:large","max-video-preview":"max-video-preview:-1"},"canonical":"https:\/\/laredsocial-noticias.com\/wp\/segob-desconoce-indagatoria-de-andorra-contra-pena-nieto\/","og_locale":"es_ES","og_type":"article","og_title":"Segob desconoce indagatoria de Andorra contra Pe\u00f1a Nieto - NOTICIAS","og_description":"El secretario de Gobernaci\u00f3n, Ad\u00e1n Augusto L\u00f3pez Hern\u00e1ndez, asegur\u00f3 que\u00a0no tienen conocimiento de alguna investigaci\u00f3n de\u00a0Andorra en contra del expresidente...","og_url":"https:\/\/laredsocial-noticias.com\/wp\/segob-desconoce-indagatoria-de-andorra-contra-pena-nieto\/","og_site_name":"NOTICIAS","article_published_time":"2023-04-27T16:00:47+00:00","article_modified_time":"2023-04-27T20:00:28+00:00","author":"Editor en Jefe","twitter_card":"summary_large_image","twitter_misc":{"Escrito por":"Editor en Jefe","Tiempo de lectura":"1 minuto"},"schema":{"@context":"https:\/\/schema.org","@graph":[{"@type":"WebPage","@id":"https:\/\/laredsocial-noticias.com\/wp\/segob-desconoce-indagatoria-de-andorra-contra-pena-nieto\/","url":"https:\/\/laredsocial-noticias.com\/wp\/segob-desconoce-indagatoria-de-andorra-contra-pena-nieto\/","name":"Segob desconoce indagatoria de Andorra contra Pe\u00f1a Nieto - NOTICIAS","isPartOf":{"@id":"https:\/\/laredsocial-noticias.com\/wp\/#website"},"datePublished":"2023-04-27T16:00:47+00:00","dateModified":"2023-04-27T20:00:28+00:00","author":{"@id":"https:\/\/laredsocial-noticias.com\/wp\/#\/schema\/person\/0ce78643f2de7aae6f6ef10e8453a6e0"},"breadcrumb":{"@id":"https:\/\/laredsocial-noticias.com\/wp\/segob-desconoce-indagatoria-de-andorra-contra-pena-nieto\/#breadcrumb"},"inLanguage":"es","potentialAction":[{"@type":"ReadAction","target":["https:\/\/laredsocial-noticias.com\/wp\/segob-desconoce-indagatoria-de-andorra-contra-pena-nieto\/"]}]},{"@type":"BreadcrumbList","@id":"https:\/\/laredsocial-noticias.com\/wp\/segob-desconoce-indagatoria-de-andorra-contra-pena-nieto\/#breadcrumb","itemListElement":[{"@type":"ListItem","position":1,"name":"Portada","item":"https:\/\/laredsocial-noticias.com\/wp\/"},{"@type":"ListItem","position":2,"name":"Segob desconoce indagatoria de Andorra contra Pe\u00f1a Nieto"}]},{"@type":"WebSite","@id":"https:\/\/laredsocial-noticias.com\/wp\/#website","url":"https:\/\/laredsocial-noticias.com\/wp\/","name":"NOTICIAS","description":"Lo que se ve y se dice en las redes sociales","potentialAction":[{"@type":"SearchAction","target":{"@type":"EntryPoint","urlTemplate":"https:\/\/laredsocial-noticias.com\/wp\/?s={search_term_string}"},"query-input":{"@type":"PropertyValueSpecification","valueRequired":true,"valueName":"search_term_string"}}],"inLanguage":"es"},{"@type":"Person","@id":"https:\/\/laredsocial-noticias.com\/wp\/#\/schema\/person\/0ce78643f2de7aae6f6ef10e8453a6e0","name":"Editor en Jefe","url":"https:\/\/laredsocial-noticias.com\/wp\/author\/jorgeochoa\/"}]}},"_links":{"self":[{"href":"https:\/\/laredsocial-noticias.com\/wp\/wp-json\/wp\/v2\/posts\/194834","targetHints":{"allow":["GET"]}}],"collection":[{"href":"https:\/\/laredsocial-noticias.com\/wp\/wp-json\/wp\/v2\/posts"}],"about":[{"href":"https:\/\/laredsocial-noticias.com\/wp\/wp-json\/wp\/v2\/types\/post"}],"author":[{"embeddable":true,"href":"https:\/\/laredsocial-noticias.com\/wp\/wp-json\/wp\/v2\/users\/1"}],"replies":[{"embeddable":true,"href":"https:\/\/laredsocial-noticias.com\/wp\/wp-json\/wp\/v2\/comments?post=194834"}],"version-history":[{"count":1,"href":"https:\/\/laredsocial-noticias.com\/wp\/wp-json\/wp\/v2\/posts\/194834\/revisions"}],"predecessor-version":[{"id":194835,"href":"https:\/\/laredsocial-noticias.com\/wp\/wp-json\/wp\/v2\/posts\/194834\/revisions\/194835"}],"wp:attachment":[{"href":"https:\/\/laredsocial-noticias.com\/wp\/wp-json\/wp\/v2\/media?parent=194834"}],"wp:term":[{"taxonomy":"category","embeddable":true,"href":"https:\/\/laredsocial-noticias.com\/wp\/wp-json\/wp\/v2\/categories?post=194834"},{"taxonomy":"post_tag","embeddable":true,"href":"https:\/\/laredsocial-noticias.com\/wp\/wp-json\/wp\/v2\/tags?post=194834"}],"curies":[{"name":"wp","href":"https:\/\/api.w.org\/{rel}","templated":true}]}}