{"id":196859,"date":"2023-05-26T12:00:34","date_gmt":"2023-05-26T17:00:34","guid":{"rendered":"https:\/\/laredsocial-noticias.com\/wp\/?p=196859"},"modified":"2023-05-26T15:46:27","modified_gmt":"2023-05-26T21:46:27","slug":"dron-de-la-semar-capta-impresionantes-imagenes-del-crater-del-popocatepetl","status":"publish","type":"post","link":"https:\/\/laredsocial-noticias.com\/wp\/dron-de-la-semar-capta-impresionantes-imagenes-del-crater-del-popocatepetl\/","title":{"rendered":"Dron de la Semar capta impresionantes im\u00e1genes del cr\u00e1ter del Popocat\u00e9petl"},"content":{"rendered":"<p>Un dron de la Secretar\u00eda de Marina (SEMAR) logr\u00f3 captar im\u00e1genes del cr\u00e1ter del volc\u00e1n Popocat\u00e9petl, que muestra la gran cortina de humo que sale del coraz\u00f3n del coloso.<\/p>\n<p>En un video compartido por las fuerzas armadas se observa una toma cercana del tremor cuya amplitud contin\u00faa decreciendo, luego de que presentara un incremento en su actividad desde el pasado 20 de mayo<\/p>\n<p>Al momento el\u00a0sem\u00e1foro de alerta volc\u00e1nica se mantiene\u00a0en Amarillo fase 3.<\/p>\n<p>Este viernes 26 de mayo, el Centro Nacional de Prevenci\u00f3n de Desastres (Cenapred) inform\u00f3 que las condiciones meteorol\u00f3gicas prevalecientes en la zona no permiten la visibilidad hacia la cima del volc\u00e1n, aunque espor\u00e1dicamente, se ha podido observar una emisi\u00f3n de\u00a0vapor y gas con bajo contenido de ceniza\u00a0con direcci\u00f3n sur-sureste Cualquier cambio en la actividad ser\u00e1 reportado oportunamente.<\/p>\n<p>Por su parte, tras su reuni\u00f3n del pasado 24 de mayo, el Comit\u00e9 Cient\u00edfico Asesor del volc\u00e1n Popocat\u00e9petl recomend\u00f3 mantener el Sem\u00e1foro de Alerta Volc\u00e1nica en\u00a0Amarillo fase 3, con base en el an\u00e1lisis de la informaci\u00f3n reciente.<\/p>\n<p>El Cenapred reiter\u00f3 su recomendaci\u00f3n de\u00a0NO ASCENDER\u00a0al cr\u00e1ter del volc\u00e1n, toda vez que existe la posibilidad de que ocurran explosiones, como se ha visto en varias ocasiones en el pasado, que implican la emisi\u00f3n de fragmentos incandescentes.<\/p>\n<p>Por lo que se insiste en respetar el radio de exclusi\u00f3n de 12 km. As\u00ed mismo en caso de lluvias fuertes, alejarse de los fondos de barrancas por el peligro de flujos de lodo y escombro.<\/p>\n","protected":false},"excerpt":{"rendered":"<p>Un dron de la Secretar\u00eda de Marina (SEMAR) logr\u00f3 captar im\u00e1genes del cr\u00e1ter del volc\u00e1n Popocat\u00e9petl, que muestra la gran&#8230;<\/p>\n","protected":false},"author":1,"featured_media":0,"comment_status":"open","ping_status":"closed","sticky":false,"template":"","format":"standard","meta":{"footnotes":""},"categories":[2379,6026],"tags":[4959,77],"class_list":["post-196859","post","type-post","status-publish","format-standard","hentry","category-estados-2","category-portada","tag-featured","tag-principal"],"yoast_head":"<!-- This site is optimized with the Yoast SEO plugin v26.5 - https:\/\/yoast.com\/wordpress\/plugins\/seo\/ -->\n<title>Dron de la Semar capta impresionantes im\u00e1genes del cr\u00e1ter del Popocat\u00e9petl - NOTICIAS<\/title>\n<meta name=\"robots\" content=\"index, follow, max-snippet:-1, max-image-preview:large, max-video-preview:-1\" \/>\n<link rel=\"canonical\" href=\"https:\/\/laredsocial-noticias.com\/wp\/dron-de-la-semar-capta-impresionantes-imagenes-del-crater-del-popocatepetl\/\" \/>\n<meta property=\"og:locale\" content=\"es_ES\" \/>\n<meta property=\"og:type\" content=\"article\" \/>\n<meta property=\"og:title\" content=\"Dron de la Semar capta impresionantes im\u00e1genes del cr\u00e1ter del Popocat\u00e9petl - NOTICIAS\" \/>\n<meta property=\"og:description\" content=\"Un dron de la Secretar\u00eda de Marina (SEMAR) logr\u00f3 captar im\u00e1genes del cr\u00e1ter del volc\u00e1n Popocat\u00e9petl, que muestra la gran...\" \/>\n<meta property=\"og:url\" content=\"https:\/\/laredsocial-noticias.com\/wp\/dron-de-la-semar-capta-impresionantes-imagenes-del-crater-del-popocatepetl\/\" \/>\n<meta property=\"og:site_name\" content=\"NOTICIAS\" \/>\n<meta property=\"article:published_time\" content=\"2023-05-26T17:00:34+00:00\" \/>\n<meta property=\"article:modified_time\" content=\"2023-05-26T21:46:27+00:00\" \/>\n<meta name=\"author\" content=\"Editor en Jefe\" \/>\n<meta name=\"twitter:card\" content=\"summary_large_image\" \/>\n<meta name=\"twitter:label1\" content=\"Escrito por\" \/>\n\t<meta name=\"twitter:data1\" content=\"Editor en Jefe\" \/>\n\t<meta name=\"twitter:label2\" content=\"Tiempo de lectura\" \/>\n\t<meta name=\"twitter:data2\" content=\"1 minuto\" \/>\n<!-- \/ Yoast SEO plugin. -->","yoast_head_json":{"title":"Dron de la Semar capta impresionantes im\u00e1genes del cr\u00e1ter del Popocat\u00e9petl - NOTICIAS","robots":{"index":"index","follow":"follow","max-snippet":"max-snippet:-1","max-image-preview":"max-image-preview:large","max-video-preview":"max-video-preview:-1"},"canonical":"https:\/\/laredsocial-noticias.com\/wp\/dron-de-la-semar-capta-impresionantes-imagenes-del-crater-del-popocatepetl\/","og_locale":"es_ES","og_type":"article","og_title":"Dron de la Semar capta impresionantes im\u00e1genes del cr\u00e1ter del Popocat\u00e9petl - NOTICIAS","og_description":"Un dron de la Secretar\u00eda de Marina (SEMAR) logr\u00f3 captar im\u00e1genes del cr\u00e1ter del volc\u00e1n Popocat\u00e9petl, que muestra la gran...","og_url":"https:\/\/laredsocial-noticias.com\/wp\/dron-de-la-semar-capta-impresionantes-imagenes-del-crater-del-popocatepetl\/","og_site_name":"NOTICIAS","article_published_time":"2023-05-26T17:00:34+00:00","article_modified_time":"2023-05-26T21:46:27+00:00","author":"Editor en Jefe","twitter_card":"summary_large_image","twitter_misc":{"Escrito por":"Editor en Jefe","Tiempo de lectura":"1 minuto"},"schema":{"@context":"https:\/\/schema.org","@graph":[{"@type":"WebPage","@id":"https:\/\/laredsocial-noticias.com\/wp\/dron-de-la-semar-capta-impresionantes-imagenes-del-crater-del-popocatepetl\/","url":"https:\/\/laredsocial-noticias.com\/wp\/dron-de-la-semar-capta-impresionantes-imagenes-del-crater-del-popocatepetl\/","name":"Dron de la Semar capta impresionantes im\u00e1genes del cr\u00e1ter del Popocat\u00e9petl - NOTICIAS","isPartOf":{"@id":"https:\/\/laredsocial-noticias.com\/wp\/#website"},"datePublished":"2023-05-26T17:00:34+00:00","dateModified":"2023-05-26T21:46:27+00:00","author":{"@id":"https:\/\/laredsocial-noticias.com\/wp\/#\/schema\/person\/0ce78643f2de7aae6f6ef10e8453a6e0"},"breadcrumb":{"@id":"https:\/\/laredsocial-noticias.com\/wp\/dron-de-la-semar-capta-impresionantes-imagenes-del-crater-del-popocatepetl\/#breadcrumb"},"inLanguage":"es","potentialAction":[{"@type":"ReadAction","target":["https:\/\/laredsocial-noticias.com\/wp\/dron-de-la-semar-capta-impresionantes-imagenes-del-crater-del-popocatepetl\/"]}]},{"@type":"BreadcrumbList","@id":"https:\/\/laredsocial-noticias.com\/wp\/dron-de-la-semar-capta-impresionantes-imagenes-del-crater-del-popocatepetl\/#breadcrumb","itemListElement":[{"@type":"ListItem","position":1,"name":"Portada","item":"https:\/\/laredsocial-noticias.com\/wp\/"},{"@type":"ListItem","position":2,"name":"Dron de la Semar capta impresionantes im\u00e1genes del cr\u00e1ter del Popocat\u00e9petl"}]},{"@type":"WebSite","@id":"https:\/\/laredsocial-noticias.com\/wp\/#website","url":"https:\/\/laredsocial-noticias.com\/wp\/","name":"NOTICIAS","description":"Lo que se ve y se dice en las redes sociales","potentialAction":[{"@type":"SearchAction","target":{"@type":"EntryPoint","urlTemplate":"https:\/\/laredsocial-noticias.com\/wp\/?s={search_term_string}"},"query-input":{"@type":"PropertyValueSpecification","valueRequired":true,"valueName":"search_term_string"}}],"inLanguage":"es"},{"@type":"Person","@id":"https:\/\/laredsocial-noticias.com\/wp\/#\/schema\/person\/0ce78643f2de7aae6f6ef10e8453a6e0","name":"Editor en Jefe","url":"https:\/\/laredsocial-noticias.com\/wp\/author\/jorgeochoa\/"}]}},"_links":{"self":[{"href":"https:\/\/laredsocial-noticias.com\/wp\/wp-json\/wp\/v2\/posts\/196859","targetHints":{"allow":["GET"]}}],"collection":[{"href":"https:\/\/laredsocial-noticias.com\/wp\/wp-json\/wp\/v2\/posts"}],"about":[{"href":"https:\/\/laredsocial-noticias.com\/wp\/wp-json\/wp\/v2\/types\/post"}],"author":[{"embeddable":true,"href":"https:\/\/laredsocial-noticias.com\/wp\/wp-json\/wp\/v2\/users\/1"}],"replies":[{"embeddable":true,"href":"https:\/\/laredsocial-noticias.com\/wp\/wp-json\/wp\/v2\/comments?post=196859"}],"version-history":[{"count":1,"href":"https:\/\/laredsocial-noticias.com\/wp\/wp-json\/wp\/v2\/posts\/196859\/revisions"}],"predecessor-version":[{"id":196860,"href":"https:\/\/laredsocial-noticias.com\/wp\/wp-json\/wp\/v2\/posts\/196859\/revisions\/196860"}],"wp:attachment":[{"href":"https:\/\/laredsocial-noticias.com\/wp\/wp-json\/wp\/v2\/media?parent=196859"}],"wp:term":[{"taxonomy":"category","embeddable":true,"href":"https:\/\/laredsocial-noticias.com\/wp\/wp-json\/wp\/v2\/categories?post=196859"},{"taxonomy":"post_tag","embeddable":true,"href":"https:\/\/laredsocial-noticias.com\/wp\/wp-json\/wp\/v2\/tags?post=196859"}],"curies":[{"name":"wp","href":"https:\/\/api.w.org\/{rel}","templated":true}]}}