{"id":197570,"date":"2023-06-05T18:00:25","date_gmt":"2023-06-05T23:00:25","guid":{"rendered":"https:\/\/laredsocial-noticias.com\/wp\/?p=197570"},"modified":"2023-06-05T22:44:06","modified_gmt":"2023-06-06T04:44:06","slug":"rosa-icela-rodriguez-aboga-por-la-unidad-y-propuestas-en-la-contienda-de-2024","status":"publish","type":"post","link":"https:\/\/laredsocial-noticias.com\/wp\/rosa-icela-rodriguez-aboga-por-la-unidad-y-propuestas-en-la-contienda-de-2024\/","title":{"rendered":"Rosa Icela Rodr\u00edguez aboga por la unidad y propuestas en la contienda de 2024"},"content":{"rendered":"<p>Rosa Icela Rodr\u00edguez, quien se perfila como una de las contendientes en la elecci\u00f3n de 2024 por la Ciudad de M\u00e9xico, asegur\u00f3 que entre los aspirantes de la 4t debe prevalecer ante todo la unidad y las propuestas, por lo cual, se manifest\u00f3 en contra de una contienda de descalificaciones.<\/p>\n<p>La ex\u00a0secretaria de Gobierno de la Ciudad de M\u00e9xico,\u00a0subray\u00f3 que el eje rector de los aspirantes debe ser la unidad y continuar con la transformaci\u00f3n iniciada por el Presidente Andr\u00e9s Manuel L\u00f3pez Obrador.<\/p>\n<p>Reiter\u00f3 que lo primero es escuchar a la gente para atender sus demandas y no apoyar campa\u00f1as negras o descalificaciones, pues las disputas internas s\u00f3lo ayudan a los adversarios.<\/p>\n<p>Asegur\u00f3 que su eje rector, en caso de participar en la encuesta, ser\u00e1n las propuestas positivas para atender los retos en materia de movilidad, educaci\u00f3n y agua.<\/p>\n<blockquote class=\"wp-block-quote\"><p>\u201cMe niego a una contienda interna en contra de los integrantes del Movimiento. Hay que hacer propuestas, ser propositivos\u201d, reiter\u00f3 Rosa Icela Rodr\u00edguez.<\/p><\/blockquote>\n<p>Al ser consultada sobre el triunfo de la maestra Delfina G\u00f3mez en el Estado de M\u00e9xico, la felicit\u00f3 y calific\u00f3 como un gran ejemplo de la cultura del esfuerzo y de que la dedicaci\u00f3n rinde frutos para lograr un mejor pa\u00eds.<\/p>\n<p>Asegur\u00f3 que, la divisi\u00f3n es sin\u00f3nimo de derrota, como se vio en la elecci\u00f3n del estado de Coahuila.<\/p>\n<p>Para\u00a0Rosa Icela\u00a0el m\u00e9todo para elegir a los aspirantes a ocupar alg\u00fan cargo de elecci\u00f3n popular es la encuesta, y reiter\u00f3 su compromiso de preservar los ideales de la 4T de no mentir, no robar y no traicionar a los mexicanos.<\/p>\n","protected":false},"excerpt":{"rendered":"<p>Rosa Icela Rodr\u00edguez, quien se perfila como una de las contendientes en la elecci\u00f3n de 2024 por la Ciudad de&#8230;<\/p>\n","protected":false},"author":1,"featured_media":0,"comment_status":"open","ping_status":"closed","sticky":false,"template":"","format":"standard","meta":{"footnotes":""},"categories":[78,6026],"tags":[4959,77],"class_list":["post-197570","post","type-post","status-publish","format-standard","hentry","category-nacional","category-portada","tag-featured","tag-principal"],"yoast_head":"<!-- This site is optimized with the Yoast SEO plugin v26.5 - https:\/\/yoast.com\/wordpress\/plugins\/seo\/ -->\n<title>Rosa Icela Rodr\u00edguez aboga por la unidad y propuestas en la contienda de 2024 - NOTICIAS<\/title>\n<meta name=\"robots\" content=\"index, follow, max-snippet:-1, max-image-preview:large, max-video-preview:-1\" \/>\n<link rel=\"canonical\" href=\"https:\/\/laredsocial-noticias.com\/wp\/rosa-icela-rodriguez-aboga-por-la-unidad-y-propuestas-en-la-contienda-de-2024\/\" \/>\n<meta property=\"og:locale\" content=\"es_ES\" \/>\n<meta property=\"og:type\" content=\"article\" \/>\n<meta property=\"og:title\" content=\"Rosa Icela Rodr\u00edguez aboga por la unidad y propuestas en la contienda de 2024 - NOTICIAS\" \/>\n<meta property=\"og:description\" content=\"Rosa Icela Rodr\u00edguez, quien se perfila como una de las contendientes en la elecci\u00f3n de 2024 por la Ciudad de...\" \/>\n<meta property=\"og:url\" content=\"https:\/\/laredsocial-noticias.com\/wp\/rosa-icela-rodriguez-aboga-por-la-unidad-y-propuestas-en-la-contienda-de-2024\/\" \/>\n<meta property=\"og:site_name\" content=\"NOTICIAS\" \/>\n<meta property=\"article:published_time\" content=\"2023-06-05T23:00:25+00:00\" \/>\n<meta property=\"article:modified_time\" content=\"2023-06-06T04:44:06+00:00\" \/>\n<meta name=\"author\" content=\"Editor en Jefe\" \/>\n<meta name=\"twitter:card\" content=\"summary_large_image\" \/>\n<meta name=\"twitter:label1\" content=\"Escrito por\" \/>\n\t<meta name=\"twitter:data1\" content=\"Editor en Jefe\" \/>\n\t<meta name=\"twitter:label2\" content=\"Tiempo de lectura\" \/>\n\t<meta name=\"twitter:data2\" content=\"1 minuto\" \/>\n<!-- \/ Yoast SEO plugin. -->","yoast_head_json":{"title":"Rosa Icela Rodr\u00edguez aboga por la unidad y propuestas en la contienda de 2024 - NOTICIAS","robots":{"index":"index","follow":"follow","max-snippet":"max-snippet:-1","max-image-preview":"max-image-preview:large","max-video-preview":"max-video-preview:-1"},"canonical":"https:\/\/laredsocial-noticias.com\/wp\/rosa-icela-rodriguez-aboga-por-la-unidad-y-propuestas-en-la-contienda-de-2024\/","og_locale":"es_ES","og_type":"article","og_title":"Rosa Icela Rodr\u00edguez aboga por la unidad y propuestas en la contienda de 2024 - NOTICIAS","og_description":"Rosa Icela Rodr\u00edguez, quien se perfila como una de las contendientes en la elecci\u00f3n de 2024 por la Ciudad de...","og_url":"https:\/\/laredsocial-noticias.com\/wp\/rosa-icela-rodriguez-aboga-por-la-unidad-y-propuestas-en-la-contienda-de-2024\/","og_site_name":"NOTICIAS","article_published_time":"2023-06-05T23:00:25+00:00","article_modified_time":"2023-06-06T04:44:06+00:00","author":"Editor en Jefe","twitter_card":"summary_large_image","twitter_misc":{"Escrito por":"Editor en Jefe","Tiempo de lectura":"1 minuto"},"schema":{"@context":"https:\/\/schema.org","@graph":[{"@type":"WebPage","@id":"https:\/\/laredsocial-noticias.com\/wp\/rosa-icela-rodriguez-aboga-por-la-unidad-y-propuestas-en-la-contienda-de-2024\/","url":"https:\/\/laredsocial-noticias.com\/wp\/rosa-icela-rodriguez-aboga-por-la-unidad-y-propuestas-en-la-contienda-de-2024\/","name":"Rosa Icela Rodr\u00edguez aboga por la unidad y propuestas en la contienda de 2024 - NOTICIAS","isPartOf":{"@id":"https:\/\/laredsocial-noticias.com\/wp\/#website"},"datePublished":"2023-06-05T23:00:25+00:00","dateModified":"2023-06-06T04:44:06+00:00","author":{"@id":"https:\/\/laredsocial-noticias.com\/wp\/#\/schema\/person\/0ce78643f2de7aae6f6ef10e8453a6e0"},"breadcrumb":{"@id":"https:\/\/laredsocial-noticias.com\/wp\/rosa-icela-rodriguez-aboga-por-la-unidad-y-propuestas-en-la-contienda-de-2024\/#breadcrumb"},"inLanguage":"es","potentialAction":[{"@type":"ReadAction","target":["https:\/\/laredsocial-noticias.com\/wp\/rosa-icela-rodriguez-aboga-por-la-unidad-y-propuestas-en-la-contienda-de-2024\/"]}]},{"@type":"BreadcrumbList","@id":"https:\/\/laredsocial-noticias.com\/wp\/rosa-icela-rodriguez-aboga-por-la-unidad-y-propuestas-en-la-contienda-de-2024\/#breadcrumb","itemListElement":[{"@type":"ListItem","position":1,"name":"Portada","item":"https:\/\/laredsocial-noticias.com\/wp\/"},{"@type":"ListItem","position":2,"name":"Rosa Icela Rodr\u00edguez aboga por la unidad y propuestas en la contienda de 2024"}]},{"@type":"WebSite","@id":"https:\/\/laredsocial-noticias.com\/wp\/#website","url":"https:\/\/laredsocial-noticias.com\/wp\/","name":"NOTICIAS","description":"Lo que se ve y se dice en las redes sociales","potentialAction":[{"@type":"SearchAction","target":{"@type":"EntryPoint","urlTemplate":"https:\/\/laredsocial-noticias.com\/wp\/?s={search_term_string}"},"query-input":{"@type":"PropertyValueSpecification","valueRequired":true,"valueName":"search_term_string"}}],"inLanguage":"es"},{"@type":"Person","@id":"https:\/\/laredsocial-noticias.com\/wp\/#\/schema\/person\/0ce78643f2de7aae6f6ef10e8453a6e0","name":"Editor en Jefe","url":"https:\/\/laredsocial-noticias.com\/wp\/author\/jorgeochoa\/"}]}},"_links":{"self":[{"href":"https:\/\/laredsocial-noticias.com\/wp\/wp-json\/wp\/v2\/posts\/197570","targetHints":{"allow":["GET"]}}],"collection":[{"href":"https:\/\/laredsocial-noticias.com\/wp\/wp-json\/wp\/v2\/posts"}],"about":[{"href":"https:\/\/laredsocial-noticias.com\/wp\/wp-json\/wp\/v2\/types\/post"}],"author":[{"embeddable":true,"href":"https:\/\/laredsocial-noticias.com\/wp\/wp-json\/wp\/v2\/users\/1"}],"replies":[{"embeddable":true,"href":"https:\/\/laredsocial-noticias.com\/wp\/wp-json\/wp\/v2\/comments?post=197570"}],"version-history":[{"count":1,"href":"https:\/\/laredsocial-noticias.com\/wp\/wp-json\/wp\/v2\/posts\/197570\/revisions"}],"predecessor-version":[{"id":197571,"href":"https:\/\/laredsocial-noticias.com\/wp\/wp-json\/wp\/v2\/posts\/197570\/revisions\/197571"}],"wp:attachment":[{"href":"https:\/\/laredsocial-noticias.com\/wp\/wp-json\/wp\/v2\/media?parent=197570"}],"wp:term":[{"taxonomy":"category","embeddable":true,"href":"https:\/\/laredsocial-noticias.com\/wp\/wp-json\/wp\/v2\/categories?post=197570"},{"taxonomy":"post_tag","embeddable":true,"href":"https:\/\/laredsocial-noticias.com\/wp\/wp-json\/wp\/v2\/tags?post=197570"}],"curies":[{"name":"wp","href":"https:\/\/api.w.org\/{rel}","templated":true}]}}