{"id":197621,"date":"2023-06-06T18:00:26","date_gmt":"2023-06-06T23:00:26","guid":{"rendered":"https:\/\/laredsocial-noticias.com\/wp\/?p=197621"},"modified":"2023-06-06T14:35:02","modified_gmt":"2023-06-06T20:35:02","slug":"sheinbaum-y-adan-augusto-encabezan-preferencia-ciudadana-en-encuesta","status":"publish","type":"post","link":"https:\/\/laredsocial-noticias.com\/wp\/sheinbaum-y-adan-augusto-encabezan-preferencia-ciudadana-en-encuesta\/","title":{"rendered":"Sheinbaum y Ad\u00e1n Augusto encabezan preferencia ciudadana en encuesta"},"content":{"rendered":"<p>De acuerdo con una encuesta realizada por la consultor\u00eda Opini\u00f3n P\u00fablica, Claudia Sheinbaum Pardo, la jefa de gobierno de la Ciudad de M\u00e9xico, y Ad\u00e1n Augusto L\u00f3pez Hern\u00e1ndez, el secretario de Gobernaci\u00f3n, son los candidatos presidenciales dentro del Movimiento de Regeneraci\u00f3n Nacional (Morena), preferidos de los ciudadanos.<\/p>\n<p>El ejercicio que mide la opini\u00f3n p\u00fablica pregunt\u00f3 a los encuestados: \u201cde los siguientes aspirantes de MORENA \u00bfpor qui\u00e9n votar\u00eda para Presidente de la Rep\u00fablica?\u201d, y 34.9% respondieron que por Claudia Sheinbaum, y 29.7% dijo optar por Ad\u00e1n Augusto L\u00f3pez Hern\u00e1ndez.<\/p>\n<p>En el tercer lugar se ubic\u00f3 el secretario de Relaciones Exteriores, Marcelo Ebrard, con 28.3% de las preferencias, mientras que Gerardo Fern\u00e1ndez Noro\u00f1a y Ricardo Monreal concentraron 5% y 2.1% de las preferencias, respectivamente.<\/p>\n<p>A pocos d\u00edas de que se definan las reglas de la encuesta que decidir\u00e1 qui\u00e9n ser\u00e1 el candidato del partido guinda, Sheinbaum Pardo y L\u00f3pez Hern\u00e1ndez son los m\u00e1s populares entre los ciudadanos, seg\u00fan las \u00faltimas encuestas, y a pesar de que la funcionaria se mantiene a la cabeza, el tabasque\u00f1o se acerca a ella cada vez m\u00e1s, con un promedio de cinco puntos de diferencia o menos.<\/p>\n<p>Mientras que Marcelo Ebrard pelea codo a codo el segundo puesto, a pesar de que en el \u00faltimo mes ha manifestado algunas inconformidades con la dirigencia nacional de MORENA por la falta de lineamientos sobre la encuesta interna.<\/p>\n<p>Adem\u00e1s, tras el triunfo de Delfina G\u00f3mez en el Estado de M\u00e9xico, las \u201ccorcholatas\u201d felicitaron a la pol\u00edtica mexiquense por ello, y en el caso de Ad\u00e1n Augusto dijo que este triunfo es resultado de la labor que ha hecho el Movimiento de Regeneraci\u00f3n Nacional en todo el pa\u00eds, por lo que afirm\u00f3 que \u201ctarde o temprano, el pueblo siempre triunfa. No es posible poner barreras a las grandes transformaciones sociales que todo un pa\u00eds demanda\u201d, destac\u00f3 el encargado de la pol\u00edtica interna.<\/p>\n<p>Este es el segundo levantamiento mensual que realiza la consultor\u00eda Opini\u00f3n P\u00fablica y en la que participaron mil personas mayores de edad de los 32 estados del pa\u00eds, y se llev\u00f3 a cabo entre el 26 y 27 de mayo.<\/p>\n<p>Cabe destacar que entre los encuestados un 42.7% de los encuestados fueron hombres, mientras que 57.3% son mujeres, donde la mayor\u00eda tienen entre 30 y 49 a\u00f1os, pues este rango concentra al 47.8%, seguido de los mayores de 50 a\u00f1os con 28% y un 24.2% de entre 18 y 29 a\u00f1os.<\/p>\n<p>Sobre la encuesta, la firma detall\u00f3 que se realizaron llamadas telef\u00f3nicas que fueron grabadas y se aplic\u00f3 un factor de correcci\u00f3n, de acuerdo con los datos m\u00e1s recientes de las listas nominales publicadas por el Instituto Nacional Electoral (INE).<\/p>\n","protected":false},"excerpt":{"rendered":"<p>De acuerdo con una encuesta realizada por la consultor\u00eda Opini\u00f3n P\u00fablica, Claudia Sheinbaum Pardo, la jefa de gobierno de la&#8230;<\/p>\n","protected":false},"author":1,"featured_media":0,"comment_status":"open","ping_status":"closed","sticky":false,"template":"","format":"standard","meta":{"footnotes":""},"categories":[78,6026],"tags":[4959,77],"class_list":["post-197621","post","type-post","status-publish","format-standard","hentry","category-nacional","category-portada","tag-featured","tag-principal"],"yoast_head":"<!-- This site is optimized with the Yoast SEO plugin v26.5 - https:\/\/yoast.com\/wordpress\/plugins\/seo\/ -->\n<title>Sheinbaum y Ad\u00e1n Augusto encabezan preferencia ciudadana en encuesta - NOTICIAS<\/title>\n<meta name=\"robots\" content=\"index, follow, max-snippet:-1, max-image-preview:large, max-video-preview:-1\" \/>\n<link rel=\"canonical\" href=\"https:\/\/laredsocial-noticias.com\/wp\/sheinbaum-y-adan-augusto-encabezan-preferencia-ciudadana-en-encuesta\/\" \/>\n<meta property=\"og:locale\" content=\"es_ES\" \/>\n<meta property=\"og:type\" content=\"article\" \/>\n<meta property=\"og:title\" content=\"Sheinbaum y Ad\u00e1n Augusto encabezan preferencia ciudadana en encuesta - NOTICIAS\" \/>\n<meta property=\"og:description\" content=\"De acuerdo con una encuesta realizada por la consultor\u00eda Opini\u00f3n P\u00fablica, Claudia Sheinbaum Pardo, la jefa de gobierno de la...\" \/>\n<meta property=\"og:url\" content=\"https:\/\/laredsocial-noticias.com\/wp\/sheinbaum-y-adan-augusto-encabezan-preferencia-ciudadana-en-encuesta\/\" \/>\n<meta property=\"og:site_name\" content=\"NOTICIAS\" \/>\n<meta property=\"article:published_time\" content=\"2023-06-06T23:00:26+00:00\" \/>\n<meta property=\"og:image\" content=\"https:\/\/laredsocial-noticias.com\/wp\/wp-content\/uploads\/2023\/06\/AdanAugustoDelfinaGomez.jpg\" \/>\n\t<meta property=\"og:image:width\" content=\"1280\" \/>\n\t<meta property=\"og:image:height\" content=\"720\" \/>\n\t<meta property=\"og:image:type\" content=\"image\/jpeg\" \/>\n<meta name=\"author\" content=\"Editor en Jefe\" \/>\n<meta name=\"twitter:card\" content=\"summary_large_image\" \/>\n<meta name=\"twitter:label1\" content=\"Escrito por\" \/>\n\t<meta name=\"twitter:data1\" content=\"Editor en Jefe\" \/>\n\t<meta name=\"twitter:label2\" content=\"Tiempo de lectura\" \/>\n\t<meta name=\"twitter:data2\" content=\"2 minutos\" \/>\n<!-- \/ Yoast SEO plugin. -->","yoast_head_json":{"title":"Sheinbaum y Ad\u00e1n Augusto encabezan preferencia ciudadana en encuesta - NOTICIAS","robots":{"index":"index","follow":"follow","max-snippet":"max-snippet:-1","max-image-preview":"max-image-preview:large","max-video-preview":"max-video-preview:-1"},"canonical":"https:\/\/laredsocial-noticias.com\/wp\/sheinbaum-y-adan-augusto-encabezan-preferencia-ciudadana-en-encuesta\/","og_locale":"es_ES","og_type":"article","og_title":"Sheinbaum y Ad\u00e1n Augusto encabezan preferencia ciudadana en encuesta - NOTICIAS","og_description":"De acuerdo con una encuesta realizada por la consultor\u00eda Opini\u00f3n P\u00fablica, Claudia Sheinbaum Pardo, la jefa de gobierno de la...","og_url":"https:\/\/laredsocial-noticias.com\/wp\/sheinbaum-y-adan-augusto-encabezan-preferencia-ciudadana-en-encuesta\/","og_site_name":"NOTICIAS","article_published_time":"2023-06-06T23:00:26+00:00","og_image":[{"width":1280,"height":720,"url":"https:\/\/laredsocial-noticias.com\/wp\/wp-content\/uploads\/2023\/06\/AdanAugustoDelfinaGomez.jpg","type":"image\/jpeg"}],"author":"Editor en Jefe","twitter_card":"summary_large_image","twitter_misc":{"Escrito por":"Editor en Jefe","Tiempo de lectura":"2 minutos"},"schema":{"@context":"https:\/\/schema.org","@graph":[{"@type":"WebPage","@id":"https:\/\/laredsocial-noticias.com\/wp\/sheinbaum-y-adan-augusto-encabezan-preferencia-ciudadana-en-encuesta\/","url":"https:\/\/laredsocial-noticias.com\/wp\/sheinbaum-y-adan-augusto-encabezan-preferencia-ciudadana-en-encuesta\/","name":"Sheinbaum y Ad\u00e1n Augusto encabezan preferencia ciudadana en encuesta - NOTICIAS","isPartOf":{"@id":"https:\/\/laredsocial-noticias.com\/wp\/#website"},"datePublished":"2023-06-06T23:00:26+00:00","author":{"@id":"https:\/\/laredsocial-noticias.com\/wp\/#\/schema\/person\/0ce78643f2de7aae6f6ef10e8453a6e0"},"breadcrumb":{"@id":"https:\/\/laredsocial-noticias.com\/wp\/sheinbaum-y-adan-augusto-encabezan-preferencia-ciudadana-en-encuesta\/#breadcrumb"},"inLanguage":"es","potentialAction":[{"@type":"ReadAction","target":["https:\/\/laredsocial-noticias.com\/wp\/sheinbaum-y-adan-augusto-encabezan-preferencia-ciudadana-en-encuesta\/"]}]},{"@type":"BreadcrumbList","@id":"https:\/\/laredsocial-noticias.com\/wp\/sheinbaum-y-adan-augusto-encabezan-preferencia-ciudadana-en-encuesta\/#breadcrumb","itemListElement":[{"@type":"ListItem","position":1,"name":"Portada","item":"https:\/\/laredsocial-noticias.com\/wp\/"},{"@type":"ListItem","position":2,"name":"Sheinbaum y Ad\u00e1n Augusto encabezan preferencia ciudadana en encuesta"}]},{"@type":"WebSite","@id":"https:\/\/laredsocial-noticias.com\/wp\/#website","url":"https:\/\/laredsocial-noticias.com\/wp\/","name":"NOTICIAS","description":"Lo que se ve y se dice en las redes sociales","potentialAction":[{"@type":"SearchAction","target":{"@type":"EntryPoint","urlTemplate":"https:\/\/laredsocial-noticias.com\/wp\/?s={search_term_string}"},"query-input":{"@type":"PropertyValueSpecification","valueRequired":true,"valueName":"search_term_string"}}],"inLanguage":"es"},{"@type":"Person","@id":"https:\/\/laredsocial-noticias.com\/wp\/#\/schema\/person\/0ce78643f2de7aae6f6ef10e8453a6e0","name":"Editor en Jefe","url":"https:\/\/laredsocial-noticias.com\/wp\/author\/jorgeochoa\/"}]}},"_links":{"self":[{"href":"https:\/\/laredsocial-noticias.com\/wp\/wp-json\/wp\/v2\/posts\/197621","targetHints":{"allow":["GET"]}}],"collection":[{"href":"https:\/\/laredsocial-noticias.com\/wp\/wp-json\/wp\/v2\/posts"}],"about":[{"href":"https:\/\/laredsocial-noticias.com\/wp\/wp-json\/wp\/v2\/types\/post"}],"author":[{"embeddable":true,"href":"https:\/\/laredsocial-noticias.com\/wp\/wp-json\/wp\/v2\/users\/1"}],"replies":[{"embeddable":true,"href":"https:\/\/laredsocial-noticias.com\/wp\/wp-json\/wp\/v2\/comments?post=197621"}],"version-history":[{"count":1,"href":"https:\/\/laredsocial-noticias.com\/wp\/wp-json\/wp\/v2\/posts\/197621\/revisions"}],"predecessor-version":[{"id":197622,"href":"https:\/\/laredsocial-noticias.com\/wp\/wp-json\/wp\/v2\/posts\/197621\/revisions\/197622"}],"wp:attachment":[{"href":"https:\/\/laredsocial-noticias.com\/wp\/wp-json\/wp\/v2\/media?parent=197621"}],"wp:term":[{"taxonomy":"category","embeddable":true,"href":"https:\/\/laredsocial-noticias.com\/wp\/wp-json\/wp\/v2\/categories?post=197621"},{"taxonomy":"post_tag","embeddable":true,"href":"https:\/\/laredsocial-noticias.com\/wp\/wp-json\/wp\/v2\/tags?post=197621"}],"curies":[{"name":"wp","href":"https:\/\/api.w.org\/{rel}","templated":true}]}}