{"id":198480,"date":"2023-06-19T00:01:21","date_gmt":"2023-06-19T05:01:21","guid":{"rendered":"https:\/\/laredsocial-noticias.com\/wp\/?p=198480"},"modified":"2023-06-19T09:19:53","modified_gmt":"2023-06-19T15:19:53","slug":"gobierno-de-calidad-la-obsesion-emulable","status":"publish","type":"post","link":"https:\/\/laredsocial-noticias.com\/wp\/gobierno-de-calidad-la-obsesion-emulable\/","title":{"rendered":"GOBIERNO DE CALIDAD \/La obsesi\u00f3n emulable"},"content":{"rendered":"<p>Por Jorge Manrique, Rector del Colegio Jurista y director de Gobierno de calidad, consultor\u00eda de pol\u00edticas p\u00fablicas<\/p>\n<p>Ante la incertidumbre e irrupciones de todo tipo en el panorama empresarial, la \u00fanica obsesi\u00f3n posible es la transformaci\u00f3n.<\/p>\n<p>En tiempos vol\u00e1tiles el retrasar las decisiones, reducir la grasa, agacharse y esperar capear la tormenta s\u00f3lo conduce a la inercia. En contraparte, hay quienes abrazan la transformaci\u00f3n y planean salir de los tiempos vol\u00e1tiles armados con nuevos modelos de negocios y flujos de ingresos. En resumen, quieren ganar a trav\u00e9s de la transformaci\u00f3n.<\/p>\n<p>Durante una crisis, las empresas ganadoras en lugar de entrar en p\u00e1nico, congelarse o dar marcha atr\u00e1s, realizan inversiones proactivas en sus modelos comerciales, operativos y tecnol\u00f3gicos que impulsan los resultados de rendimiento en \u00e1reas como innovaci\u00f3n, velocidad de comercializaci\u00f3n y flexibilidad.<\/p>\n<p>Los l\u00edderes exitosos entienden la necesidad de una transformaci\u00f3n continua, de arriba a abajo y de extremo a extremo, y enfocan sus esfuerzos adecuadamente.<\/p>\n<p>Durante una recesi\u00f3n, las empresas est\u00e1n bajo presi\u00f3n para detectar cada acci\u00f3n y fuente de valor. Aunque muchos tienden a retroceder o poner pausa a acciones cruciales, \u00a0en realidad solo necesitan retroceder en las inversiones que no ofrecen ROI.<\/p>\n<p>Las reestructuraciones deben incluir recortes en dos ejes: financieros y no financieros e involucrar empleados, clientes, accionistas y las comunidades en las que opera.<\/p>\n<p>Las empresas con visi\u00f3n de futuro saben que pueden realizar inversiones y adquisiciones con grandes descuentos durante las recesiones. Los retrocesos crean brechas en el mercado donde los competidores pueden ganar cuota de mercado, y se abren posibilidades para que las organizaciones encuentren nuevas empresas y compa\u00f1\u00edas que puedan proporcionarles futuras fuentes de ingresos, talento e incluso nuevos modelos de negocio.<\/p>\n<p>Al mismo tiempo, durante los tiempos dif\u00edciles, es f\u00e1cil ver a los clientes como una forma de generar ingresos, pero el cliente tambi\u00e9n pasa por los mismos momentos dif\u00edciles, y esta es la oportunidad de apoyarlos. Cuando las empresas conectan una comprensi\u00f3n profunda de los clientes en sus modelos de negocio, operaciones y toma de decisiones, no solo aumentan el valor para los clientes, sino que obtienen informaci\u00f3n que ayuda a diferenciar a\u00fan m\u00e1s el negocio.<\/p>\n<p>Otro punto de crecimiento continuo reside en la inspiraci\u00f3n para transformar. Muchas ideas innovadoras emergen de los diarios y revistas de negocios, pero tambi\u00e9n de las conversaciones con\u00a0 actores de otras industrias. Las interrelaciones enriquecen y permiten ampliar las perspectivas.<\/p>\n<p>En suma, cuando alguien est\u00e1 plenamente comprometido con la transformaci\u00f3n y evoluci\u00f3n se compromete con ayudar a los otros a destacar e impacta positivamente los resultados de la empresa. La proactividad nunca estuvo m\u00e1s unida a la transformaci\u00f3n corporativa que ahora.<\/p>\n","protected":false},"excerpt":{"rendered":"<p>Por Jorge Manrique, Rector del Colegio Jurista y director de Gobierno de calidad, consultor\u00eda de pol\u00edticas p\u00fablicas Ante la incertidumbre&#8230;<\/p>\n","protected":false},"author":1,"featured_media":0,"comment_status":"open","ping_status":"closed","sticky":false,"template":"","format":"standard","meta":{"footnotes":""},"categories":[2811,6026],"tags":[4959,77],"class_list":["post-198480","post","type-post","status-publish","format-standard","hentry","category-economia","category-portada","tag-featured","tag-principal"],"yoast_head":"<!-- This site is optimized with the Yoast SEO plugin v26.5 - https:\/\/yoast.com\/wordpress\/plugins\/seo\/ -->\n<title>GOBIERNO DE CALIDAD \/La obsesi\u00f3n emulable - NOTICIAS<\/title>\n<meta name=\"robots\" content=\"index, follow, max-snippet:-1, max-image-preview:large, max-video-preview:-1\" \/>\n<link rel=\"canonical\" href=\"https:\/\/laredsocial-noticias.com\/wp\/gobierno-de-calidad-la-obsesion-emulable\/\" \/>\n<meta property=\"og:locale\" content=\"es_ES\" \/>\n<meta property=\"og:type\" content=\"article\" \/>\n<meta property=\"og:title\" content=\"GOBIERNO DE CALIDAD \/La obsesi\u00f3n emulable - NOTICIAS\" \/>\n<meta property=\"og:description\" content=\"Por Jorge Manrique, Rector del Colegio Jurista y director de Gobierno de calidad, consultor\u00eda de pol\u00edticas p\u00fablicas Ante la incertidumbre...\" \/>\n<meta property=\"og:url\" content=\"https:\/\/laredsocial-noticias.com\/wp\/gobierno-de-calidad-la-obsesion-emulable\/\" \/>\n<meta property=\"og:site_name\" content=\"NOTICIAS\" \/>\n<meta property=\"article:published_time\" content=\"2023-06-19T05:01:21+00:00\" \/>\n<meta property=\"article:modified_time\" content=\"2023-06-19T15:19:53+00:00\" \/>\n<meta name=\"author\" content=\"Editor en Jefe\" \/>\n<meta name=\"twitter:card\" content=\"summary_large_image\" \/>\n<meta name=\"twitter:label1\" content=\"Escrito por\" \/>\n\t<meta name=\"twitter:data1\" content=\"Editor en Jefe\" \/>\n\t<meta name=\"twitter:label2\" content=\"Tiempo de lectura\" \/>\n\t<meta name=\"twitter:data2\" content=\"3 minutos\" \/>\n<!-- \/ Yoast SEO plugin. -->","yoast_head_json":{"title":"GOBIERNO DE CALIDAD \/La obsesi\u00f3n emulable - NOTICIAS","robots":{"index":"index","follow":"follow","max-snippet":"max-snippet:-1","max-image-preview":"max-image-preview:large","max-video-preview":"max-video-preview:-1"},"canonical":"https:\/\/laredsocial-noticias.com\/wp\/gobierno-de-calidad-la-obsesion-emulable\/","og_locale":"es_ES","og_type":"article","og_title":"GOBIERNO DE CALIDAD \/La obsesi\u00f3n emulable - NOTICIAS","og_description":"Por Jorge Manrique, Rector del Colegio Jurista y director de Gobierno de calidad, consultor\u00eda de pol\u00edticas p\u00fablicas Ante la incertidumbre...","og_url":"https:\/\/laredsocial-noticias.com\/wp\/gobierno-de-calidad-la-obsesion-emulable\/","og_site_name":"NOTICIAS","article_published_time":"2023-06-19T05:01:21+00:00","article_modified_time":"2023-06-19T15:19:53+00:00","author":"Editor en Jefe","twitter_card":"summary_large_image","twitter_misc":{"Escrito por":"Editor en Jefe","Tiempo de lectura":"3 minutos"},"schema":{"@context":"https:\/\/schema.org","@graph":[{"@type":"WebPage","@id":"https:\/\/laredsocial-noticias.com\/wp\/gobierno-de-calidad-la-obsesion-emulable\/","url":"https:\/\/laredsocial-noticias.com\/wp\/gobierno-de-calidad-la-obsesion-emulable\/","name":"GOBIERNO DE CALIDAD \/La obsesi\u00f3n emulable - NOTICIAS","isPartOf":{"@id":"https:\/\/laredsocial-noticias.com\/wp\/#website"},"datePublished":"2023-06-19T05:01:21+00:00","dateModified":"2023-06-19T15:19:53+00:00","author":{"@id":"https:\/\/laredsocial-noticias.com\/wp\/#\/schema\/person\/0ce78643f2de7aae6f6ef10e8453a6e0"},"breadcrumb":{"@id":"https:\/\/laredsocial-noticias.com\/wp\/gobierno-de-calidad-la-obsesion-emulable\/#breadcrumb"},"inLanguage":"es","potentialAction":[{"@type":"ReadAction","target":["https:\/\/laredsocial-noticias.com\/wp\/gobierno-de-calidad-la-obsesion-emulable\/"]}]},{"@type":"BreadcrumbList","@id":"https:\/\/laredsocial-noticias.com\/wp\/gobierno-de-calidad-la-obsesion-emulable\/#breadcrumb","itemListElement":[{"@type":"ListItem","position":1,"name":"Portada","item":"https:\/\/laredsocial-noticias.com\/wp\/"},{"@type":"ListItem","position":2,"name":"GOBIERNO DE CALIDAD \/La obsesi\u00f3n emulable"}]},{"@type":"WebSite","@id":"https:\/\/laredsocial-noticias.com\/wp\/#website","url":"https:\/\/laredsocial-noticias.com\/wp\/","name":"NOTICIAS","description":"Lo que se ve y se dice en las redes sociales","potentialAction":[{"@type":"SearchAction","target":{"@type":"EntryPoint","urlTemplate":"https:\/\/laredsocial-noticias.com\/wp\/?s={search_term_string}"},"query-input":{"@type":"PropertyValueSpecification","valueRequired":true,"valueName":"search_term_string"}}],"inLanguage":"es"},{"@type":"Person","@id":"https:\/\/laredsocial-noticias.com\/wp\/#\/schema\/person\/0ce78643f2de7aae6f6ef10e8453a6e0","name":"Editor en Jefe","url":"https:\/\/laredsocial-noticias.com\/wp\/author\/jorgeochoa\/"}]}},"_links":{"self":[{"href":"https:\/\/laredsocial-noticias.com\/wp\/wp-json\/wp\/v2\/posts\/198480","targetHints":{"allow":["GET"]}}],"collection":[{"href":"https:\/\/laredsocial-noticias.com\/wp\/wp-json\/wp\/v2\/posts"}],"about":[{"href":"https:\/\/laredsocial-noticias.com\/wp\/wp-json\/wp\/v2\/types\/post"}],"author":[{"embeddable":true,"href":"https:\/\/laredsocial-noticias.com\/wp\/wp-json\/wp\/v2\/users\/1"}],"replies":[{"embeddable":true,"href":"https:\/\/laredsocial-noticias.com\/wp\/wp-json\/wp\/v2\/comments?post=198480"}],"version-history":[{"count":1,"href":"https:\/\/laredsocial-noticias.com\/wp\/wp-json\/wp\/v2\/posts\/198480\/revisions"}],"predecessor-version":[{"id":198481,"href":"https:\/\/laredsocial-noticias.com\/wp\/wp-json\/wp\/v2\/posts\/198480\/revisions\/198481"}],"wp:attachment":[{"href":"https:\/\/laredsocial-noticias.com\/wp\/wp-json\/wp\/v2\/media?parent=198480"}],"wp:term":[{"taxonomy":"category","embeddable":true,"href":"https:\/\/laredsocial-noticias.com\/wp\/wp-json\/wp\/v2\/categories?post=198480"},{"taxonomy":"post_tag","embeddable":true,"href":"https:\/\/laredsocial-noticias.com\/wp\/wp-json\/wp\/v2\/tags?post=198480"}],"curies":[{"name":"wp","href":"https:\/\/api.w.org\/{rel}","templated":true}]}}