{"id":19898,"date":"2016-07-28T14:40:09","date_gmt":"2016-07-28T19:40:09","guid":{"rendered":"http:\/\/laredsocial-noticias.com\/wp\/?p=19898"},"modified":"2016-07-28T14:41:05","modified_gmt":"2016-07-28T19:41:05","slug":"legisladores-de-comision-nochixtlan-se-reunen-con-osorio-chong-2","status":"publish","type":"post","link":"https:\/\/laredsocial-noticias.com\/wp\/legisladores-de-comision-nochixtlan-se-reunen-con-osorio-chong-2\/","title":{"rendered":"Legisladores de comisi\u00f3n Nochixtl\u00e1n se re\u00fanen con Osorio Chong"},"content":{"rendered":"<p><strong>CIUDAD DE M\u00c9XICO, 28 de julio, (POLITIQUERIAS \/ C\u00cdRCULO DIGITAL).-\u00a0<\/strong>Legisladores de la Comisi\u00f3n Especial de Seguimiento a los hechos del 19 de junio en Nochixtl\u00e1n, Oaxaca, se re\u00fanen con el secretario de Gobernaci\u00f3n, Miguel \u00c1ngel Osorio Chong, para que les informe sobre las investigaciones del caso.<\/p>\n<div class=\"desarrollo\">\n<p>Los diputados y senadores de las diferentes fuerzas pol\u00edticas representadas en el Congreso de la Uni\u00f3n llegaron casi a las 13:00 horas a la sede de la dependencia en el Palacio de Cobi\u00e1n.<\/p>\n<p>Adem\u00e1s de la senadora panista Mariana G\u00f3mez del Campo, quien la preside, en la instancia participan los senadores Ismael Hern\u00e1ndez Deras y Mar\u00eda Hilaria Dom\u00ednguez Arvizu, as\u00ed como los diputados Mariana Ben\u00edtez Tiburcio y Francisco Escobedo Villegas, todos del Partido Revolucionario Institucional (PRI).<\/p>\n<p>El senador Juan Carlos Romero Hicks y el diputado Federico D\u00f6ring Casar, del Partido Acci\u00f3n Nacional (PAN), tambi\u00e9n forman parte de la comisi\u00f3n, as\u00ed como el senador Fidel Dem\u00e9dicis Hidalgo y el diputado Omar Ortega \u00c1lvarez, del Partido de la Revoluci\u00f3n Democr\u00e1tica (PRD).<\/p>\n<p>Por el Partido Verde Ecologista de M\u00e9xico participa la diputada Jorgina Gaxiola Lezama; por Encuentro Social, Alejandro Gonz\u00e1lez Murillo; por Movimiento Ciudadano, Jos\u00e9 Clemente Casta\u00f1eda Hoeflich; por Nueva Alianza, Francisco Javier Pinto Torres, y por Morena, Virgilio Caballero Pedraza.<\/p>\n<\/div>\n<p>&nbsp;<\/p>\n","protected":false},"excerpt":{"rendered":"<p>CIUDAD DE M\u00c9XICO, 28 de julio, (POLITIQUERIAS \/ C\u00cdRCULO DIGITAL).-\u00a0Legisladores de la Comisi\u00f3n Especial de Seguimiento a los hechos del&#8230;<\/p>\n","protected":false},"author":1,"featured_media":0,"comment_status":"closed","ping_status":"closed","sticky":false,"template":"","format":"standard","meta":{"footnotes":""},"categories":[1796,157,73],"tags":[156,77],"class_list":["post-19898","post","type-post","status-publish","format-standard","hentry","category-circulodigital","category-legislativo","category-principal","tag-legislativo","tag-principal"],"yoast_head":"<!-- This site is optimized with the Yoast SEO plugin v26.5 - https:\/\/yoast.com\/wordpress\/plugins\/seo\/ -->\n<title>Legisladores de comisi\u00f3n Nochixtl\u00e1n se re\u00fanen con Osorio Chong - NOTICIAS<\/title>\n<meta name=\"robots\" content=\"index, follow, max-snippet:-1, max-image-preview:large, max-video-preview:-1\" \/>\n<link rel=\"canonical\" href=\"https:\/\/laredsocial-noticias.com\/wp\/legisladores-de-comision-nochixtlan-se-reunen-con-osorio-chong-2\/\" \/>\n<meta property=\"og:locale\" content=\"es_ES\" \/>\n<meta property=\"og:type\" content=\"article\" \/>\n<meta property=\"og:title\" content=\"Legisladores de comisi\u00f3n Nochixtl\u00e1n se re\u00fanen con Osorio Chong - NOTICIAS\" \/>\n<meta property=\"og:description\" content=\"CIUDAD DE M\u00c9XICO, 28 de julio, (POLITIQUERIAS \/ C\u00cdRCULO DIGITAL).-\u00a0Legisladores de la Comisi\u00f3n Especial de Seguimiento a los hechos del...\" \/>\n<meta property=\"og:url\" content=\"https:\/\/laredsocial-noticias.com\/wp\/legisladores-de-comision-nochixtlan-se-reunen-con-osorio-chong-2\/\" \/>\n<meta property=\"og:site_name\" content=\"NOTICIAS\" \/>\n<meta property=\"article:published_time\" content=\"2016-07-28T19:40:09+00:00\" \/>\n<meta property=\"article:modified_time\" content=\"2016-07-28T19:41:05+00:00\" \/>\n<meta name=\"author\" content=\"Editor en Jefe\" \/>\n<meta name=\"twitter:card\" content=\"summary_large_image\" \/>\n<meta name=\"twitter:label1\" content=\"Escrito por\" \/>\n\t<meta name=\"twitter:data1\" content=\"Editor en Jefe\" \/>\n\t<meta name=\"twitter:label2\" content=\"Tiempo de lectura\" \/>\n\t<meta name=\"twitter:data2\" content=\"1 minuto\" \/>\n<!-- \/ Yoast SEO plugin. -->","yoast_head_json":{"title":"Legisladores de comisi\u00f3n Nochixtl\u00e1n se re\u00fanen con Osorio Chong - NOTICIAS","robots":{"index":"index","follow":"follow","max-snippet":"max-snippet:-1","max-image-preview":"max-image-preview:large","max-video-preview":"max-video-preview:-1"},"canonical":"https:\/\/laredsocial-noticias.com\/wp\/legisladores-de-comision-nochixtlan-se-reunen-con-osorio-chong-2\/","og_locale":"es_ES","og_type":"article","og_title":"Legisladores de comisi\u00f3n Nochixtl\u00e1n se re\u00fanen con Osorio Chong - NOTICIAS","og_description":"CIUDAD DE M\u00c9XICO, 28 de julio, (POLITIQUERIAS \/ C\u00cdRCULO DIGITAL).-\u00a0Legisladores de la Comisi\u00f3n Especial de Seguimiento a los hechos del...","og_url":"https:\/\/laredsocial-noticias.com\/wp\/legisladores-de-comision-nochixtlan-se-reunen-con-osorio-chong-2\/","og_site_name":"NOTICIAS","article_published_time":"2016-07-28T19:40:09+00:00","article_modified_time":"2016-07-28T19:41:05+00:00","author":"Editor en Jefe","twitter_card":"summary_large_image","twitter_misc":{"Escrito por":"Editor en Jefe","Tiempo de lectura":"1 minuto"},"schema":{"@context":"https:\/\/schema.org","@graph":[{"@type":"WebPage","@id":"https:\/\/laredsocial-noticias.com\/wp\/legisladores-de-comision-nochixtlan-se-reunen-con-osorio-chong-2\/","url":"https:\/\/laredsocial-noticias.com\/wp\/legisladores-de-comision-nochixtlan-se-reunen-con-osorio-chong-2\/","name":"Legisladores de comisi\u00f3n Nochixtl\u00e1n se re\u00fanen con Osorio Chong - NOTICIAS","isPartOf":{"@id":"https:\/\/laredsocial-noticias.com\/wp\/#website"},"datePublished":"2016-07-28T19:40:09+00:00","dateModified":"2016-07-28T19:41:05+00:00","author":{"@id":"https:\/\/laredsocial-noticias.com\/wp\/#\/schema\/person\/0ce78643f2de7aae6f6ef10e8453a6e0"},"breadcrumb":{"@id":"https:\/\/laredsocial-noticias.com\/wp\/legisladores-de-comision-nochixtlan-se-reunen-con-osorio-chong-2\/#breadcrumb"},"inLanguage":"es","potentialAction":[{"@type":"ReadAction","target":["https:\/\/laredsocial-noticias.com\/wp\/legisladores-de-comision-nochixtlan-se-reunen-con-osorio-chong-2\/"]}]},{"@type":"BreadcrumbList","@id":"https:\/\/laredsocial-noticias.com\/wp\/legisladores-de-comision-nochixtlan-se-reunen-con-osorio-chong-2\/#breadcrumb","itemListElement":[{"@type":"ListItem","position":1,"name":"Portada","item":"https:\/\/laredsocial-noticias.com\/wp\/"},{"@type":"ListItem","position":2,"name":"Legisladores de comisi\u00f3n Nochixtl\u00e1n se re\u00fanen con Osorio Chong"}]},{"@type":"WebSite","@id":"https:\/\/laredsocial-noticias.com\/wp\/#website","url":"https:\/\/laredsocial-noticias.com\/wp\/","name":"NOTICIAS","description":"Lo que se ve y se dice en las redes sociales","potentialAction":[{"@type":"SearchAction","target":{"@type":"EntryPoint","urlTemplate":"https:\/\/laredsocial-noticias.com\/wp\/?s={search_term_string}"},"query-input":{"@type":"PropertyValueSpecification","valueRequired":true,"valueName":"search_term_string"}}],"inLanguage":"es"},{"@type":"Person","@id":"https:\/\/laredsocial-noticias.com\/wp\/#\/schema\/person\/0ce78643f2de7aae6f6ef10e8453a6e0","name":"Editor en Jefe","url":"https:\/\/laredsocial-noticias.com\/wp\/author\/jorgeochoa\/"}]}},"_links":{"self":[{"href":"https:\/\/laredsocial-noticias.com\/wp\/wp-json\/wp\/v2\/posts\/19898","targetHints":{"allow":["GET"]}}],"collection":[{"href":"https:\/\/laredsocial-noticias.com\/wp\/wp-json\/wp\/v2\/posts"}],"about":[{"href":"https:\/\/laredsocial-noticias.com\/wp\/wp-json\/wp\/v2\/types\/post"}],"author":[{"embeddable":true,"href":"https:\/\/laredsocial-noticias.com\/wp\/wp-json\/wp\/v2\/users\/1"}],"replies":[{"embeddable":true,"href":"https:\/\/laredsocial-noticias.com\/wp\/wp-json\/wp\/v2\/comments?post=19898"}],"version-history":[{"count":1,"href":"https:\/\/laredsocial-noticias.com\/wp\/wp-json\/wp\/v2\/posts\/19898\/revisions"}],"predecessor-version":[{"id":19899,"href":"https:\/\/laredsocial-noticias.com\/wp\/wp-json\/wp\/v2\/posts\/19898\/revisions\/19899"}],"wp:attachment":[{"href":"https:\/\/laredsocial-noticias.com\/wp\/wp-json\/wp\/v2\/media?parent=19898"}],"wp:term":[{"taxonomy":"category","embeddable":true,"href":"https:\/\/laredsocial-noticias.com\/wp\/wp-json\/wp\/v2\/categories?post=19898"},{"taxonomy":"post_tag","embeddable":true,"href":"https:\/\/laredsocial-noticias.com\/wp\/wp-json\/wp\/v2\/tags?post=19898"}],"curies":[{"name":"wp","href":"https:\/\/api.w.org\/{rel}","templated":true}]}}