{"id":199785,"date":"2023-07-06T15:10:46","date_gmt":"2023-07-06T20:10:46","guid":{"rendered":"https:\/\/laredsocial-noticias.com\/wp\/?p=199785"},"modified":"2023-07-06T13:19:49","modified_gmt":"2023-07-06T19:19:49","slug":"tiran-la-mananera-de-youtube-por-violar-derechos-de-autor","status":"publish","type":"post","link":"https:\/\/laredsocial-noticias.com\/wp\/tiran-la-mananera-de-youtube-por-violar-derechos-de-autor\/","title":{"rendered":"\u2018Tiran\u2019 la ma\u00f1anera de Youtube por violar derechos de autor"},"content":{"rendered":"<p>La conferencia ma\u00f1anera del presidente Andr\u00e9s Manuel L\u00f3pez Obrador de hoy fue retirada de los canales de Gobierno de M\u00e9xico y el personal de AMLO por violar los derechos de autor en YouTube.<\/p>\n<p>Cabe recordar que al finalizar la conferencia, el jefe del Ejecutivo federal reprodujo la canci\u00f3n\u00a0\u201cUnX100to\u201d\u00a0de Grupo Frontera con Bad Bunny.<\/p>\n<p>En su conferencia, L\u00f3pez Obrador asegur\u00f3 que a las\u00a0ma\u00f1aneras ya les queda poco m\u00e1s del uno por ciento, en referencia al fin del sexenio.<\/p>\n<p>\u201cEn las conferencias ya les queda uno por ciento, ya se nos est\u00e1 acortando el tiempo, el porcentaje, pero todav\u00eda nos queda un poco m\u00e1s de uno por ciento\u201d, dijo.<\/p>\n<p>Luego reprodujo la canci\u00f3n, que cuenta con derechos de autor.<\/p>\n<p>\u201cVideo no disponible. Este video incluye contenido de The Orchard Music, que lo bloque\u00f3 por motivos relacionados con los derechos de autor\u201d,\u00a0se muestra en el canal de Youtube.<\/p>\n<p>No es la primera vez que AMLO presenta canciones de otros artistas durante \u201cla ma\u00f1anera\u201d que al ser trasmitida por Youtube, recae en violaciones a los derechos de autor.<\/p>\n","protected":false},"excerpt":{"rendered":"<p>La conferencia ma\u00f1anera del presidente Andr\u00e9s Manuel L\u00f3pez Obrador de hoy fue retirada de los canales de Gobierno de M\u00e9xico&#8230;<\/p>\n","protected":false},"author":1,"featured_media":0,"comment_status":"open","ping_status":"closed","sticky":false,"template":"","format":"standard","meta":{"footnotes":""},"categories":[78,6026],"tags":[4959,77],"class_list":["post-199785","post","type-post","status-publish","format-standard","hentry","category-nacional","category-portada","tag-featured","tag-principal"],"yoast_head":"<!-- This site is optimized with the Yoast SEO plugin v26.5 - https:\/\/yoast.com\/wordpress\/plugins\/seo\/ -->\n<title>\u2018Tiran\u2019 la ma\u00f1anera de Youtube por violar derechos de autor - NOTICIAS<\/title>\n<meta name=\"robots\" content=\"index, follow, max-snippet:-1, max-image-preview:large, max-video-preview:-1\" \/>\n<link rel=\"canonical\" href=\"https:\/\/laredsocial-noticias.com\/wp\/tiran-la-mananera-de-youtube-por-violar-derechos-de-autor\/\" \/>\n<meta property=\"og:locale\" content=\"es_ES\" \/>\n<meta property=\"og:type\" content=\"article\" \/>\n<meta property=\"og:title\" content=\"\u2018Tiran\u2019 la ma\u00f1anera de Youtube por violar derechos de autor - NOTICIAS\" \/>\n<meta property=\"og:description\" content=\"La conferencia ma\u00f1anera del presidente Andr\u00e9s Manuel L\u00f3pez Obrador de hoy fue retirada de los canales de Gobierno de M\u00e9xico...\" \/>\n<meta property=\"og:url\" content=\"https:\/\/laredsocial-noticias.com\/wp\/tiran-la-mananera-de-youtube-por-violar-derechos-de-autor\/\" \/>\n<meta property=\"og:site_name\" content=\"NOTICIAS\" \/>\n<meta property=\"article:published_time\" content=\"2023-07-06T20:10:46+00:00\" \/>\n<meta property=\"og:image\" content=\"https:\/\/laredsocial-noticias.com\/wp\/wp-content\/uploads\/2023\/07\/Youtube-AMLO.jpeg\" \/>\n\t<meta property=\"og:image:width\" content=\"1280\" \/>\n\t<meta property=\"og:image:height\" content=\"720\" \/>\n\t<meta property=\"og:image:type\" content=\"image\/jpeg\" \/>\n<meta name=\"author\" content=\"Editor en Jefe\" \/>\n<meta name=\"twitter:card\" content=\"summary_large_image\" \/>\n<meta name=\"twitter:label1\" content=\"Escrito por\" \/>\n\t<meta name=\"twitter:data1\" content=\"Editor en Jefe\" \/>\n\t<meta name=\"twitter:label2\" content=\"Tiempo de lectura\" \/>\n\t<meta name=\"twitter:data2\" content=\"1 minuto\" \/>\n<!-- \/ Yoast SEO plugin. -->","yoast_head_json":{"title":"\u2018Tiran\u2019 la ma\u00f1anera de Youtube por violar derechos de autor - NOTICIAS","robots":{"index":"index","follow":"follow","max-snippet":"max-snippet:-1","max-image-preview":"max-image-preview:large","max-video-preview":"max-video-preview:-1"},"canonical":"https:\/\/laredsocial-noticias.com\/wp\/tiran-la-mananera-de-youtube-por-violar-derechos-de-autor\/","og_locale":"es_ES","og_type":"article","og_title":"\u2018Tiran\u2019 la ma\u00f1anera de Youtube por violar derechos de autor - NOTICIAS","og_description":"La conferencia ma\u00f1anera del presidente Andr\u00e9s Manuel L\u00f3pez Obrador de hoy fue retirada de los canales de Gobierno de M\u00e9xico...","og_url":"https:\/\/laredsocial-noticias.com\/wp\/tiran-la-mananera-de-youtube-por-violar-derechos-de-autor\/","og_site_name":"NOTICIAS","article_published_time":"2023-07-06T20:10:46+00:00","og_image":[{"width":1280,"height":720,"url":"https:\/\/laredsocial-noticias.com\/wp\/wp-content\/uploads\/2023\/07\/Youtube-AMLO.jpeg","type":"image\/jpeg"}],"author":"Editor en Jefe","twitter_card":"summary_large_image","twitter_misc":{"Escrito por":"Editor en Jefe","Tiempo de lectura":"1 minuto"},"schema":{"@context":"https:\/\/schema.org","@graph":[{"@type":"WebPage","@id":"https:\/\/laredsocial-noticias.com\/wp\/tiran-la-mananera-de-youtube-por-violar-derechos-de-autor\/","url":"https:\/\/laredsocial-noticias.com\/wp\/tiran-la-mananera-de-youtube-por-violar-derechos-de-autor\/","name":"\u2018Tiran\u2019 la ma\u00f1anera de Youtube por violar derechos de autor - NOTICIAS","isPartOf":{"@id":"https:\/\/laredsocial-noticias.com\/wp\/#website"},"datePublished":"2023-07-06T20:10:46+00:00","author":{"@id":"https:\/\/laredsocial-noticias.com\/wp\/#\/schema\/person\/0ce78643f2de7aae6f6ef10e8453a6e0"},"breadcrumb":{"@id":"https:\/\/laredsocial-noticias.com\/wp\/tiran-la-mananera-de-youtube-por-violar-derechos-de-autor\/#breadcrumb"},"inLanguage":"es","potentialAction":[{"@type":"ReadAction","target":["https:\/\/laredsocial-noticias.com\/wp\/tiran-la-mananera-de-youtube-por-violar-derechos-de-autor\/"]}]},{"@type":"BreadcrumbList","@id":"https:\/\/laredsocial-noticias.com\/wp\/tiran-la-mananera-de-youtube-por-violar-derechos-de-autor\/#breadcrumb","itemListElement":[{"@type":"ListItem","position":1,"name":"Portada","item":"https:\/\/laredsocial-noticias.com\/wp\/"},{"@type":"ListItem","position":2,"name":"\u2018Tiran\u2019 la ma\u00f1anera de Youtube por violar derechos de autor"}]},{"@type":"WebSite","@id":"https:\/\/laredsocial-noticias.com\/wp\/#website","url":"https:\/\/laredsocial-noticias.com\/wp\/","name":"NOTICIAS","description":"Lo que se ve y se dice en las redes sociales","potentialAction":[{"@type":"SearchAction","target":{"@type":"EntryPoint","urlTemplate":"https:\/\/laredsocial-noticias.com\/wp\/?s={search_term_string}"},"query-input":{"@type":"PropertyValueSpecification","valueRequired":true,"valueName":"search_term_string"}}],"inLanguage":"es"},{"@type":"Person","@id":"https:\/\/laredsocial-noticias.com\/wp\/#\/schema\/person\/0ce78643f2de7aae6f6ef10e8453a6e0","name":"Editor en Jefe","url":"https:\/\/laredsocial-noticias.com\/wp\/author\/jorgeochoa\/"}]}},"_links":{"self":[{"href":"https:\/\/laredsocial-noticias.com\/wp\/wp-json\/wp\/v2\/posts\/199785","targetHints":{"allow":["GET"]}}],"collection":[{"href":"https:\/\/laredsocial-noticias.com\/wp\/wp-json\/wp\/v2\/posts"}],"about":[{"href":"https:\/\/laredsocial-noticias.com\/wp\/wp-json\/wp\/v2\/types\/post"}],"author":[{"embeddable":true,"href":"https:\/\/laredsocial-noticias.com\/wp\/wp-json\/wp\/v2\/users\/1"}],"replies":[{"embeddable":true,"href":"https:\/\/laredsocial-noticias.com\/wp\/wp-json\/wp\/v2\/comments?post=199785"}],"version-history":[{"count":1,"href":"https:\/\/laredsocial-noticias.com\/wp\/wp-json\/wp\/v2\/posts\/199785\/revisions"}],"predecessor-version":[{"id":199786,"href":"https:\/\/laredsocial-noticias.com\/wp\/wp-json\/wp\/v2\/posts\/199785\/revisions\/199786"}],"wp:attachment":[{"href":"https:\/\/laredsocial-noticias.com\/wp\/wp-json\/wp\/v2\/media?parent=199785"}],"wp:term":[{"taxonomy":"category","embeddable":true,"href":"https:\/\/laredsocial-noticias.com\/wp\/wp-json\/wp\/v2\/categories?post=199785"},{"taxonomy":"post_tag","embeddable":true,"href":"https:\/\/laredsocial-noticias.com\/wp\/wp-json\/wp\/v2\/tags?post=199785"}],"curies":[{"name":"wp","href":"https:\/\/api.w.org\/{rel}","templated":true}]}}